{"id":29907,"date":"2022-06-14T05:38:14","date_gmt":"2022-06-14T10:38:14","guid":{"rendered":"http:\/\/losperiodistas.com.mx\/portal\/?p=29907"},"modified":"2022-06-14T05:38:16","modified_gmt":"2022-06-14T10:38:16","slug":"las-personas-deben-hacer-uso-etico-y-responsable-de-la-tecnologia-y-redes-sociales-upress","status":"publish","type":"post","link":"https:\/\/losperiodistas.com.mx\/portal\/las-personas-deben-hacer-uso-etico-y-responsable-de-la-tecnologia-y-redes-sociales-upress\/","title":{"rendered":"Las personas deben hacer uso \u00e9tico y responsable de la tecnolog\u00eda y redes sociales | Upress"},"content":{"rendered":"\n<p><\/p>\n\n\n\n<p><em>El formar ciudadanos digitales responsables y conscientes de que sus acciones tienen consecuencias, es fundamental para la buena convivencia social.<\/em><\/p>\n\n\n\n<p><\/p>\n\n\n\n<figure class=\"wp-block-image size-full\"><img fetchpriority=\"high\" decoding=\"async\" width=\"700\" height=\"540\" src=\"https:\/\/losperiodistas.com.mx\/portal\/wp-content\/uploads\/2022\/06\/130622_Educacion.jpeg\" alt=\"\" class=\"wp-image-29908\" srcset=\"https:\/\/losperiodistas.com.mx\/portal\/wp-content\/uploads\/2022\/06\/130622_Educacion.jpeg 700w, https:\/\/losperiodistas.com.mx\/portal\/wp-content\/uploads\/2022\/06\/130622_Educacion-300x231.jpeg 300w\" sizes=\"(max-width: 700px) 100vw, 700px\" \/><figcaption>Foto: Juan M\u00e9ndez<\/figcaption><\/figure>\n\n\n\n<p><\/p>\n\n\n\n<p class=\"has-vivid-cyan-blue-color has-text-color has-medium-font-size\">JUAN M\u00c9NDEZ \/ UPRESS<\/p>\n\n\n\n<p>Ante el escenario social que vivimos actualmente, la educaci\u00f3n es fundamental para promover la concientizaci\u00f3n entre los ciudadanos, que va desde el comportamiento social que la persona tiene en la calle, en el cuidado del medio ambiente, al conducir y evitar la violencia que se ha hecho presente en la sociedad por diversos factores, nos hace pensar como educadores, qu\u00e9 podemos hacer al respecto.<\/p>\n\n\n\n<p>Los educadores y padres de familia tienen un peso espec\u00edfico en la formaci\u00f3n y educaci\u00f3n de ni\u00f1os y j\u00f3venes, adem\u00e1s de exigir la profesionalizaci\u00f3n de los profesores que tienen esta responsabilidad en el campo educativo, manifest\u00f3 Francisco Rosillo Segura, Director de los programas&nbsp;en Profesionalizaci\u00f3n Docente de la UPAEP.<\/p>\n\n\n\n<p>Indic\u00f3 que de acuerdo a estudios de expertos en el campo de la educaci\u00f3n y liderados por Jacques Delors, se hablaba de los cuatro pilares que son necesarios para fomentar para la educaci\u00f3n del siglo XXI, en su reporte denominado \u201cLa educaci\u00f3n es un tesoro\u201d, el aprender a conocer, el aprender a hacer, el aprender a convivir y el aprender a ser y por consecuencia, la educaci\u00f3n tiene que estar trabajando en estos cuatro pilares.<\/p>\n\n\n\n<p>Rosillo Segura, apunt\u00f3 que la educaci\u00f3n para la ciudadan\u00eda se ha definido como el sentido de pertenencia que se desarrolla en una comunidad haciendo hincapi\u00e9 en la interdependencia entre varias disciplinas como la econom\u00eda, la sociolog\u00eda, la pol\u00edtica, la cultura y entre las interconexiones de los niveles locales, nacionales y globales, y en ese sentido, se espera que la educaci\u00f3n pueda contribuir para que en estos procesos de convivencia, de desarrollo y aprendizaje, se logre una sociedad m\u00e1s justa, pac\u00edfica, tolerante, incluyente, segura y sostenible.<\/p>\n\n\n\n<p>Dijo que se requiere de establecer una pedagog\u00eda que transforme, que permita a los estudiantes resolver problemas persistentes, relacionados con el desarrollo sostenible, con la paz y que concientice a toda la sociedad y humanidad y que tengan presente que existen conflictos entre las personas, que hay problemas como la pobreza, problemas ocasionados por el cambio clim\u00e1tico, la seguridad energ\u00e9tica, la distribuci\u00f3n de la riqueza y todas las formas de desigualdad e injusticia social entre otros problemas que requieren ser atendidos.<\/p>\n\n\n\n<p>Francisco Rosillo, acot\u00f3 que las escuelas y los educadores deben desarrollar procesos de ense\u00f1anza y aprendizaje que permitan la adquisici\u00f3n de los conocimientos, comprensi\u00f3n y pensamiento cr\u00edtico acerca de las cuestiones que afectan a la escuela, a la comunidad, al estado, al pa\u00eds y en general, al mundo desde una perspectiva local.<\/p>\n\n\n\n<p>Manifest\u00f3 que los \u00e1mbitos educativos, la familia, la escuela, los grupos sociales y pol\u00edticos, los medios de comunicaci\u00f3n, todos en conjunto, debemos contribuir a que se comprendan los derechos y las responsabilidades, los problemas y las relaciones entre los sistemas y procesos locales y globales.<\/p>\n\n\n\n<p>De igual forma, dijo que es importante fomentar el conocimiento c\u00edvico, el uso responsable de las tecnolog\u00edas de informaci\u00f3n y la comunicaci\u00f3n, para la toma de decisiones, la soluci\u00f3n de problemas, la negociaci\u00f3n, la consolidaci\u00f3n de la paz y responsabilidad personal y social. Para ello, es importante que la familia y la escuela est\u00e9n involucradas, porque se tiene que seguir aprendiendo y se tiene que seguir formando, de manera conjunta.<\/p>\n\n\n\n<p>Por su parte, Arturo Villanueva Gonz\u00e1lez, Director de la Facultad de Educaci\u00f3n de la UPAEP, expres\u00f3 que las universidades, las escuelas, tienen la vocaci\u00f3n profesional de ser formadores y educadores; pero tambi\u00e9n les compete a los padres de familia, a los ciudadanos y la sociedad en general porque todas las acciones que realizan las personas tiene un efecto social, ya que la educaci\u00f3n tiene un efecto social que no se puede dejar de lado.<\/p>\n\n\n\n<p>Dijo que los ciudadanos en lo individual y en conjunto, son formadores y coformadores, sobre todo, aquellos que tienen una posici\u00f3n de liderazgo en todos los \u00e1mbitos sociales. Y en la UPAEP, contamos con programas en profesionalizaci\u00f3n docente que contribuyen a la formaci\u00f3n de los docentes, como es el caso de la Maestr\u00eda en Pedagog\u00eda, la Maestr\u00eda en Desarrollo Humano y Educativo, para potencializar el crecimiento personal de cada una de las personas en sus diferentes roles; una m\u00e1s, es la Maestr\u00eda en Orientaci\u00f3n y Desarrollo Familiar, atiende todas las tem\u00e1ticas y roles que se dan dentro del n\u00facleo familiar.<\/p>\n\n\n\n<p>Asimismo, dijo que est\u00e1 la Maestr\u00eda en Liderazgo y Gesti\u00f3n Educativa, que est\u00e1 destinada a las personas que ejercen su liderazgo en el \u00e1rea educativa y \u00e1rea social. Tambi\u00e9n est\u00e1 la Maestr\u00eda en Educaci\u00f3n Matem\u00e1tica, que juega un papel importante en el desarrollo del pensamiento l\u00f3gico &#8211; anal\u00edtico que mucha falta nos hace en estos momentos.<\/p>\n\n\n\n<p>En su intervenci\u00f3n, Giovanni Ch\u00e1vez Melo, coordinador de la Maestr\u00eda en Tecnolog\u00eda Educativa de la UPAEP, enfatiz\u00f3 que los medios digitales y en particular el manejo de la tecnolog\u00eda modifica el ser de las sociedades. Manuel Kranzberg, habla del fen\u00f3meno de la revoluci\u00f3n digital en la comunicaci\u00f3n, la colaboraci\u00f3n y las ventajas que proporciona la tecnolog\u00eda. Adem\u00e1s de que, durante la pandemia, la Tecnolog\u00eda permiti\u00f3 seguir trabajando a la distancia y que el proceso de ense\u00f1anza aprendizaje no se interrumpiera de manera abrupta.<\/p>\n\n\n\n<p>Ch\u00e1vez Melo enfatiz\u00f3 que, en este mundo globalizado, es importante analizar c\u00f3mo est\u00e1n aprendiendo los estudiantes, c\u00f3mo est\u00e1n discerniendo toda la informaci\u00f3n que reciben del internet, de las redes sociales, c\u00f3mo descartan lo que es \u00fatil de lo que no sirve, y ah\u00ed es en donde los docentes tenemos un trabajo importante, ense\u00f1arle a los alumnos como desarrollar sus competencias ante las exigencias de un mundo globalizado y digitalizado.<\/p>\n\n\n\n<p>Asimismo, coment\u00f3 que se debe hacer un uso \u00e9tico y responsable de la tecnolog\u00eda y las redes sociales por parte de alumnos y docentes, principalmente los maestros que deben estar inmersos en ese contexto digital, para comprender cu\u00e1les son esas acciones, esas actividades que se llevan a cabo.<\/p>\n\n\n\n<p>Por \u00faltimo, dijo que las herramientas para favorecer la comunicaci\u00f3n, la colaboraci\u00f3n, pero tambi\u00e9n con ello viene el tema de la tutor\u00eda en donde los docentes somos acompa\u00f1antes para poder guiar a los estudiantes ante este mundo complejo de una manera integral.<\/p>\n\n\n\n<p>Giovanni Ch\u00e1vez cerr\u00f3 su participaci\u00f3n con esta frase de Kranzberg, \u201cLa tecnolog\u00eda no es buena, ni mala, pero tampoco es neutral\u201d, por lo tanto, dijo que se debe evaluar en cada momento en c\u00f3mo se est\u00e1 utilizando y qui\u00e9n la est\u00e1 utilizando. Porque hay que recordar que la tecnolog\u00eda es una herramienta para la comunicaci\u00f3n, pero que no va a determinar la convivencia, quien lo va a determinar son las personas.<\/p>\n\n\n\n<p>En ese sentido, expres\u00f3 que el formar ciudadanos digitales responsables y conscientes de que sus acciones tienen consecuencias, es fundamental para la buena convivencia social.<\/p>\n\n\n\n<p>Fuente: https:\/\/upress.mx\/secciones\/academia\/9285-las-personas-deben-hacer-uso-etico-y-responsable-de-la-tecnologia-y-redes-sociales<\/p>\n","protected":false},"excerpt":{"rendered":"<p>El formar ciudadanos digitales responsables y conscientes de que sus acciones tienen consecuencias, es fundamental para la buena convivencia social. [&hellip;]<\/p>\n","protected":false},"author":1,"featured_media":29908,"comment_status":"open","ping_status":"open","sticky":false,"template":"","format":"standard","meta":{"site-sidebar-layout":"default","site-content-layout":"","ast-site-content-layout":"default","site-content-style":"default","site-sidebar-style":"default","ast-global-header-display":"","ast-banner-title-visibility":"","ast-main-header-display":"","ast-hfb-above-header-display":"","ast-hfb-below-header-display":"","ast-hfb-mobile-header-display":"","site-post-title":"","ast-breadcrumbs-content":"","ast-featured-img":"","footer-sml-layout":"","theme-transparent-header-meta":"","adv-header-id-meta":"","stick-header-meta":"","header-above-stick-meta":"","header-main-stick-meta":"","header-below-stick-meta":"","astra-migrate-meta-layouts":"default","ast-page-background-enabled":"default","ast-page-background-meta":{"desktop":{"background-color":"var(--ast-global-color-4)","background-image":"","background-repeat":"repeat","background-position":"center center","background-size":"auto","background-attachment":"scroll","background-type":"","background-media":"","overlay-type":"","overlay-color":"","overlay-opacity":"","overlay-gradient":""},"tablet":{"background-color":"","background-image":"","background-repeat":"repeat","background-position":"center center","background-size":"auto","background-attachment":"scroll","background-type":"","background-media":"","overlay-type":"","overlay-color":"","overlay-opacity":"","overlay-gradient":""},"mobile":{"background-color":"","background-image":"","background-repeat":"repeat","background-position":"center center","background-size":"auto","background-attachment":"scroll","background-type":"","background-media":"","overlay-type":"","overlay-color":"","overlay-opacity":"","overlay-gradient":""}},"ast-content-background-meta":{"desktop":{"background-color":"var(--ast-global-color-5)","background-image":"","background-repeat":"repeat","background-position":"center center","background-size":"auto","background-attachment":"scroll","background-type":"","background-media":"","overlay-type":"","overlay-color":"","overlay-opacity":"","overlay-gradient":""},"tablet":{"background-color":"var(--ast-global-color-5)","background-image":"","background-repeat":"repeat","background-position":"center center","background-size":"auto","background-attachment":"scroll","background-type":"","background-media":"","overlay-type":"","overlay-color":"","overlay-opacity":"","overlay-gradient":""},"mobile":{"background-color":"var(--ast-global-color-5)","background-image":"","background-repeat":"repeat","background-position":"center center","background-size":"auto","background-attachment":"scroll","background-type":"","background-media":"","overlay-type":"","overlay-color":"","overlay-opacity":"","overlay-gradient":""}},"footnotes":""},"categories":[8],"tags":[10759,1915,10760,3879],"class_list":["post-29907","post","type-post","status-publish","format-standard","has-post-thumbnail","hentry","category-noticias","tag-ciudadanos-responsables","tag-redes-sociales","tag-tecnologias-digitales","tag-upaep"],"_links":{"self":[{"href":"https:\/\/losperiodistas.com.mx\/portal\/wp-json\/wp\/v2\/posts\/29907","targetHints":{"allow":["GET"]}}],"collection":[{"href":"https:\/\/losperiodistas.com.mx\/portal\/wp-json\/wp\/v2\/posts"}],"about":[{"href":"https:\/\/losperiodistas.com.mx\/portal\/wp-json\/wp\/v2\/types\/post"}],"author":[{"embeddable":true,"href":"https:\/\/losperiodistas.com.mx\/portal\/wp-json\/wp\/v2\/users\/1"}],"replies":[{"embeddable":true,"href":"https:\/\/losperiodistas.com.mx\/portal\/wp-json\/wp\/v2\/comments?post=29907"}],"version-history":[{"count":1,"href":"https:\/\/losperiodistas.com.mx\/portal\/wp-json\/wp\/v2\/posts\/29907\/revisions"}],"predecessor-version":[{"id":29909,"href":"https:\/\/losperiodistas.com.mx\/portal\/wp-json\/wp\/v2\/posts\/29907\/revisions\/29909"}],"wp:featuredmedia":[{"embeddable":true,"href":"https:\/\/losperiodistas.com.mx\/portal\/wp-json\/wp\/v2\/media\/29908"}],"wp:attachment":[{"href":"https:\/\/losperiodistas.com.mx\/portal\/wp-json\/wp\/v2\/media?parent=29907"}],"wp:term":[{"taxonomy":"category","embeddable":true,"href":"https:\/\/losperiodistas.com.mx\/portal\/wp-json\/wp\/v2\/categories?post=29907"},{"taxonomy":"post_tag","embeddable":true,"href":"https:\/\/losperiodistas.com.mx\/portal\/wp-json\/wp\/v2\/tags?post=29907"}],"curies":[{"name":"wp","href":"https:\/\/api.w.org\/{rel}","templated":true}]}}