{"id":29902,"date":"2022-06-14T05:31:53","date_gmt":"2022-06-14T10:31:53","guid":{"rendered":"http:\/\/losperiodistas.com.mx\/portal\/?p=29902"},"modified":"2022-06-14T05:31:55","modified_gmt":"2022-06-14T10:31:55","slug":"linchamientos-en-puebla-una-realidad-desde-canoa-id","status":"publish","type":"post","link":"https:\/\/losperiodistas.com.mx\/portal\/linchamientos-en-puebla-una-realidad-desde-canoa-id\/","title":{"rendered":"Linchamientos en Puebla, una realidad desde Canoa | ID"},"content":{"rendered":"\n<p><em>Seg\u00fan datos del Instituto de Derechos Humanos Ignacio Ellacur\u00eda, SJ (IDHIE) de la IBERO Puebla, el fen\u00f3meno creci\u00f3 en la entidad hasta 460% entre 2015 y 2019 con 600 casos registrados, mismos que han arrojado 78 personas muertas.<\/em><\/p>\n\n\n\n<figure class=\"wp-block-image size-large\"><img fetchpriority=\"high\" decoding=\"async\" width=\"1024\" height=\"584\" src=\"https:\/\/losperiodistas.com.mx\/portal\/wp-content\/uploads\/2022\/06\/linchamiento-acatlan-de-osorio-343877-1655169382576-1655175832036-1024x584.jpg\" alt=\"\" class=\"wp-image-29903\" srcset=\"https:\/\/losperiodistas.com.mx\/portal\/wp-content\/uploads\/2022\/06\/linchamiento-acatlan-de-osorio-343877-1655169382576-1655175832036-1024x584.jpg 1024w, https:\/\/losperiodistas.com.mx\/portal\/wp-content\/uploads\/2022\/06\/linchamiento-acatlan-de-osorio-343877-1655169382576-1655175832036-300x171.jpg 300w, https:\/\/losperiodistas.com.mx\/portal\/wp-content\/uploads\/2022\/06\/linchamiento-acatlan-de-osorio-343877-1655169382576-1655175832036-768x438.jpg 768w, https:\/\/losperiodistas.com.mx\/portal\/wp-content\/uploads\/2022\/06\/linchamiento-acatlan-de-osorio-343877-1655169382576-1655175832036-1536x876.jpg 1536w, https:\/\/losperiodistas.com.mx\/portal\/wp-content\/uploads\/2022\/06\/linchamiento-acatlan-de-osorio-343877-1655169382576-1655175832036.jpg 1919w\" sizes=\"(max-width: 1024px) 100vw, 1024px\" \/><figcaption>Foto: Agencia Enfoque <\/figcaption><\/figure>\n\n\n\n<p><\/p>\n\n\n\n<p class=\"has-vivid-cyan-blue-color has-text-color has-medium-font-size\">JORGE CASTILLO \/ INTOLERANCIA DIARIO<\/p>\n\n\n\n<p>Desde el&nbsp;<strong>14 de septiembre de 1968<\/strong>, el estado de Puebla fue reconocido a nivel nacional como una&nbsp;<em>tierra de linchamientos<\/em>, luego de que estudiantes fueron asesinados por una turba en la junta auxiliar de&nbsp;<strong>San Miguel Canoa<\/strong>, en la capital del estado.<\/p>\n\n\n\n<p>Desde entonces no se han frenado los linchamientos, agudiz\u00e1ndose en los \u00faltimos a\u00f1os, algunos de ellos cobrando relevancia a nivel nacional, como el m\u00e1s reciente de&nbsp;<a href=\"https:\/\/intoleranciadiario.com\/articles\/inseguridad\/2022\/06\/12\/997409-daniel-picazo-linchado-en-huauchinango-ya-no-era-funcionario-en-san-lazaro.html\">Daniel Picazo Hern\u00e1ndez<\/a>, quemado vivo a manos de habitantes de&nbsp;<strong>Papatlazolco<\/strong>, poblado de&nbsp;<strong>Chignahuapan.<\/strong><\/p>\n\n\n\n<p>Seg\u00fan datos del el&nbsp;<strong>Instituto de Derechos Humanos Ignacio Ellacur\u00eda, SJ (IDHIE)&nbsp;<\/strong>de la<strong>&nbsp;IBERO Puebla<\/strong>, el fen\u00f3meno del linchamiento creci\u00f3 en la entidad hasta 460% entre 2015 y 2019 con 600 casos registrados, que han arrojado&nbsp;<strong>78 personas muertas.&nbsp;<\/strong><\/p>\n\n\n\n<p>En lo que va del 2022, en Puebla<strong>&nbsp;se han registrado 11 intentos de linchamiento<\/strong>, en los que se ha podido rescatar a 15 personas y una perdi\u00f3 la vida, seg\u00fan informaci\u00f3n de la&nbsp;<strong>Secretar\u00eda de Gobernaci\u00f3n (Segob) estatal.<\/strong><\/p>\n\n\n\n<p>De acuerdo a la ONG&nbsp;<em>Causa en Com\u00fan<\/em>, Puebla tambi\u00e9n destaca por ser el&nbsp;<strong>cuarto lugar nacional,<\/strong>&nbsp;seg\u00fan linchamientos registrados del 1 de enero al 30 abril de este a\u00f1o.&nbsp;<\/p>\n\n\n\n<h2 class=\"wp-block-heading\"><strong>Ajalpan<\/strong><\/h2>\n\n\n\n<p>Despu\u00e9s de lo ocurrido en Canoa en el a\u00f1o de 1968, casi cincuenta a\u00f1os despu\u00e9s un doble linchamiento&nbsp;<em>cimbrar\u00eda<\/em>&nbsp;no s\u00f3lo a Puebla, sino al pa\u00eds entero.<\/p>\n\n\n\n<p>Ocurri\u00f3 en 2015, cuando&nbsp;<strong>dos encuestadores fueron confundidos por secuestradores<\/strong>, quienes fueron quemados vivos por pobladores del municipio de<strong>&nbsp;Ajalpan<\/strong>.<\/p>\n\n\n\n<p>Fueron asesinados con brutalidad los hermanos Rey David y Jos\u00e9 Abraham, de apellidos&nbsp;<strong>Copado Molina<\/strong>, por una multitud de aproximadamente mil habitantes.<\/p>\n\n\n\n<p>Los golpearon con machetes, palos, piedras y varillas, para despu\u00e9s rociarles gasolina. Estando seminconscientes les prendieron fuego y las v\u00edctimas acabaron calcinados en la plaza p\u00fablica.&nbsp;<\/p>\n\n\n\n<h2 class=\"wp-block-heading\"><strong>Acatl\u00e1n<\/strong><\/h2>\n\n\n\n<p>En 2018, se repetir\u00eda la historia y nuevamente Puebla fue el centro de la atenci\u00f3n nacional por el linchamiento de dos trabajadores acusados de ser&nbsp;<em>robachicos<\/em>&nbsp;en&nbsp;<strong>Acatl\u00e1n de Osorio<\/strong>.<\/p>\n\n\n\n<p>Por encontrarles bebidas alcoh\u00f3licas en su auto fueron sacados de la comandancia por una turba enardecida, para darles muerte, sin que hubiera un se\u00f1alamiento directo de que estuvieran cometiendo un delito grave como el robo de infantes.<\/p>\n\n\n\n<p>Tambi\u00e9n fueron rociados con gasolina para posteriormente prenderles fuego, todo transmitido en vivo por varias cuentas de Facebook de los participantes.<\/p>\n\n\n\n<p>Incluso al lugar lleg\u00f3 la madre de una las v\u00edctimas para rogar que no le hicieran da\u00f1o pues viv\u00edan en el mismo municipio, pero hubo o\u00eddos sordos.&nbsp;<\/p>\n\n\n\n<h2 class=\"wp-block-heading\"><strong>Linchamiento masivo<\/strong><\/h2>\n\n\n\n<p>En agosto del 2019, cinco personas fueron linchadas, entre ellos un menor de edad, adem\u00e1s de otra persona que muri\u00f3 a tiros en la comunidad de&nbsp;<strong>Los Reyes Teolco<\/strong>, del municipio de<strong>&nbsp;Cohuecan.<\/strong><\/p>\n\n\n\n<p>En este caso s\u00ed hubo un intento de secuestro de un agricultor de la comunidad, quien fue soltado por los presuntos maleantes al verse perseguidos.<\/p>\n\n\n\n<p>Fue as\u00ed como alrededor de 30 personas detuvieron a dos delincuentes quienes acabaron colgados de un \u00e1rbol en un paraje de la carretera Los Reyes Teolco &#8211; Cohuecan.<\/p>\n\n\n\n<p>Luego bajaron los cuerpos y los trasladaron a la comandancia para prenderles fuego, mientras otro grupo de vecinos lograba aprehender a dos presuntos c\u00f3mplices m\u00e1s.<\/p>\n\n\n\n<p>Igualmente fueron ahorcados, para luego asesinar tambi\u00e9n a una persona que lleg\u00f3 a preguntar por los detenidos, a quien acusaron de c\u00f3mplice.&nbsp;<\/p>\n\n\n\n<h2 class=\"wp-block-heading\"><strong>Borracho linchado<\/strong><\/h2>\n\n\n\n<p>En agosto del 2020, Manrique \u00abN\u00bb, de 35 a\u00f1os, originario de&nbsp;<strong>Veracruz,<\/strong>&nbsp;muri\u00f3 a manos de pobladores de la junta auxiliar de&nbsp;<strong>San Marcos Tlacoyalco<\/strong>, en&nbsp;<strong>Tlacotepec de Benito Ju\u00e1rez.<\/strong><\/p>\n\n\n\n<p>Esta persona fue encontrada<strong>&nbsp;ingiriendo bebidas embriagantes&nbsp;<\/strong>y alguien lo acus\u00f3 de intentar sustraer a una menor de un domicilio.<\/p>\n\n\n\n<p>De este modo una muchedumbre lo retuvo y golpe\u00f3, pero a\u00fan fue rescatado por elementos policiacos y trasladados a la comandancia, donde llegaron m\u00e1s pobladores para hacerse&nbsp;<em>justicia por propia mano<\/em>.<\/p>\n\n\n\n<p>Al someter a polic\u00edas, lo golpearon con piedras, tubos\u00a0 y palos, para prenderle fuego a su cuerpo una vez que comprobaron que estaba muerto.<\/p>\n\n\n\n<p>Fuente: https:\/\/intoleranciadiario.com\/articles\/especiales\/2022\/06\/13\/997466-linchamientos-en-puebla-una-realidad-desde-canoa.html<\/p>\n","protected":false},"excerpt":{"rendered":"<p>Seg\u00fan datos del Instituto de Derechos Humanos Ignacio Ellacur\u00eda, SJ (IDHIE) de la IBERO Puebla, el fen\u00f3meno creci\u00f3 en la [&hellip;]<\/p>\n","protected":false},"author":1,"featured_media":29903,"comment_status":"open","ping_status":"open","sticky":false,"template":"","format":"standard","meta":{"site-sidebar-layout":"default","site-content-layout":"","ast-site-content-layout":"default","site-content-style":"default","site-sidebar-style":"default","ast-global-header-display":"","ast-banner-title-visibility":"","ast-main-header-display":"","ast-hfb-above-header-display":"","ast-hfb-below-header-display":"","ast-hfb-mobile-header-display":"","site-post-title":"","ast-breadcrumbs-content":"","ast-featured-img":"","footer-sml-layout":"","theme-transparent-header-meta":"","adv-header-id-meta":"","stick-header-meta":"","header-above-stick-meta":"","header-main-stick-meta":"","header-below-stick-meta":"","astra-migrate-meta-layouts":"default","ast-page-background-enabled":"default","ast-page-background-meta":{"desktop":{"background-color":"var(--ast-global-color-4)","background-image":"","background-repeat":"repeat","background-position":"center center","background-size":"auto","background-attachment":"scroll","background-type":"","background-media":"","overlay-type":"","overlay-color":"","overlay-opacity":"","overlay-gradient":""},"tablet":{"background-color":"","background-image":"","background-repeat":"repeat","background-position":"center center","background-size":"auto","background-attachment":"scroll","background-type":"","background-media":"","overlay-type":"","overlay-color":"","overlay-opacity":"","overlay-gradient":""},"mobile":{"background-color":"","background-image":"","background-repeat":"repeat","background-position":"center center","background-size":"auto","background-attachment":"scroll","background-type":"","background-media":"","overlay-type":"","overlay-color":"","overlay-opacity":"","overlay-gradient":""}},"ast-content-background-meta":{"desktop":{"background-color":"var(--ast-global-color-5)","background-image":"","background-repeat":"repeat","background-position":"center center","background-size":"auto","background-attachment":"scroll","background-type":"","background-media":"","overlay-type":"","overlay-color":"","overlay-opacity":"","overlay-gradient":""},"tablet":{"background-color":"var(--ast-global-color-5)","background-image":"","background-repeat":"repeat","background-position":"center center","background-size":"auto","background-attachment":"scroll","background-type":"","background-media":"","overlay-type":"","overlay-color":"","overlay-opacity":"","overlay-gradient":""},"mobile":{"background-color":"var(--ast-global-color-5)","background-image":"","background-repeat":"repeat","background-position":"center center","background-size":"auto","background-attachment":"scroll","background-type":"","background-media":"","overlay-type":"","overlay-color":"","overlay-opacity":"","overlay-gradient":""}},"footnotes":""},"categories":[8],"tags":[10758,10756,10757],"class_list":["post-29902","post","type-post","status-publish","format-standard","has-post-thumbnail","hentry","category-noticias","tag-causa-comun","tag-linchamientos-puebla","tag-ong"],"_links":{"self":[{"href":"https:\/\/losperiodistas.com.mx\/portal\/wp-json\/wp\/v2\/posts\/29902","targetHints":{"allow":["GET"]}}],"collection":[{"href":"https:\/\/losperiodistas.com.mx\/portal\/wp-json\/wp\/v2\/posts"}],"about":[{"href":"https:\/\/losperiodistas.com.mx\/portal\/wp-json\/wp\/v2\/types\/post"}],"author":[{"embeddable":true,"href":"https:\/\/losperiodistas.com.mx\/portal\/wp-json\/wp\/v2\/users\/1"}],"replies":[{"embeddable":true,"href":"https:\/\/losperiodistas.com.mx\/portal\/wp-json\/wp\/v2\/comments?post=29902"}],"version-history":[{"count":1,"href":"https:\/\/losperiodistas.com.mx\/portal\/wp-json\/wp\/v2\/posts\/29902\/revisions"}],"predecessor-version":[{"id":29906,"href":"https:\/\/losperiodistas.com.mx\/portal\/wp-json\/wp\/v2\/posts\/29902\/revisions\/29906"}],"wp:featuredmedia":[{"embeddable":true,"href":"https:\/\/losperiodistas.com.mx\/portal\/wp-json\/wp\/v2\/media\/29903"}],"wp:attachment":[{"href":"https:\/\/losperiodistas.com.mx\/portal\/wp-json\/wp\/v2\/media?parent=29902"}],"wp:term":[{"taxonomy":"category","embeddable":true,"href":"https:\/\/losperiodistas.com.mx\/portal\/wp-json\/wp\/v2\/categories?post=29902"},{"taxonomy":"post_tag","embeddable":true,"href":"https:\/\/losperiodistas.com.mx\/portal\/wp-json\/wp\/v2\/tags?post=29902"}],"curies":[{"name":"wp","href":"https:\/\/api.w.org\/{rel}","templated":true}]}}