{"id":2990,"date":"2021-01-05T04:30:52","date_gmt":"2021-01-05T10:30:52","guid":{"rendered":"http:\/\/losperiodistas.com.mx\/portal\/?p=2990"},"modified":"2021-01-05T04:30:52","modified_gmt":"2021-01-05T10:30:52","slug":"un-drive-in-en-un-campo-de-futbol-asi-vacuna-israel-contra-la-covid-sin-bajarse-del-coche-el-espanol","status":"publish","type":"post","link":"https:\/\/losperiodistas.com.mx\/portal\/un-drive-in-en-un-campo-de-futbol-asi-vacuna-israel-contra-la-covid-sin-bajarse-del-coche-el-espanol\/","title":{"rendered":"Un &#8216;drive-in&#8217; en un campo de f\u00fatbol: as\u00ed vacuna Israel contra la Covid sin bajarse del coche | El Espa\u00f1ol"},"content":{"rendered":"\n<p style=\"font-size:18px\"><em>Con m\u00e1s de un mill\u00f3n de personas inmunizadas en un pa\u00eds de 9 millones de habitantes, Israel es el l\u00edder mundial de la vacunaci\u00f3n contra la Covid-19.\u00a0<\/em><\/p>\n\n\n\n<p class=\"has-vivid-cyan-blue-color has-text-color\">I.Z. \/ EL ESPA\u00d1OL<\/p>\n\n\n\n<p id=\"paragraph_1\">Vacunaci\u00f3n r\u00e1pida y masiva. Ese es el plan que est\u00e1 poniendo en marcha&nbsp;<strong>Israel<\/strong>&nbsp;para olvidar cuanto antes la&nbsp;<strong>pandemia<\/strong>&nbsp;<strong>del<\/strong>&nbsp;<strong>coronavirus<\/strong>. De hecho, m\u00e1s de un mill\u00f3n de personas han sido ya&nbsp;<strong>inmunizadas<\/strong>&nbsp;en el pa\u00eds, que cuenta con&nbsp;<strong>9 millones<\/strong>&nbsp;de habitantes. Una&nbsp;<strong>cifra<\/strong><strong>r\u00e9cord<\/strong>&nbsp;alcanzada tan s\u00f3lo dos semanas despu\u00e9s del inicio de la campa\u00f1a.<\/p>\n\n\n\n<p id=\"paragraph_2\">Con estos datos, el pa\u00eds gobernado por\u00a0<strong>Benjamin<\/strong>\u00a0<strong>Netanyahu<\/strong>\u00a0lidera la clasificaci\u00f3n por porcentaje de poblaci\u00f3n vacunada, un 11,55% por ciento. Por detr\u00e1s, y a mucha distancia, est\u00e1n\u00a0<strong>Bahr\u00e9in<\/strong>, con un 3,49% de la poblaci\u00f3n vacunada, y\u00a0<strong>Reino<\/strong>\u00a0<strong>Unido<\/strong>, que llega al 1,47%, seg\u00fan los datos recopilados por\u00a0<a rel=\"noreferrer noopener\" href=\"https:\/\/ourworldindata.org\/covid-vaccinations\" target=\"_blank\">el portal\u00a0<strong>Our World in Data<\/strong><\/a>, vinculado a la\u00a0<strong>Universidad<\/strong>\u00a0<strong>de<\/strong>\u00a0<strong>Oxford<\/strong>.<\/p>\n\n\n\n<p id=\"paragraph_3\">Estos datos se refieren a las personas que han recibido la primera dosis de la vacuna. La gran mayor\u00eda de las vacunas autorizadas requieren de\u00a0<strong>dos<\/strong>\u00a0<strong>dosis<\/strong> administradas con al menos una semana de diferencia.<\/p>\n\n\n\n<figure class=\"wp-block-embed-youtube wp-block-embed is-type-video is-provider-youtube wp-embed-aspect-16-9 wp-has-aspect-ratio\"><div class=\"wp-block-embed__wrapper\">\n<iframe title=\"\u00a1Hermoso! - Drive-In de vacunaci\u00f3n en Israel\" width=\"500\" height=\"281\" src=\"https:\/\/www.youtube.com\/embed\/FLsabc5bbzk?feature=oembed\" frameborder=\"0\" allow=\"accelerometer; autoplay; clipboard-write; encrypted-media; gyroscope; picture-in-picture; web-share\" referrerpolicy=\"strict-origin-when-cross-origin\" allowfullscreen><\/iframe>\n<\/div><\/figure>\n\n\n\n<p>Vacunaci\u00f3n en Israel<\/p>\n\n\n\n<p id=\"paragraph_4\">En comparaci\u00f3n, llama la atenci\u00f3n la estad\u00edstica de\u00a0<strong>Francia<\/strong>, que solo hab\u00eda vacunado a 138 personas hasta el 30 de diciembre, mientras que Estados Unidos son 2,78 millones, una cifra en cualquier caso lejana al objetivo declarado de vacunar a 20 millones de personas antes de que terminara el a\u00f1o.<\/p>\n\n\n\n<h3 class=\"wp-block-heading\">\u00abEs una guerra\u00bb<\/h3>\n\n\n\n<p id=\"paragraph_5\">\u00bfQu\u00e9 est\u00e1 haciendo Israel para convertirse en&nbsp;<strong>ejemplo<\/strong>&nbsp;<strong>mundial<\/strong>&nbsp;para garantizar cuanto antes que su poblaci\u00f3n est\u00e9 protegida frente a la&nbsp;<strong>Covid-19<\/strong>? En primer lugar, hay que tener en cuenta que el pa\u00eds cuenta con&nbsp;<strong>ventajas<\/strong>&nbsp;propias que ayudan en esta particular carrera: Israel es un&nbsp;<strong>pa\u00eds<\/strong><strong>peque\u00f1o<\/strong>&nbsp;que tiene adem\u00e1s un sistema sanitario con una red muy preparada con una amplia experiencia en la gesti\u00f3n de emergencias nacionales.<\/p>\n\n\n\n<p id=\"paragraph_6\">\u201cEst\u00e1n tom\u00e1ndose la campa\u00f1a de vacunaci\u00f3n como&nbsp;<strong>una<\/strong>&nbsp;<strong>guerra<\/strong>, y en este sentido Israel tiene experiencia en batallas\u201d, se\u00f1ala el experto en enfermedades infecciosas&nbsp;<strong>Allon<\/strong>&nbsp;<strong>Moses<\/strong>&nbsp;en declaraciones&nbsp;<a href=\"https:\/\/www.irishtimes.com\/news\/ireland\/irish-news\/it-s-being-treated-like-a-war-israel-s-rapid-covid-19-vaccination-drive-1.4449213\" target=\"_blank\" rel=\"noreferrer noopener\">al peri\u00f3dico&nbsp;<em>Irish<\/em><em>Times<\/em><\/a>. \u201cEsto es muy parecido a una batalla militar: tienes un enemigo, la munici\u00f3n adecuada y s\u00f3lo tienes que administrarla\u201d.<\/p>\n\n\n\n<p id=\"paragraph_7\">De hecho, algunas aseguradoras, como la&nbsp;<strong>Cooperativa de Salud Maccabi<\/strong>, han creado hasta un&nbsp;<em>drive-in<\/em>&nbsp;de vacunaci\u00f3n para que los ciudadanos entren con su veh\u00edculo, se vacunen y puedan volver a casa.<\/p>\n\n\n\n<p id=\"paragraph_8\">\u00abHemos desplegado un recinto de vacunaci\u00f3n en el estadio Samy Ofer de Haifa con 10 rutas para que entren los coches y 22 puestos de vacunaci\u00f3n, con un amplio equipo de enfermeras y constante control por parte de distintos m\u00e9dicos\u00bb, explica la aseguradora en un&nbsp;<strong>v\u00eddeo<\/strong>&nbsp;<strong>promocional<\/strong>.&nbsp;<\/p>\n\n\n\n<p id=\"paragraph_9\">\u00abVamos a hacer historia, vacun\u00e9monos en el drive del corona. Orgullo israel\u00ed\u00bb, finaliza el spot de Maccabi.<\/p>\n\n\n\n<p id=\"paragraph_10\">\u00abEs hermoso ver que en Israel ponen en funcionamiento un lugar as\u00ed. Nos hemos emocionado mucho\u00bb, dicen varios pacientes ya inmunizados. \u00abQueremos libertad, viajar y disfrutar\u00bb.<\/p>\n\n\n\n<h3 class=\"wp-block-heading\">Poblaci\u00f3n \u00e1rabe<\/h3>\n\n\n\n<p id=\"paragraph_11\">El ritmo actual dejar\u00eda sin suministros al pa\u00eds el 10 de enero y el Ministerio de Sanidad adelant\u00f3 una previsible suspensi\u00f3n de la primera dosis a fin de garantizar la segunda que necesitan los ya inoculados para completar el proceso.<\/p>\n\n\n\n<p id=\"paragraph_12\">Este mes llegar\u00e1n otros tres millones de dosis de Pfizer y en marzo y abril Israel recibir\u00e1 una cantidad similar de dosis m\u00e1s, lo que elevar\u00e1 el total a diez millones, suficiente para vacunar a cinco millones de residentes, dos por persona.<\/p>\n\n\n\n<p id=\"paragraph_13\">La campa\u00f1a de vacunaci\u00f3n en las localidades \u00e1rabes de Israel ha ido m\u00e1s despacio que en el resto del pa\u00eds y el 1 de enero Netanyahu y el ministro de Sanidad,&nbsp;<strong>Yuli<\/strong>&nbsp;<strong>Edelstein<\/strong>, acudieron al centro de Um al Fahm, donde el residente&nbsp;<strong>Yabarin<\/strong>&nbsp;<strong>Mohamad<\/strong>, de 66 a\u00f1os, fue el n\u00famero un mill\u00f3n en ser inoculado en el pa\u00eds.<\/p>\n\n\n\n<p id=\"paragraph_14\">\u00abEs importante para m\u00ed que la poblaci\u00f3n \u00e1rabe se vacune r\u00e1pidamente. Lo es porque salva vidas y solo as\u00ed podremos volver a la vida normal\u00bb, dijo Netanyahu.<\/p>\n\n\n\n<p id=\"paragraph_15\">\u00ab(Israel) ser\u00e1 el primer pa\u00eds del mundo en ser vacunado. Este es un&nbsp;<strong>gran<\/strong><strong>logro<\/strong>. Dentro de unos meses, podremos decir<strong>&nbsp;<em>Hasta la vista<\/em>&nbsp;al coronavirus<\/strong>\u00ab, apunt\u00f3 en espa\u00f1ol el titular de Sanidad, \u00aby volver a la normalidad\u00bb, pronostic\u00f3.<\/p>\n\n\n\n<p id=\"paragraph_16\">\u00abEstamos todos juntos en esto.&nbsp;<strong>No hay diferencia entre jud\u00edos y \u00e1rabes, religiosos y laicos<\/strong>. Mientras no tengamos \u00e9xito en llegar a un gran n\u00famero de personas vacunadas, no podremos ir a los lugares que son tan importantes para todos nosotros\u00bb, argument\u00f3 Edelstein.<br><img decoding=\"async\" src=\"https:\/\/s1.eestatic.com\/2021\/01\/04\/actualidad\/548706675_168855460_1024x576.jpg\" srcset=\"https:\/\/s1.eestatic.com\/2021\/01\/04\/actualidad\/548706675_168855463_320x180.jpg 320w, https:\/\/s1.eestatic.com\/2021\/01\/04\/actualidad\/548706675_168855462_640x360.jpg 640w, https:\/\/s1.eestatic.com\/2021\/01\/04\/actualidad\/548706675_168855461_864x486.jpg 864w, https:\/\/s1.eestatic.com\/2021\/01\/04\/actualidad\/548706675_168855460_1024x576.jpg 1024w, https:\/\/s1.eestatic.com\/2021\/01\/04\/actualidad\/548706675_168855459_1706x960.jpg 1706w\" alt=\"Una trabajadora sanitaria con una dosis de la vacuna en Israel.\"><\/p>\n\n\n\n<p>Una trabajadora sanitaria con una dosis de la vacuna en Israel.&nbsp;Reuters<\/p>\n\n\n\n<h3 class=\"wp-block-heading\">\u00abNacionalismo de vacunas\u00bb<\/h3>\n\n\n\n<p id=\"paragraph_18\">Pero no todos ven con buenos ojos la campa\u00f1a de vacunaci\u00f3n israel\u00ed. \u201cEl nacionalismo de vacunas no solo es injusto, sino que adem\u00e1s es contraproducente. Ning\u00fan pa\u00eds estar\u00e1 a salvo de la&nbsp;<strong>Covid-19<\/strong>&nbsp;hasta que todos los pa\u00edses est\u00e9n a salvo de ella\u201d. As\u00ed de contundente se mostr\u00f3 el secretario general de la ONU,&nbsp;<strong>Ant\u00f3nio<\/strong>&nbsp;<strong>Guterres<\/strong>, que cargaba contra pa\u00edses como Israel por intentar acaparar el mayor n\u00famero de dosis de los f\u00e1rmacos contra el coronavirus.<\/p>\n\n\n\n<p id=\"paragraph_19\">Israel se encuentra actualmente en un tercer confinamiento nacional y el pasado jueves super\u00f3 los 5.800 contagios diarios, con la esperanza de que la campa\u00f1a de vacunaci\u00f3n ponga fin no solo a la tercera ola, sino tambi\u00e9n a la pandemia.<\/p>\n\n\n\n<p id=\"paragraph_20\"><strong>Sanidad<\/strong>&nbsp;espera que la campa\u00f1a de vacunaci\u00f3n se refleje en los datos de mortalidad en alrededor de un mes y medio.<\/p>\n\n\n\n<p id=\"paragraph_21\">M\u00e1s de 678 pacientes est\u00e1n actualmente graves, 178 de ellos conectados a respiradores, y 3.338 personas han muerto desde marzo.\u00a0\u00a0<\/p>\n\n\n\n<p>Fuente: https:\/\/www.elespanol.com\/mundo\/20210105\/drive-in-futbol-vacuna-israel-covid-sin-bajarse\/548696209_0.html<\/p>\n","protected":false},"excerpt":{"rendered":"<p>Con m\u00e1s de un mill\u00f3n de personas inmunizadas en un pa\u00eds de 9 millones de habitantes, Israel es el l\u00edder [&hellip;]<\/p>\n","protected":false},"author":1,"featured_media":2991,"comment_status":"open","ping_status":"open","sticky":false,"template":"","format":"standard","meta":{"site-sidebar-layout":"default","site-content-layout":"","ast-site-content-layout":"default","site-content-style":"default","site-sidebar-style":"default","ast-global-header-display":"","ast-banner-title-visibility":"","ast-main-header-display":"","ast-hfb-above-header-display":"","ast-hfb-below-header-display":"","ast-hfb-mobile-header-display":"","site-post-title":"","ast-breadcrumbs-content":"","ast-featured-img":"","footer-sml-layout":"","theme-transparent-header-meta":"","adv-header-id-meta":"","stick-header-meta":"","header-above-stick-meta":"","header-main-stick-meta":"","header-below-stick-meta":"","astra-migrate-meta-layouts":"default","ast-page-background-enabled":"default","ast-page-background-meta":{"desktop":{"background-color":"var(--ast-global-color-4)","background-image":"","background-repeat":"repeat","background-position":"center center","background-size":"auto","background-attachment":"scroll","background-type":"","background-media":"","overlay-type":"","overlay-color":"","overlay-opacity":"","overlay-gradient":""},"tablet":{"background-color":"","background-image":"","background-repeat":"repeat","background-position":"center center","background-size":"auto","background-attachment":"scroll","background-type":"","background-media":"","overlay-type":"","overlay-color":"","overlay-opacity":"","overlay-gradient":""},"mobile":{"background-color":"","background-image":"","background-repeat":"repeat","background-position":"center center","background-size":"auto","background-attachment":"scroll","background-type":"","background-media":"","overlay-type":"","overlay-color":"","overlay-opacity":"","overlay-gradient":""}},"ast-content-background-meta":{"desktop":{"background-color":"var(--ast-global-color-5)","background-image":"","background-repeat":"repeat","background-position":"center center","background-size":"auto","background-attachment":"scroll","background-type":"","background-media":"","overlay-type":"","overlay-color":"","overlay-opacity":"","overlay-gradient":""},"tablet":{"background-color":"var(--ast-global-color-5)","background-image":"","background-repeat":"repeat","background-position":"center center","background-size":"auto","background-attachment":"scroll","background-type":"","background-media":"","overlay-type":"","overlay-color":"","overlay-opacity":"","overlay-gradient":""},"mobile":{"background-color":"var(--ast-global-color-5)","background-image":"","background-repeat":"repeat","background-position":"center center","background-size":"auto","background-attachment":"scroll","background-type":"","background-media":"","overlay-type":"","overlay-color":"","overlay-opacity":"","overlay-gradient":""}},"footnotes":""},"categories":[8],"tags":[],"class_list":["post-2990","post","type-post","status-publish","format-standard","has-post-thumbnail","hentry","category-noticias"],"_links":{"self":[{"href":"https:\/\/losperiodistas.com.mx\/portal\/wp-json\/wp\/v2\/posts\/2990","targetHints":{"allow":["GET"]}}],"collection":[{"href":"https:\/\/losperiodistas.com.mx\/portal\/wp-json\/wp\/v2\/posts"}],"about":[{"href":"https:\/\/losperiodistas.com.mx\/portal\/wp-json\/wp\/v2\/types\/post"}],"author":[{"embeddable":true,"href":"https:\/\/losperiodistas.com.mx\/portal\/wp-json\/wp\/v2\/users\/1"}],"replies":[{"embeddable":true,"href":"https:\/\/losperiodistas.com.mx\/portal\/wp-json\/wp\/v2\/comments?post=2990"}],"version-history":[{"count":1,"href":"https:\/\/losperiodistas.com.mx\/portal\/wp-json\/wp\/v2\/posts\/2990\/revisions"}],"predecessor-version":[{"id":2992,"href":"https:\/\/losperiodistas.com.mx\/portal\/wp-json\/wp\/v2\/posts\/2990\/revisions\/2992"}],"wp:featuredmedia":[{"embeddable":true,"href":"https:\/\/losperiodistas.com.mx\/portal\/wp-json\/wp\/v2\/media\/2991"}],"wp:attachment":[{"href":"https:\/\/losperiodistas.com.mx\/portal\/wp-json\/wp\/v2\/media?parent=2990"}],"wp:term":[{"taxonomy":"category","embeddable":true,"href":"https:\/\/losperiodistas.com.mx\/portal\/wp-json\/wp\/v2\/categories?post=2990"},{"taxonomy":"post_tag","embeddable":true,"href":"https:\/\/losperiodistas.com.mx\/portal\/wp-json\/wp\/v2\/tags?post=2990"}],"curies":[{"name":"wp","href":"https:\/\/api.w.org\/{rel}","templated":true}]}}