{"id":29879,"date":"2022-06-13T10:24:28","date_gmt":"2022-06-13T15:24:28","guid":{"rendered":"http:\/\/losperiodistas.com.mx\/portal\/?p=29879"},"modified":"2022-06-13T10:24:30","modified_gmt":"2022-06-13T15:24:30","slug":"morena-no-es-invencible-para-el-2024-eduardo-rivera-oem","status":"publish","type":"post","link":"https:\/\/losperiodistas.com.mx\/portal\/morena-no-es-invencible-para-el-2024-eduardo-rivera-oem\/","title":{"rendered":"Morena no es invencible para el 2024: Eduardo Rivera | OEM"},"content":{"rendered":"\n<p><em>El edil de Puebla marca sus diferencias con el gobernador Barbosa, pero subraya que mantendr\u00e1 el di\u00e1logo y la colaboraci\u00f3n con \u00e9l<\/em><\/p>\n\n\n\n<p><\/p>\n\n\n\n<figure class=\"wp-block-image size-large\"><img fetchpriority=\"high\" decoding=\"async\" width=\"1024\" height=\"702\" src=\"https:\/\/losperiodistas.com.mx\/portal\/wp-content\/uploads\/2022\/06\/Captura-de-Pantalla-2022-06-13-a-las-10.18.17-1024x702.jpg\" alt=\"\" class=\"wp-image-29880\" srcset=\"https:\/\/losperiodistas.com.mx\/portal\/wp-content\/uploads\/2022\/06\/Captura-de-Pantalla-2022-06-13-a-las-10.18.17-1024x702.jpg 1024w, https:\/\/losperiodistas.com.mx\/portal\/wp-content\/uploads\/2022\/06\/Captura-de-Pantalla-2022-06-13-a-las-10.18.17-300x206.jpg 300w, https:\/\/losperiodistas.com.mx\/portal\/wp-content\/uploads\/2022\/06\/Captura-de-Pantalla-2022-06-13-a-las-10.18.17-768x527.jpg 768w, https:\/\/losperiodistas.com.mx\/portal\/wp-content\/uploads\/2022\/06\/Captura-de-Pantalla-2022-06-13-a-las-10.18.17.jpg 1508w\" sizes=\"(max-width: 1024px) 100vw, 1024px\" \/><\/figure>\n\n\n\n<p class=\"has-vivid-cyan-blue-color has-text-color has-medium-font-size\">MARTHA CUAYA \/ EL SOL DE PUEBLA<\/p>\n\n\n\n<p>El&nbsp;<strong>PAN y la alianza de partidos opositores a Morena pueden ganar las elecciones locales del 2024,&nbsp;<\/strong>afirm\u00f3 el presidente municipal de Puebla y militante del blanquiazul, Eduardo Rivera P\u00e9rez.&nbsp;<em>\u201cVa a depender de muchas cosas, pero esa es la magia de la democracia, que la \u00faltima palabra la tienen los ciudadanos y ellos son los que van a decidir el rumbo del estado\u201d,<\/em>&nbsp;abund\u00f3.<\/p>\n\n\n\n<p>Rivera P\u00e9rez hace un corte de caja a ocho meses del arranque de su gobierno.<strong>\u00a0Resalta los avances logrados en la ciudad\u00a0<\/strong>y responde sin limitaciones las preguntas que este diario le hace sobre pol\u00edtica, temas de partido y la relaci\u00f3n con el gobernador Miguel Barbosa, la que pide analizar desde dos planos: el personal y el institucional.<\/p>\n\n\n\n<p><strong><em>\u00bfQu\u00e9 lectura te deja la elecci\u00f3n del pasado 5 de junio en seis estados?, \u00bfMorena es invencible?<\/em><\/strong><\/p>\n\n\n\n<p>Yo creo que no, yo creo siempre en los momentos pol\u00edticos. Por ejemplo, este escenario que analizamos del pasado proceso electoral es que no un partido se lleva todo y otro pierde todo. Yo creo que cada proceso electoral, en cada entidad, es distinto, en cada \u00e9poca, en cada momento. Depende mucho de los candidatos y me parece que habr\u00e1 mucha tela de d\u00f3nde cortar de lo que viene en el futuro pol\u00edtico de nuestro pa\u00eds.<\/p>\n\n\n\n<p><strong><em>\u00bfLa alianza opositora y el PAN pueden ganar Puebla en el 2024?<\/em><\/strong><\/p>\n\n\n\n<p>Indudablemente s\u00ed. Va a depender por supuesto de muchas cosas, pero ese es el proceso electoral y esa es la magia de las campa\u00f1as pol\u00edticas, pero sobre todo la magia de la democracia, que la \u00faltima palabra no la tenemos nosotros como actores pol\u00edticos, o los analistas, o los periodistas, la tienen los ciudadanos, y ellos son los que van a decidir el rumbo del estado, del pa\u00eds, y la opini\u00f3n, la decisi\u00f3n ciudadana es sagrada.<\/p>\n\n\n\n<p><strong><em>\u00bfQu\u00e9 opinas de las etiquetas y de las clasificaciones pol\u00edticas: \u201cderecha\u201d, \u201cizquierda\u201d, \u201cconservadores\u201d, \u201cliberales\u201d, \u201cchairos\u201d, \u201cfif\u00eds\u201d y de todo ese discurso que regres\u00f3 a nuestro pa\u00eds de la mano de la cuatrot\u00e9?<\/em><\/strong><\/p>\n\n\n\n<p>Yo no creo en la geometr\u00eda pol\u00edtica y tampoco creo en los absolutos de estas clasificaciones, pero s\u00ed creo que ha habido una polarizaci\u00f3n que, en mi opini\u00f3n, poco le trae de beneficios al pa\u00eds (\u2026) poco ayuda uno como autoridad en estar generando polarizaci\u00f3n y conflicto con los sectores sociales, ya sea con los ambulantes, con los trabajadores, los empresarios. Yo creo m\u00e1s en una pol\u00edtica de di\u00e1logo, de debate democr\u00e1tico, de la discusi\u00f3n, de la diferencia, pero siempre buscando un punto de encuentro para afrontar los retos (&#8230;) S\u00ed influyen los partidos, pero a la gente en la calle le interesan m\u00e1s las personas y los resultados.<\/p>\n\n\n\n<p><img decoding=\"async\" src=\"https:\/\/www.elsoldepuebla.com.mx\/local\/oq2g9f-el-edil-de-puebla-marca-sus-diferencias-con-el-gobernador-barbosa-pero-subraya-que-mantendra-el-dialogo-y-la-colaboracion-con-el\/alternates\/FREE_720\/El%20edil%20de%20Puebla%20marca%20sus%20diferencias%20con%20el%20gobernador%20Barbosa,%20pero%20subraya%20que%20mantendr%C3%A1%20el%20di%C3%A1logo%20y%20la%20colaboraci%C3%B3n%20con%20%C3%A9l\" alt=\"\"><\/p>\n\n\n\n<h4 class=\"wp-block-heading\">El edil de Puebla marca sus diferencias con el gobernador Barbosa, pero subraya que mantendr\u00e1 el di\u00e1logo y la colaboraci\u00f3n con \u00e9l. Foto: Iv\u00e1n Venegas | El Sol de Puebla<\/h4>\n\n\n\n<p><strong><em>Fuiste postulado por cinco partidos pol\u00edticos, pero eres panista. \u00bfC\u00f3mo defines tu gobierno?, \u00bfes de derecha?<\/em><\/strong><\/p>\n\n\n\n<p>Mi gobierno es un gobierno de coalici\u00f3n y por definici\u00f3n propia yo te dir\u00eda que es un gobierno de centro. Aqu\u00ed en mi gobierno hay personas destacadas del PRI, del PRD, del PAN, de M\u00e9xico Libre (que intent\u00f3 convertirse en partido), de Compromiso por Puebla, del PSI, y la mayor\u00eda es gente sin partido. Yo en verdad creo que s\u00ed es importante la idea, s\u00ed es importante la doctrina, yo tengo mis ideas y mis principios perfectamente claros, pero yo no se los puedo imponer a la sociedad. Lo que la sociedad quiere es que haya buenas gestiones de gobiernos, y gestionar un gobierno son en verdad retos enormes. Tramitar los presupuestos, hacer los proyectos ejecutivos, tomar las decisiones de las obras correctas, y creo que es ah\u00ed donde me parece que debemos poner el acento, m\u00e1s que en el asunto de la geometr\u00eda pol\u00edtica.<\/p>\n\n\n\n<h2 class=\"wp-block-heading\"><strong>EL GOBERNADOR Y YO PENSAMOS Y OPINAMOS DIFERENTE<\/strong><\/h2>\n\n\n\n<p><em><strong>\u00bfQu\u00e9 pas\u00f3 en la relaci\u00f3n con el gobernador Barbosa?<\/strong>\u00a0<strong>Empezaron muy bien, pero hemos visto que las cosas han cambiado.<\/strong><\/em><\/p>\n\n\n\n<p>Yo lo que te dir\u00eda lo pondr\u00eda en dos planos. El primer plano, el personal, que el gobernador y yo hemos tenido una amistad desde hace a\u00f1os. Nos hemos tratado tambi\u00e9n en lo familiar en algunas ocasiones, y podr\u00eda decir eso, que hay una buena relaci\u00f3n de amistad, personal. Hay un reconocimiento (de mi parte), lo veo como un pol\u00edtico profesional, que tiene una experiencia y una trayectoria que \u00e9l mismo ha labrado con el paso de muchos a\u00f1os (&#8230;) nos conocemos desde el a\u00f1o 2000 que coincidimos en la diputaci\u00f3n federal y adem\u00e1s en la propia comisi\u00f3n de Gobernaci\u00f3n.<\/p>\n\n\n\n<p>Pero tambi\u00e9n, hay que decirlo, hay una relaci\u00f3n institucional, en donde \u00e9l tiene una responsabilidad y yo tengo otra. Yo le respeto en ese \u00e1mbito y \u00e9l me respeta en ese \u00e1mbito. Yo no he tenido absolutamente ninguna injerencia del gobernador respecto a mi funci\u00f3n como presidente municipal, y eso se lo reconozco y lo respeto. Pero tambi\u00e9n es importante decirlo: opinamos y pensamos diferente, traemos trayectorias diferentes, y yo no voy a hacer de eso tampoco un pleito, porque lo que se requiere es hacer equipo, y lo que yo he procurado con el gobernador del estado es eso, hacer equipo. Yo siempre estar\u00e9 haciendo ese esfuerzo, de colaboraci\u00f3n, porque los retos que tenemos tanto \u00e9l como yo son muy importantes y tenemos que trabajar en conjunto.<\/p>\n\n\n\n<p><strong><em>\u00bfAtraviesa por un mal momento esta relaci\u00f3n?<\/em><\/strong><\/p>\n\n\n\n<p>No, yo te dir\u00eda que a veces hay opiniones distintas, de hecho \u00e9l ha comentado algunas de manera p\u00fablica. Yo soy respetuoso del estilo de cada persona. El m\u00edo es este, el que me conoces de siempre, el que me conocen los poblanos de siempre, del di\u00e1logo, el acercamiento y el acuerdo. La relaci\u00f3n institucional yo hoy la califico buena. Por ejemplo, no hemos dejado de coordinarnos en un tema tan importante como es el de la seguridad (&#8230;) En el tema del agua hemos venido acerc\u00e1ndonos. Est\u00e1n trabajando las \u00e1reas t\u00e9cnicas y posteriormente habr\u00e1 una postura en conjunto, pero tratamos cada quien de hacer nuestro trabajo y tratamos, de mi parte, siempre buscar este di\u00e1logo y este entendimiento.<\/p>\n\n\n\n<p><strong><em>\u00bfEstas diferencias de opini\u00f3n se parecen a lo que viviste con Rafael Moreno Valle en tu primer periodo como presidente municipal?<\/em><\/strong><\/p>\n\n\n\n<p>Yo creo que son cosas distintas. Son personajes y actores totalmente distintos, \u00e9pocas distintas, problemas distintos, retos distintos (&#8230;) considero que en este reto del gobierno y las personas que los lideran, siempre tenemos nuestros propios estilos, nuestras propias habilidades, nuestros propios defectos, y a m\u00ed en lo particular siempre me llama que, en cualquier decisi\u00f3n que yo tenga que tomar, de la administraci\u00f3n del gobierno de la ciudad en coordinaci\u00f3n con el gobierno del estado, siempre tengo que estar pensando en lo mejor para Puebla, por encima (de que) si (con) alg\u00fan gobernador, en el pasado o en el presente, podamos tener diferentes formas de hacer las cosas. A la gente lo que le interesa es eso, no qu\u00e9 tanto somos cuates y no cuates, sino qu\u00e9 tan eficientes somos para generar soluciones para las ciudades, para los estados.<img decoding=\"async\" src=\"https:\/\/www.elsoldepuebla.com.mx\/local\/h821te-morena-no-es-invencible-para-el-2024-eduardo-rivera\/alternates\/FREE_720\/Morena%20no%20es%20invencible%20para%20el%202024:%20Eduardo%20Rivera\" alt=\"\"><\/p>\n\n\n\n<h4 class=\"wp-block-heading\">Morena no es invencible para el 2024: Eduardo Rivera. Foto: Iv\u00e1n Venegas | El Sol de Puebla<\/h4>\n\n\n\n<p><strong><em>El PAN, partido del que eres militante, viene de una crisis interna muy fuerte, de una pelea de dos grupos, \u00bfqu\u00e9 debe hacer el partido para sanar sus heridas?<\/em><\/strong><\/p>\n\n\n\n<p>Veo momentos distintos que est\u00e1n sucediendo en Acci\u00f3n Nacional, lo cual felicito. Veo tambi\u00e9n la disposici\u00f3n de otras actitudes, nuevas y mejores actitudes de los partidos pol\u00edticos, por dialogar, por encontrar, si me lo permites, hasta poner un tema de perd\u00f3n pol\u00edtico hacia el interior de una estructura como es esta de Acci\u00f3n Nacional. Lo que yo dir\u00eda, el reto que tiene Acci\u00f3n Nacional con esta realidad que tenemos en el presente y los retos que vienen hacia el futuro, es indispensable ponerse a trabajar de manera decidida, buscando las causas ciudadanas que hoy tanto le afectan a cientos y miles de poblanos y poblanas.<\/p>\n\n\n\n<p>Los partidos pol\u00edticos tienen que volverse verdaderos instrumentos de la sociedad, no instrumentos de un grupo o de una persona. Acci\u00f3n Nacional, y en general los partidos pol\u00edticos, tienen que ir a conquistar a los j\u00f3venes (&#8230;) Es fundamental que esas nuevas generaciones conozcan, se involucren en la imperiosa necesidad de la participaci\u00f3n pol\u00edtica. La tarea es gigantesca porque hoy a la gente lo que menos le interesa es eso, la pol\u00edtica, pero hacemos un mal como ciudadanos al no interesarnos en participar. Entonces yo, respetuosamente convocar\u00eda a Acci\u00f3n Nacional y a todos los partidos pol\u00edticos, a aquellos que participan en esta alianza, a hacer su chamba, a trabajar por la gente, a representar sus causas v\u00e1lidas y leg\u00edtimas y, por supuesto, un enorme reto, a presentar a los mejores ciudadanos, no solamente a los mejores cuadros de los partidos pol\u00edticos, de cara no solamente al 24, (sino) a los pr\u00f3ximos procesos electorales que tengan que hacerse m\u00e1s adelante.<\/p>\n\n\n\n<h2 class=\"wp-block-heading\"><strong>CONTENTO POR LOS LOGROS EN LA CIUDAD, PERO NO SATISFECHO<\/strong><\/h2>\n\n\n\n<p>A 240 d\u00edas de que Eduardo Rivera P\u00e9rez tomara protesta como alcalde de Puebla se han visto cambios en la ciudad, por ello, el edil se dice contento, pero no satisfecho. Y no es para menos pues a\u00fan faltan m\u00e1s acciones que realizar hasta el 2024, para que, entonces s\u00ed, se diga que corrigi\u00f3 el rumbo de la capital.<\/p>\n\n\n\n<p>En entrevista con El Sol de Puebla el presidente municipal de Puebla declar\u00f3 que su gobierno ha avanzado de manera importante en el ordenamiento de la ciudad, misma que les fue entregada con graves problemas, como el desbordamiento del ambulantaje y la falta de atenci\u00f3n a espacios verdes.<\/p>\n\n\n\n<p>Por tanto, en ocho meses se han consolidado esfuerzos para actuar en mejora del municipio y con ello lograr un cambio que fue un prop\u00f3sito que expuso durante la campa\u00f1a, en 1021, el cual era corregir el rumbo de la ciudad.<\/p>\n\n\n\n<p>Destac\u00f3 que se trabaja con dedicaci\u00f3n para brindar obras y servicios a los poblanos, pues a la fecha se han intervenido m\u00e1s de 250 calles, as\u00ed como rescatado cerca de 10 parques y sumado 50 mil luminarias.<\/p>\n\n\n\n<p>Lo anterior entre reposiciones, nuevos puntos y mejoramientos de luz para dar mayor seguridad al municipio de Puebla. Adem\u00e1s de la pinta de 50 cruceros y su monitoreo para mejorar la movilidad.<\/p>\n\n\n\n<p><strong>\u201cYo te podr\u00eda decir con claridad, con firmeza, que s\u00ed hay un antes y un despu\u00e9s y lo estamos demostrando con esto que es evidente (\u2026) Me siento profundamente contento, no satisfecho, s\u00ed quiero decir y dejar puntualmente claro que este cambio, y este antes y despu\u00e9s, no es para echar las campanas al vuelo, sino es para seguir concentrados en este trabajo del d\u00eda a d\u00eda\u201d,&nbsp;<\/strong>dijo.<img decoding=\"async\" src=\"https:\/\/www.elsoldepuebla.com.mx\/local\/l61kmx-eduardo-rivera-perez-alcalde-de-puebla\/alternates\/FREE_720\/Eduardo%20Rivera%20Perez,%20alcalde%20de%20Puebla\" alt=\"\"><\/p>\n\n\n\n<h4 class=\"wp-block-heading\">Eduardo Rivera Perez, alcalde de Puebla. Foto: Iv\u00e1n Venegas | El Sol de Puebla<\/h4>\n\n\n\n<p>Record\u00f3 que incluso se pas\u00f3 de un Centro Hist\u00f3rico que era un asco en la ciudad y que estaba abandonado a tener uno que luce ordenado, limpio y con mayor seguridad. Mientras que de tener camellones en mal estado, actualmente se trabaja en la poda, limpieza de millones de metros cuadrados de jardines y dem\u00e1s espacios con naturaleza.<\/p>\n\n\n\n<p>As\u00ed pues, dijo que si las encuestas lo posicionan entre los mejores alcaldes del pa\u00eds se debe a un trabajo en conjunto con la sociedad, autoridades educativas, c\u00e1maras empresariales y el gobierno municipal. Puso como ejemplo de buenos resultados el programa municipal denominado \u201cmartes de descuentos\u201d.<\/p>\n\n\n\n<h2 class=\"wp-block-heading\"><strong>EFICIENCIA RECAUDATORIA PARA NO ACORTAR METAS DE GOBIERNO<\/strong><\/h2>\n\n\n\n<p>Como parte de las cuestiones que ha visto complicadas al frente del ayuntamiento, Rivera P\u00e9rez sostuvo que sin duda son las finanzas, ya que se les han recortado ingresos federales y se les neg\u00f3 el cobro del Derecho de Alumbrado P\u00fablico (DAP), lo que catalog\u00f3 como un \u201cdescalabro\u201d a su gobierno.<\/p>\n\n\n\n<p>Es por ello que como una forma de reponerse se hace una eficiencia recaudatoria. Pidi\u00f3 a los poblanos y poblanas que paguen su predial, ya que esto representa una importante recaudaci\u00f3n de ingresos.<\/p>\n\n\n\n<p>Incluso expuso que a la mitad del a\u00f1o al menos el 60 por ciento de las colonias registra que ya hizo este pago de impuesto, por lo que se espera que ese 40 por ciento restante sea responsable para que as\u00ed el gobierno municipal tenga la mayor cantidad de recursos y se traduzca en m\u00e1s calles pavimentadas, mayor n\u00famero de luminarias, entre otros temas.<\/p>\n\n\n\n<p><strong>\u201cIndudablemente que queremos construir una ciudad de 10. Necesitamos ciudadanos de 10 y eso significa que los poblanos y poblanas cooperen con su pago de predial, entonces estamos haciendo un programa de eficiencia recaudatoria para que esos recursos sean ingresos propios\u201d,<\/strong>&nbsp;manifest\u00f3.<\/p>\n\n\n\n<p>A la par mencion\u00f3 que otra de las medidas que implement\u00f3 es el de ser un gobierno austero, ya que cada peso que se ingresa se gasta en los proyectos que son ben\u00e9ficos para los ciudadanos.<\/p>\n\n\n\n<p>Tambi\u00e9n dej\u00f3 en claro que no se cansar\u00e1 de tocar puertas con el gobierno del estado y en la federaci\u00f3n para que volteen a ver al municipio, que por su poblaci\u00f3n est\u00e1 al nivel de otra entidad federativa, puesto que en la capital hay un mill\u00f3n 700 mil habitantes.<\/p>\n\n\n\n<p>Reproch\u00f3 que se hayan retirado fondos federales importantes y que el 70 por ciento del gasto p\u00fablico se lo quede el gobierno de la rep\u00fablica, mientras que los estados se quedan con un 20 por ciento y el 10 por ciento es para los municipios.<\/p>\n\n\n\n<p>Esto es sin\u00f3nimo de pocos recursos, pero muchas necesidades, por lo que insisti\u00f3 en que las autoridades federales deben rescatar los fondos que antes se ten\u00edan, como el Fondo Metropolitano, el Programa para el Fortalecimiento de la Seguridad (Fortaseg) y el Fondo para rescate de espacios p\u00fablicos, entre otros.<\/p>\n\n\n\n<p><strong>\u201cQue la distribuci\u00f3n del pastel del gasto p\u00fablico, en lugar de que una rebanada de 10, que le corresponden a los caso 2 mil 500 municipios, esa rebanada se pueda incrementar con otro porcentaje u otra rebanada m\u00e1s, porque es injusto, los municipios tenemos unas demandas y necesidades important\u00edsimas\u201d,<\/strong>&nbsp;subray\u00f3.<\/p>\n\n\n\n<p>A pregunta expresa de si habr\u00e1 afectaciones a las secretar\u00edas por la escasez de recursos p\u00fablicos, el mun\u00edcipe dijo que no en un principio, pues en el ayuntamiento han procurado ser cuidadosos con los gastos e inversiones, con lo que estiran el recurso.<\/p>\n\n\n\n<p>Sum\u00f3 que no descarta recurrir a una l\u00ednea de cr\u00e9dito para el 2023, pero por lo pronto agotar\u00e1 las opciones que tiene, como pedir un adelanto de 160 millones de pesos al Banco Nacional de Obras (Banobras).<\/p>\n\n\n\n<p><img decoding=\"async\" src=\"https:\/\/www.elsoldepuebla.com.mx\/local\/8p10mc-el-gobernador-y-yo-eduardo-rivera-pensamos-y-opinamos-diferente\/alternates\/FREE_720\/El%20gobernador%20y%20yo%20(Eduardo%20Rivera)%20pensamos%20y%20opinamos%20diferente\" alt=\"\"><\/p>\n\n\n\n<h4 class=\"wp-block-heading\">El gobernador y yo (Eduardo Rivera) pensamos y opinamos diferente. Foto: Iv\u00e1n Venegas | El Sol de Puebla<\/h4>\n\n\n\n<h2 class=\"wp-block-heading\"><strong>FALTA PARTICIPACI\u00d3N SOCIAL PARA CORREGIR EL RUMBO<\/strong><\/h2>\n\n\n\n<p>Aunque el mun\u00edcipe destac\u00f3 logros, tambi\u00e9n reconoci\u00f3 que lo que le hace falta a Puebla es la participaci\u00f3n social y vecinal, pues entre los ciudadanos no se tiene el sentido de pertenencia y suelen ser indiferentes a las problem\u00e1ticas de sus colonias.<\/p>\n\n\n\n<p>Subray\u00f3 que no existe organizaci\u00f3n e integraci\u00f3n social, lo cual es urgente en las colonias y unidades habitacionales.<\/p>\n\n\n\n<p>Por ello hizo un exhorto a los habitantes del municipio a hacer comunidad, a participar para entre todos corregir el rumbo, que no solo es tarea del presidente, sino tambi\u00e9n de los poblanos.<\/p>\n\n\n\n<p><strong>\u201cEl corregir el rumbo de la ciudad no solamente es responsabilidad del alcalde, es responsabilidad de la comunidad tambi\u00e9n que participa, de los empresarios, de los acad\u00e9micos, de los maestros, de los j\u00f3venes, de los vecinos (\u2026) Que nos exijan, s\u00ed, al gobierno de la ciudad, pero tambi\u00e9n que se involucren a participar ellos\u201d,<\/strong>&nbsp;finaliz\u00f3 el edil.<\/p>\n\n\n\n<p><em>Con informaci\u00f3n de Jorge Rodr\u00edguez<\/em><\/p>\n\n\n\n<p>Fuente: https:\/\/www.elsoldepuebla.com.mx\/local\/morena-no-es-invencible-para-el-2024-eduardo-rivera-8424571.html<\/p>\n","protected":false},"excerpt":{"rendered":"<p>El edil de Puebla marca sus diferencias con el gobernador Barbosa, pero subraya que mantendr\u00e1 el di\u00e1logo y la colaboraci\u00f3n [&hellip;]<\/p>\n","protected":false},"author":1,"featured_media":29880,"comment_status":"open","ping_status":"open","sticky":false,"template":"","format":"standard","meta":{"site-sidebar-layout":"default","site-content-layout":"","ast-site-content-layout":"default","site-content-style":"default","site-sidebar-style":"default","ast-global-header-display":"","ast-banner-title-visibility":"","ast-main-header-display":"","ast-hfb-above-header-display":"","ast-hfb-below-header-display":"","ast-hfb-mobile-header-display":"","site-post-title":"","ast-breadcrumbs-content":"","ast-featured-img":"","footer-sml-layout":"","theme-transparent-header-meta":"","adv-header-id-meta":"","stick-header-meta":"","header-above-stick-meta":"","header-main-stick-meta":"","header-below-stick-meta":"","astra-migrate-meta-layouts":"default","ast-page-background-enabled":"default","ast-page-background-meta":{"desktop":{"background-color":"var(--ast-global-color-4)","background-image":"","background-repeat":"repeat","background-position":"center center","background-size":"auto","background-attachment":"scroll","background-type":"","background-media":"","overlay-type":"","overlay-color":"","overlay-opacity":"","overlay-gradient":""},"tablet":{"background-color":"","background-image":"","background-repeat":"repeat","background-position":"center center","background-size":"auto","background-attachment":"scroll","background-type":"","background-media":"","overlay-type":"","overlay-color":"","overlay-opacity":"","overlay-gradient":""},"mobile":{"background-color":"","background-image":"","background-repeat":"repeat","background-position":"center center","background-size":"auto","background-attachment":"scroll","background-type":"","background-media":"","overlay-type":"","overlay-color":"","overlay-opacity":"","overlay-gradient":""}},"ast-content-background-meta":{"desktop":{"background-color":"var(--ast-global-color-5)","background-image":"","background-repeat":"repeat","background-position":"center center","background-size":"auto","background-attachment":"scroll","background-type":"","background-media":"","overlay-type":"","overlay-color":"","overlay-opacity":"","overlay-gradient":""},"tablet":{"background-color":"var(--ast-global-color-5)","background-image":"","background-repeat":"repeat","background-position":"center center","background-size":"auto","background-attachment":"scroll","background-type":"","background-media":"","overlay-type":"","overlay-color":"","overlay-opacity":"","overlay-gradient":""},"mobile":{"background-color":"var(--ast-global-color-5)","background-image":"","background-repeat":"repeat","background-position":"center center","background-size":"auto","background-attachment":"scroll","background-type":"","background-media":"","overlay-type":"","overlay-color":"","overlay-opacity":"","overlay-gradient":""}},"footnotes":""},"categories":[8],"tags":[7279,1286,73,725,9709],"class_list":["post-29879","post","type-post","status-publish","format-standard","has-post-thumbnail","hentry","category-noticias","tag-contigoyconrumbo","tag-eduardo-rivera","tag-miguel-barbosa","tag-morena-puebla","tag-puebla-2024"],"_links":{"self":[{"href":"https:\/\/losperiodistas.com.mx\/portal\/wp-json\/wp\/v2\/posts\/29879","targetHints":{"allow":["GET"]}}],"collection":[{"href":"https:\/\/losperiodistas.com.mx\/portal\/wp-json\/wp\/v2\/posts"}],"about":[{"href":"https:\/\/losperiodistas.com.mx\/portal\/wp-json\/wp\/v2\/types\/post"}],"author":[{"embeddable":true,"href":"https:\/\/losperiodistas.com.mx\/portal\/wp-json\/wp\/v2\/users\/1"}],"replies":[{"embeddable":true,"href":"https:\/\/losperiodistas.com.mx\/portal\/wp-json\/wp\/v2\/comments?post=29879"}],"version-history":[{"count":1,"href":"https:\/\/losperiodistas.com.mx\/portal\/wp-json\/wp\/v2\/posts\/29879\/revisions"}],"predecessor-version":[{"id":29881,"href":"https:\/\/losperiodistas.com.mx\/portal\/wp-json\/wp\/v2\/posts\/29879\/revisions\/29881"}],"wp:featuredmedia":[{"embeddable":true,"href":"https:\/\/losperiodistas.com.mx\/portal\/wp-json\/wp\/v2\/media\/29880"}],"wp:attachment":[{"href":"https:\/\/losperiodistas.com.mx\/portal\/wp-json\/wp\/v2\/media?parent=29879"}],"wp:term":[{"taxonomy":"category","embeddable":true,"href":"https:\/\/losperiodistas.com.mx\/portal\/wp-json\/wp\/v2\/categories?post=29879"},{"taxonomy":"post_tag","embeddable":true,"href":"https:\/\/losperiodistas.com.mx\/portal\/wp-json\/wp\/v2\/tags?post=29879"}],"curies":[{"name":"wp","href":"https:\/\/api.w.org\/{rel}","templated":true}]}}