{"id":29874,"date":"2022-06-13T10:13:18","date_gmt":"2022-06-13T15:13:18","guid":{"rendered":"http:\/\/losperiodistas.com.mx\/portal\/?p=29874"},"modified":"2022-06-13T10:13:20","modified_gmt":"2022-06-13T15:13:20","slug":"trabajo-infantil-agricola-entre-las-presiones-del-t-mec-y-de-los-productores-el-economista","status":"publish","type":"post","link":"https:\/\/losperiodistas.com.mx\/portal\/trabajo-infantil-agricola-entre-las-presiones-del-t-mec-y-de-los-productores-el-economista\/","title":{"rendered":"Trabajo infantil agr\u00edcola, entre las presiones del T-MEC y de los productores | El Economista"},"content":{"rendered":"\n<p><em>El tratado comercial ha favorecido la vigilancia para impedir el trabajo de menores de edad en compa\u00f1\u00edas exportadoras, pero las empresas que venden sus productos en el mercado mexicano est\u00e1n quedando fuera de la inspecci\u00f3n. La asistencia t\u00e9cnica para cumplir las normas es otra brecha, se\u00f1alan especialistas.<\/em><\/p>\n\n\n\n<figure class=\"wp-block-image size-large\"><img fetchpriority=\"high\" decoding=\"async\" width=\"1024\" height=\"1024\" src=\"https:\/\/losperiodistas.com.mx\/portal\/wp-content\/uploads\/2022\/06\/regulacion_trabajo_infantil_tmec_nayelly_tenorio_ilustracion_principal.png_990121245-1024x1024.jpg\" alt=\"\" class=\"wp-image-29875\" srcset=\"https:\/\/losperiodistas.com.mx\/portal\/wp-content\/uploads\/2022\/06\/regulacion_trabajo_infantil_tmec_nayelly_tenorio_ilustracion_principal.png_990121245-1024x1024.jpg 1024w, https:\/\/losperiodistas.com.mx\/portal\/wp-content\/uploads\/2022\/06\/regulacion_trabajo_infantil_tmec_nayelly_tenorio_ilustracion_principal.png_990121245-300x300.jpg 300w, https:\/\/losperiodistas.com.mx\/portal\/wp-content\/uploads\/2022\/06\/regulacion_trabajo_infantil_tmec_nayelly_tenorio_ilustracion_principal.png_990121245-150x150.jpg 150w, https:\/\/losperiodistas.com.mx\/portal\/wp-content\/uploads\/2022\/06\/regulacion_trabajo_infantil_tmec_nayelly_tenorio_ilustracion_principal.png_990121245-768x768.jpg 768w, https:\/\/losperiodistas.com.mx\/portal\/wp-content\/uploads\/2022\/06\/regulacion_trabajo_infantil_tmec_nayelly_tenorio_ilustracion_principal.png_990121245.jpg 1120w\" sizes=\"(max-width: 1024px) 100vw, 1024px\" \/><\/figure>\n\n\n\n<p><\/p>\n\n\n\n<p class=\"has-vivid-cyan-blue-color has-text-color has-medium-font-size\">BLANCA JU\u00c1REZ \/ EL ECONOMISTA<\/p>\n\n\n\n<p>Har\u00e1 unas semanas que El\u00edas Santiago lleg\u00f3 a Estados Unidos, la&nbsp;<strong>empresa agr\u00edcola<\/strong>&nbsp;para la que trabaja en M\u00e9xico lo env\u00edo por primera vez a sus campos en Florida. En Sinaloa siembra verduras asi\u00e1ticas para la comunidad china en el pa\u00eds del norte. \u201cTodo debe ir perfecto, se env\u00eda lo mejor de la cosecha\u201d, cuenta antes de partir. \u201cY a veces nos visitan los&nbsp;<strong>inspectores del trabajo<\/strong>, por eso no nos dejan tener a nuestros hijos en el campo, pero tampoco les podemos decir lo que nos pasa\u201d.<\/p>\n\n\n\n<p>El Tratado entre M\u00e9xico, Estados Unidos y Canad\u00e1 (T-MEC) proh\u00edbe&nbsp;<a href=\"https:\/\/www.eleconomista.com.mx\/empresas\/El-trabajo-infantil-en-agricultura-de-exportacion-preocupa-a-EU-20220405-0026.html\">las importaciones producidas con trabajo infantil forzoso u obligatorio<\/a>. La administraci\u00f3n Joe Biden-Kamala Harris ha puesto especial atenci\u00f3n al sector agr\u00edcola mexicano, aunque otros, como el automotriz, tengan m\u00e1s peso econ\u00f3mico. Las&nbsp;<strong>exportaciones agropecuarias<\/strong>&nbsp;a la Uni\u00f3n Americana superaron los 2,074 millones de d\u00f3lares en abril; las de la&nbsp;<strong>manufactura automotriz<\/strong>, 13,255 millones de d\u00f3lares, seg\u00fan el Instituto Nacional de Estad\u00edstica y Geograf\u00eda (Inegi).<\/p>\n\n\n\n<p>El gobierno estadounidense ha puesto el foco en los&nbsp;<strong>campos agr\u00edcolas<\/strong>&nbsp;porque \u201cla mayor proporci\u00f3n de&nbsp;<strong>trabajo infantil<\/strong>&nbsp;se presenta ah\u00ed, y porque es uno de los sectores\u201d con menor verificaci\u00f3n de las normas, se\u00f1ala \u00d3scar Castillo, director del&nbsp;<em>programa Campos de Esperanza<\/em>, una iniciativa de la organizaci\u00f3n de asistencia World Vision, en el marco del&nbsp;<em>D\u00eda Mundial contra el Trabajo Infantil<\/em>&nbsp;que se conmemora el 12 de junio.<\/p>\n\n\n\n<p>Seg\u00fan la Encuesta Nacional de Trabajo Infantil (ENTI), el&nbsp;<strong>sector agr\u00edcola<\/strong>&nbsp;es el que m\u00e1s ocupa las fuerzas de ni\u00f1as, ni\u00f1os y adolescentes. Los \u00faltimos datos de esta medici\u00f3n, financiada por el gobierno estadounidense, reflejan que la poblaci\u00f3n que labora en el campo es cercana a 589,300 menores de edad; el 87% son varones.<\/p>\n\n\n\n<p>La pandemia de covid-19 increment\u00f3 el&nbsp;<strong>riesgo del trabajo infantil<\/strong>. La Organizaci\u00f3n Internacional del Trabajo (OIT) estima que por cada punto que aumenta la pobreza, el empleo de menores de edad sube 0.7 por ciento. En M\u00e9xico, la pobreza creci\u00f3 9.1 puntos en 2020, seg\u00fan la Comisi\u00f3n Econ\u00f3mica para Am\u00e9rica Latina y el Caribe (Cepal), al pasar de 41.5 a 50.6 por ciento. Eso significar\u00eda que&nbsp;<a href=\"https:\/\/www.eleconomista.com.mx\/capitalhumano\/Crisis-economica-por-Covid-19-sumara-a-8.9-millones-de-menores-al-trabajo-infantil-20220517-0124.html\">al menos 210,000 ni\u00f1as y ni\u00f1os m\u00e1s comenzaron a trabajar<\/a>.<\/p>\n\n\n\n<p>Pero para el senador Ricardo Monreal (Morena), la pandemia origin\u00f3 \u201cuna nueva mirada al campo, como un espacio para el desarrollo y el crecimiento de M\u00e9xico\u201d. A principios de a\u00f1o particip\u00f3 en el foro&nbsp;<em>Oportunidades Laborales para J\u00f3venes en el Sector Agropecuario<\/em>, convocado por el Consejo Nacional Agropecuario (CNA) para impulsar una&nbsp;<strong>reforma a la Ley Federal del Trabajo<\/strong>&nbsp;(LFT) para permitir que adolescentes de 16 y 17 a\u00f1os laboren en el sector agr\u00edcola.<\/p>\n\n\n\n<p>En ese espacio defendi\u00f3 la reforma, \u201cya lo hemos platicado con Juan (Cortina Gallardo, presidente del CNA) y con varios de ustedes\u201d, dijo. \u201cEl campo se nos est\u00e1 avejentando y es importante que los j\u00f3venes volteen a verlo como un&nbsp;<strong>sector de oportunidades<\/strong>\u201d, apunt\u00f3 Cortina Gallardo.<\/p>\n\n\n\n<p>Desde 2017,&nbsp;<a href=\"https:\/\/www.eleconomista.com.mx\/capitalhumano\/Mexico-da-un-paso-adelante-contra-el-trabajo-infantil-y-otro-hacia-atras-20220311-0076.html\">el CNA trabaj\u00f3 por modificar el art\u00edculo 176 de la LFT<\/a>&nbsp;y lo consigui\u00f3 en febrero de 2022. Hay actividades que ese grupo de adolescente puede realizar \u201csin poner en riesgo su salud\u201d, sostuvo Juan Cortina en el encuentro. \u201cMuchos buscan en actividades que no son l\u00edcitas fuentes de ingreso para salir adelante\u201d, argument\u00f3, ligando la prohibici\u00f3n a su captaci\u00f3n por el crimen organizado.<\/p>\n\n\n\n<p>En abril, el Departamento del Trabajo de Estados Unidos dispuso para M\u00e9xico de una partida de 28 millones de d\u00f3lares para proyectos que combatan el empleo infantil.<\/p>\n\n\n\n<h2 class=\"wp-block-heading\"><strong>Reforma no permite el trabajo infantil: STPS<\/strong><\/h2>\n\n\n\n<p>Eliminar era m\u00e1s f\u00e1cil que normar, dice la senadora Nancy S\u00e1nchez (Morena), autora de la reforma a la LFT que permite a&nbsp;<strong>adolescentes mayores de 15 a\u00f1os<\/strong>&nbsp;laborar en actividades agr\u00edcolas. En 2015 \u201cse prohibi\u00f3 el trabajo en el campo para estos j\u00f3venes, porque son j\u00f3venes no adolescentes\u201d, hace hincapi\u00e9, \u201cpero lo que se necesitaba era regularlo\u201d.<\/p>\n\n\n\n<p>En febrero, el Congreso modific\u00f3 el art\u00edculo 176 de la LFT, el cual se\u00f1ala los trabajos prohibidos a menores de 18 por ser&nbsp;<strong>peligrosos o insalubres<\/strong>, entre ellos est\u00e1n las labores agr\u00edcolas. La reforma le a\u00f1adi\u00f3 una condici\u00f3n: no podr\u00e1n dedicarse a ellas si implican \u201cel uso de qu\u00edmicos, manejo de maquinaria, veh\u00edculos pesados, y los que determine la autoridad competente\u201d.<\/p>\n\n\n\n<p>Sin embargo, \u201cno s\u00f3lo la maquinaria y qu\u00edmicos, sino que&nbsp;<strong>en el trabajo agr\u00edcola<\/strong>&nbsp;las personas est\u00e1n sujetas a temperaturas extremas, a riesgos ergon\u00f3micos (por pasar tanto tiempo agachadas, por ejemplo), a cargas mayores a lo que establece el marco normativo\u201d, explica Omar Estefan, director general de Previsi\u00f3n Social de la Secretar\u00eda del Trabajo y Previsi\u00f3n Social (STPS).<\/p>\n\n\n\n<p>La STPS tiene hasta octubre para crear una&nbsp;<strong>Norma Oficial Mexicana<\/strong>&nbsp;(NOM) que determine qu\u00e9 actividades podr\u00e1n realizar y bajo qu\u00e9 condiciones.<\/p>\n\n\n\n<p>M\u00e9xico es el segundo pa\u00eds de Am\u00e9rica Latina, despu\u00e9s de Brasil, con m\u00e1s ni\u00f1as, ni\u00f1os y adolescentes trabajando, seg\u00fan la Comisi\u00f3n Econ\u00f3mica para Am\u00e9rica y el Caribe (Cepal). De acuerdo con la ENTI,&nbsp;<a href=\"https:\/\/www.eleconomista.com.mx\/capitalhumano\/Trabajo-infantil-Cuantas-ninas-ninos-y-adolescentes-laboran-en-Mexico-20220318-0041.html\">en 2019 esta poblaci\u00f3n superaba los 3.3 millones<\/a>&nbsp;y de ese universo, 2 millones laboraba en ocupaciones peligrosas o no permitidas para su edad.<\/p>\n\n\n\n<p>La mayor parte, el 31% de esta poblaci\u00f3n, se dedica a&nbsp;<strong>actividades agr\u00edcolas<\/strong>, ganaderas, forestales, caza y pesca. \u201cLas condiciones sociales son m\u00e1s precarias en el campo que en la ciudad, por eso se necesita regular este trabajo Pudiera no ser lo deseable, pero a los 17 a\u00f1os muchos son padres\u201d y necesitan el empleo, argumenta la senadora.<\/p>\n\n\n\n<h2 class=\"wp-block-heading\"><strong>El c<\/strong><strong>rimen&nbsp;<\/strong><strong>organizado&nbsp;<\/strong><strong>y&nbsp;<\/strong><strong>el&nbsp;<\/strong><strong>trabajo<\/strong><\/h2>\n\n\n\n<p>\u201cEn M\u00e9xico, el&nbsp;<strong>trabajo de ni\u00f1as, ni\u00f1os y adolescentes&nbsp;<\/strong>en el sector agr\u00edcola est\u00e1 prohibido\u201d, se\u00f1al\u00f3 tajante la STPS en un bolet\u00edn a principios de mayo. La reforma \u201cno abre la posibilidad de contratar a menores de edad en el sector agr\u00edcola\u201d.<\/p>\n\n\n\n<p>La NOM se construir\u00e1 sobre los principios del \u201c<strong>inter\u00e9s superior de la ni\u00f1ez<\/strong>, de progresividad de derechos, de no revictimizaci\u00f3n y con visi\u00f3n transversal de derechos humanos y del trabajo digno\u201d, se\u00f1ala en entrevista Omar Estefan.<\/p>\n\n\n\n<p>Nancy S\u00e1nchez present\u00f3 la iniciativa de reforma en diciembre de 2017, cuando era diputada federal por el PRI, y en 2018 fue aprobada y pas\u00f3 al Senado. Tambi\u00e9n ella lleg\u00f3 a esa C\u00e1mara, ahora por Morena, y desde ah\u00ed&nbsp;<a href=\"https:\/\/www.eleconomista.com.mx\/capitalhumano\/Adolescentes-de-15-anos-ya-pueden-laborar-en-actividades-agricolas-no-peligrosas-20220405-0091.html\">impuls\u00f3 su propuesta hasta que en febrero fue avalada<\/a>.<\/p>\n\n\n\n<p>\u201cPara elaborar esa ley tuvimos reuniones con jornaleros y j\u00f3venes organizados,&nbsp;<strong>hijos de jornaleros<\/strong>, quienes para poder estudiar tienen que trabajar\u201d, asegura.<\/p>\n\n\n\n<p>\u201cPero tambi\u00e9n hay otra raz\u00f3n, en estos a\u00f1os que no pudieron trabajar en el campo quien s\u00ed les dio trabajo fue el&nbsp;<strong>crimen organizado<\/strong>&nbsp;y eso, desgraciadamente, nos hizo perder muchos j\u00f3venes\u201d.<\/p>\n\n\n\n<p>Las&nbsp;<strong>prohibiciones laborales<\/strong>&nbsp;para menores de edad aprobadas en 2015 lograron que m\u00e1s de 25,000 adolescentes dejaran de trabajar y casi 50,000 regresaran a la escuela. Esto se\u00f1ala un estudio de las investigadoras Fernanda Mart\u00ednez Flores y Mireille Kozhaya, del Instituto Renano-Westfalia de Investigaci\u00f3n Econ\u00f3mica de Alemania (RWI).<\/p>\n\n\n\n<p>\u201cMe parece interesante la relaci\u00f3n que se hace de&nbsp;<strong>agricultura y crimen<\/strong>, pero no hay pruebas cient\u00edficas que demuestren que eso sea cierto\u201d, apunt\u00f3 en entrevista Fernanda Mart\u00ednez.<\/p>\n\n\n\n<h2 class=\"wp-block-heading\"><strong>El reto de reconocer el trabajo infantil<\/strong><\/h2>\n\n\n\n<p>Cuando comenzaron con el programa&nbsp;<em>Campos de Esperanza<\/em>, en 2017, hab\u00eda una resistencia por parte de las compa\u00f1\u00edas agr\u00edcolas \u201ca reconocer la existencia del&nbsp;<strong>trabajo infantil<\/strong>&nbsp;o la confusi\u00f3n en cuanto a los t\u00e9rminos\u201d, dice \u00d3scar Castillo.<\/p>\n\n\n\n<p>\u201cAntes era muy dif\u00edcil encontrar empresas que hablaran de estos temas, que dijeran \u2018tengo problemas de&nbsp;<strong>trabajo&nbsp;<\/strong><strong>infantil<\/strong>\u2019\u201d, dice Alejandro Mart\u00ednez, director del Centro de Derechos de la Ni\u00f1ez y las Empresas. El T-MEC, pero sobre todo, ha sido por \u201cel escrutinio p\u00fablico, la voz de los consumidores, los medios de comunicaci\u00f3n y las redes sociales\u201d, agrega.<\/p>\n\n\n\n<p>Sin embargo, \u201cel \u00e9nfasis de la vigilancia est\u00e1 en las&nbsp;<strong>empresas exportadoras<\/strong>&nbsp;y hay una brecha en el resto\u201d, se\u00f1ala \u00d3scar Castillo. \u201cEn las producciones de menor escala es donde puede existir un mayor riesgo de trabajo infantil\u201d. Tambi\u00e9n se ha dejado de lado la comercializaci\u00f3n, \u201cnos hace falta analizar m\u00e1s all\u00e1 de la postcosecha. No tenemos datos concretos, pero s\u00ed hemos visto\u201d que en la&nbsp;<strong>venta de los productos<\/strong>&nbsp;hay trabajo infantil.<\/p>\n\n\n\n<p>\u201cEn la agricultura hay m\u00faltiples situaciones que violan los&nbsp;<strong>derechos humanos laborales<\/strong>\u201d, de entrada, a personas adultas, apunta Alejandro Mart\u00ednez. Pero para quienes son menores de edad es peor, porque no pueden tener un contrato, las jornadas exceden las 6 horas permitidas, no siempre se les paga de manera directa y muchas veces ni siquiera se les paga, apunta.<\/p>\n\n\n\n<p>\u201cEl tema del trabajo infantil atraviesa la&nbsp;<strong>trata laboral<\/strong>,&nbsp;<strong>explotaci\u00f3n<\/strong>,&nbsp;<strong>abuso<\/strong>, separaci\u00f3n familiar y migraci\u00f3n\u201d, puntualiza. El T-MEC est\u00e1 presionando para cambiar esto, y habla de trabajo forzoso, \u201cporque las condiciones en que se da el trabajo infantil muchas veces son la antesala al trabajo forzoso\u201d.<\/p>\n\n\n\n<p>M\u00e9xico tiene una de las legislaciones laborales m\u00e1s avanzadas, dice el especialista, pero la falla est\u00e1 en la inspecci\u00f3n y el&nbsp;<strong>acompa\u00f1amiento de asistencia t\u00e9cnica<\/strong>. \u201cS\u00ed pasan los inspectores, pero los patrones nos dicen lo que tenemos que responder, que todo est\u00e1 bien, que tenemos un lugar limpio para comer, pero es una mesa en el campo con caca de p\u00e1jaro, donde no cabemos todos\u201d, expone El\u00edas Santiago.<\/p>\n\n\n\n<figure class=\"wp-block-image\"><img decoding=\"async\" src=\"https:\/\/www.eleconomista.com.mx\/export\/sites\/eleconomista\/img\/2022\/03\/10\/dato_infografico_capital_humano_eleconomista_trabajo_infantil_mexico_2_2022.png_1579324266.png\" alt=\"\" title=\"\"\/><\/figure>\n\n\n\n<p>Fuente: https:\/\/www.eleconomista.com.mx\/capitalhumano\/Trabajo-infantil-agricola-entre-las-presiones-del-T-MEC-y-de-los-productores-20220610-0076.html<\/p>\n","protected":false},"excerpt":{"rendered":"<p>El tratado comercial ha favorecido la vigilancia para impedir el trabajo de menores de edad en compa\u00f1\u00edas exportadoras, pero las [&hellip;]<\/p>\n","protected":false},"author":1,"featured_media":29875,"comment_status":"open","ping_status":"open","sticky":false,"template":"","format":"standard","meta":{"site-sidebar-layout":"default","site-content-layout":"","ast-site-content-layout":"default","site-content-style":"default","site-sidebar-style":"default","ast-global-header-display":"","ast-banner-title-visibility":"","ast-main-header-display":"","ast-hfb-above-header-display":"","ast-hfb-below-header-display":"","ast-hfb-mobile-header-display":"","site-post-title":"","ast-breadcrumbs-content":"","ast-featured-img":"","footer-sml-layout":"","theme-transparent-header-meta":"","adv-header-id-meta":"","stick-header-meta":"","header-above-stick-meta":"","header-main-stick-meta":"","header-below-stick-meta":"","astra-migrate-meta-layouts":"default","ast-page-background-enabled":"default","ast-page-background-meta":{"desktop":{"background-color":"var(--ast-global-color-4)","background-image":"","background-repeat":"repeat","background-position":"center center","background-size":"auto","background-attachment":"scroll","background-type":"","background-media":"","overlay-type":"","overlay-color":"","overlay-opacity":"","overlay-gradient":""},"tablet":{"background-color":"","background-image":"","background-repeat":"repeat","background-position":"center center","background-size":"auto","background-attachment":"scroll","background-type":"","background-media":"","overlay-type":"","overlay-color":"","overlay-opacity":"","overlay-gradient":""},"mobile":{"background-color":"","background-image":"","background-repeat":"repeat","background-position":"center center","background-size":"auto","background-attachment":"scroll","background-type":"","background-media":"","overlay-type":"","overlay-color":"","overlay-opacity":"","overlay-gradient":""}},"ast-content-background-meta":{"desktop":{"background-color":"var(--ast-global-color-5)","background-image":"","background-repeat":"repeat","background-position":"center center","background-size":"auto","background-attachment":"scroll","background-type":"","background-media":"","overlay-type":"","overlay-color":"","overlay-opacity":"","overlay-gradient":""},"tablet":{"background-color":"var(--ast-global-color-5)","background-image":"","background-repeat":"repeat","background-position":"center center","background-size":"auto","background-attachment":"scroll","background-type":"","background-media":"","overlay-type":"","overlay-color":"","overlay-opacity":"","overlay-gradient":""},"mobile":{"background-color":"var(--ast-global-color-5)","background-image":"","background-repeat":"repeat","background-position":"center center","background-size":"auto","background-attachment":"scroll","background-type":"","background-media":"","overlay-type":"","overlay-color":"","overlay-opacity":"","overlay-gradient":""}},"footnotes":""},"categories":[8],"tags":[],"class_list":["post-29874","post","type-post","status-publish","format-standard","has-post-thumbnail","hentry","category-noticias"],"_links":{"self":[{"href":"https:\/\/losperiodistas.com.mx\/portal\/wp-json\/wp\/v2\/posts\/29874","targetHints":{"allow":["GET"]}}],"collection":[{"href":"https:\/\/losperiodistas.com.mx\/portal\/wp-json\/wp\/v2\/posts"}],"about":[{"href":"https:\/\/losperiodistas.com.mx\/portal\/wp-json\/wp\/v2\/types\/post"}],"author":[{"embeddable":true,"href":"https:\/\/losperiodistas.com.mx\/portal\/wp-json\/wp\/v2\/users\/1"}],"replies":[{"embeddable":true,"href":"https:\/\/losperiodistas.com.mx\/portal\/wp-json\/wp\/v2\/comments?post=29874"}],"version-history":[{"count":1,"href":"https:\/\/losperiodistas.com.mx\/portal\/wp-json\/wp\/v2\/posts\/29874\/revisions"}],"predecessor-version":[{"id":29876,"href":"https:\/\/losperiodistas.com.mx\/portal\/wp-json\/wp\/v2\/posts\/29874\/revisions\/29876"}],"wp:featuredmedia":[{"embeddable":true,"href":"https:\/\/losperiodistas.com.mx\/portal\/wp-json\/wp\/v2\/media\/29875"}],"wp:attachment":[{"href":"https:\/\/losperiodistas.com.mx\/portal\/wp-json\/wp\/v2\/media?parent=29874"}],"wp:term":[{"taxonomy":"category","embeddable":true,"href":"https:\/\/losperiodistas.com.mx\/portal\/wp-json\/wp\/v2\/categories?post=29874"},{"taxonomy":"post_tag","embeddable":true,"href":"https:\/\/losperiodistas.com.mx\/portal\/wp-json\/wp\/v2\/tags?post=29874"}],"curies":[{"name":"wp","href":"https:\/\/api.w.org\/{rel}","templated":true}]}}