{"id":2986,"date":"2021-01-05T04:05:13","date_gmt":"2021-01-05T10:05:13","guid":{"rendered":"http:\/\/losperiodistas.com.mx\/portal\/?p=2986"},"modified":"2021-01-05T04:05:13","modified_gmt":"2021-01-05T10:05:13","slug":"cofepris-autoriza-la-vacuna-de-astrazeneca-lopez-gatell-proceso","status":"publish","type":"post","link":"https:\/\/losperiodistas.com.mx\/portal\/cofepris-autoriza-la-vacuna-de-astrazeneca-lopez-gatell-proceso\/","title":{"rendered":"Cofepris autoriza la vacuna de AstraZeneca: L\u00f3pez-Gatell | Proceso"},"content":{"rendered":"\n<p style=\"font-size:18px\"><em>El anuncio lo hizo en Twitter. Previamente public\u00f3 y borr\u00f3 un tuit en el que hab\u00eda dicho que el f\u00e1rmaco aprobado era el de CanSino.<\/em><\/p>\n\n\n\n<p class=\"has-vivid-cyan-blue-color has-text-color has-medium-font-size\">REDACCI\u00d3N PROCESO<\/p>\n\n\n\n<p>CIUDAD DE M\u00c9XICO (apro).- La Comisi\u00f3n Federal para la Protecci\u00f3n contra Riesgos Sanitarios autoriz\u00f3 la vacuna de AstraZeneca para uso de emergencia contra el virus SARS-CoV-2, anunci\u00f3 el subsecretario de Salud, Hugo-L\u00f3pez Gatell.<\/p>\n\n\n\n<p>El anuncio lo hizo en Twitter. Hasta las 19:20 horas del lunes, el funcionario no se hab\u00eda incorporado a la conferencia diaria en Palacio Nacional para actualizar la situaci\u00f3n de la pandemia en M\u00e9xico.<\/p>\n\n\n\n<p>Previamente, L\u00f3pez-Gatell hab\u00eda publicado un tuit en el que informaba la aprobaci\u00f3n de la vacuna china de CanSino.<\/p>\n\n\n\n<p>Aunque lo borr\u00f3 de inmediato, el presunto error le\u00a0atrajo cr\u00edticas en redes sociales, donde ya ha sido cuestionado por las im\u00e1genes en las que se le ve en una playa de Oaxaca.<\/p>\n\n\n\n<figure class=\"wp-block-image size-large\"><img fetchpriority=\"high\" decoding=\"async\" width=\"746\" height=\"1024\" src=\"https:\/\/losperiodistas.com.mx\/portal\/wp-content\/uploads\/2021\/01\/Captura-de-Pantalla-2021-01-05-a-las-3.59.19-746x1024.png\" alt=\"\" class=\"wp-image-2987\" srcset=\"https:\/\/losperiodistas.com.mx\/portal\/wp-content\/uploads\/2021\/01\/Captura-de-Pantalla-2021-01-05-a-las-3.59.19-746x1024.png 746w, https:\/\/losperiodistas.com.mx\/portal\/wp-content\/uploads\/2021\/01\/Captura-de-Pantalla-2021-01-05-a-las-3.59.19-219x300.png 219w, https:\/\/losperiodistas.com.mx\/portal\/wp-content\/uploads\/2021\/01\/Captura-de-Pantalla-2021-01-05-a-las-3.59.19-768x1054.png 768w, https:\/\/losperiodistas.com.mx\/portal\/wp-content\/uploads\/2021\/01\/Captura-de-Pantalla-2021-01-05-a-las-3.59.19.png 1078w\" sizes=\"(max-width: 746px) 100vw, 746px\" \/><\/figure>\n\n\n\n<p>Ya cuando se incorpor\u00f3 a la conferencia de prensa, L\u00f3pez-Gatell confirm\u00f3 que la primera publicaci\u00f3n efectivamente fue un error.<\/p>\n\n\n\n<figure class=\"wp-block-embed-youtube wp-block-embed is-type-video is-provider-youtube wp-embed-aspect-16-9 wp-has-aspect-ratio\"><div class=\"wp-block-embed__wrapper\">\n<iframe title=\"Conferencia de Prensa #COVID19 | 4 de enero de 2021 #GraciasPorCuidarnos\" width=\"500\" height=\"281\" src=\"https:\/\/www.youtube.com\/embed\/HnDhWrJs_mI?feature=oembed\" frameborder=\"0\" allow=\"accelerometer; autoplay; clipboard-write; encrypted-media; gyroscope; picture-in-picture; web-share\" referrerpolicy=\"strict-origin-when-cross-origin\" allowfullscreen><\/iframe>\n<\/div><\/figure>\n\n\n\n<p>Fuente: https:\/\/www.proceso.com.mx\/nacional\/2021\/1\/4\/cofepris-autoriza-la-vacuna-de-astrazeneca-lopez-gatell-255599.html<\/p>\n","protected":false},"excerpt":{"rendered":"<p>El anuncio lo hizo en Twitter. Previamente public\u00f3 y borr\u00f3 un tuit en el que hab\u00eda dicho que el f\u00e1rmaco [&hellip;]<\/p>\n","protected":false},"author":1,"featured_media":2988,"comment_status":"open","ping_status":"open","sticky":false,"template":"","format":"standard","meta":{"site-sidebar-layout":"default","site-content-layout":"","ast-site-content-layout":"default","site-content-style":"default","site-sidebar-style":"default","ast-global-header-display":"","ast-banner-title-visibility":"","ast-main-header-display":"","ast-hfb-above-header-display":"","ast-hfb-below-header-display":"","ast-hfb-mobile-header-display":"","site-post-title":"","ast-breadcrumbs-content":"","ast-featured-img":"","footer-sml-layout":"","theme-transparent-header-meta":"","adv-header-id-meta":"","stick-header-meta":"","header-above-stick-meta":"","header-main-stick-meta":"","header-below-stick-meta":"","astra-migrate-meta-layouts":"default","ast-page-background-enabled":"default","ast-page-background-meta":{"desktop":{"background-color":"var(--ast-global-color-4)","background-image":"","background-repeat":"repeat","background-position":"center center","background-size":"auto","background-attachment":"scroll","background-type":"","background-media":"","overlay-type":"","overlay-color":"","overlay-opacity":"","overlay-gradient":""},"tablet":{"background-color":"","background-image":"","background-repeat":"repeat","background-position":"center center","background-size":"auto","background-attachment":"scroll","background-type":"","background-media":"","overlay-type":"","overlay-color":"","overlay-opacity":"","overlay-gradient":""},"mobile":{"background-color":"","background-image":"","background-repeat":"repeat","background-position":"center center","background-size":"auto","background-attachment":"scroll","background-type":"","background-media":"","overlay-type":"","overlay-color":"","overlay-opacity":"","overlay-gradient":""}},"ast-content-background-meta":{"desktop":{"background-color":"var(--ast-global-color-5)","background-image":"","background-repeat":"repeat","background-position":"center center","background-size":"auto","background-attachment":"scroll","background-type":"","background-media":"","overlay-type":"","overlay-color":"","overlay-opacity":"","overlay-gradient":""},"tablet":{"background-color":"var(--ast-global-color-5)","background-image":"","background-repeat":"repeat","background-position":"center center","background-size":"auto","background-attachment":"scroll","background-type":"","background-media":"","overlay-type":"","overlay-color":"","overlay-opacity":"","overlay-gradient":""},"mobile":{"background-color":"var(--ast-global-color-5)","background-image":"","background-repeat":"repeat","background-position":"center center","background-size":"auto","background-attachment":"scroll","background-type":"","background-media":"","overlay-type":"","overlay-color":"","overlay-opacity":"","overlay-gradient":""}},"footnotes":""},"categories":[8],"tags":[],"class_list":["post-2986","post","type-post","status-publish","format-standard","has-post-thumbnail","hentry","category-noticias"],"_links":{"self":[{"href":"https:\/\/losperiodistas.com.mx\/portal\/wp-json\/wp\/v2\/posts\/2986","targetHints":{"allow":["GET"]}}],"collection":[{"href":"https:\/\/losperiodistas.com.mx\/portal\/wp-json\/wp\/v2\/posts"}],"about":[{"href":"https:\/\/losperiodistas.com.mx\/portal\/wp-json\/wp\/v2\/types\/post"}],"author":[{"embeddable":true,"href":"https:\/\/losperiodistas.com.mx\/portal\/wp-json\/wp\/v2\/users\/1"}],"replies":[{"embeddable":true,"href":"https:\/\/losperiodistas.com.mx\/portal\/wp-json\/wp\/v2\/comments?post=2986"}],"version-history":[{"count":1,"href":"https:\/\/losperiodistas.com.mx\/portal\/wp-json\/wp\/v2\/posts\/2986\/revisions"}],"predecessor-version":[{"id":2989,"href":"https:\/\/losperiodistas.com.mx\/portal\/wp-json\/wp\/v2\/posts\/2986\/revisions\/2989"}],"wp:featuredmedia":[{"embeddable":true,"href":"https:\/\/losperiodistas.com.mx\/portal\/wp-json\/wp\/v2\/media\/2988"}],"wp:attachment":[{"href":"https:\/\/losperiodistas.com.mx\/portal\/wp-json\/wp\/v2\/media?parent=2986"}],"wp:term":[{"taxonomy":"category","embeddable":true,"href":"https:\/\/losperiodistas.com.mx\/portal\/wp-json\/wp\/v2\/categories?post=2986"},{"taxonomy":"post_tag","embeddable":true,"href":"https:\/\/losperiodistas.com.mx\/portal\/wp-json\/wp\/v2\/tags?post=2986"}],"curies":[{"name":"wp","href":"https:\/\/api.w.org\/{rel}","templated":true}]}}