{"id":29839,"date":"2022-06-13T06:44:39","date_gmt":"2022-06-13T11:44:39","guid":{"rendered":"http:\/\/losperiodistas.com.mx\/portal\/?p=29839"},"modified":"2022-06-13T06:44:41","modified_gmt":"2022-06-13T11:44:41","slug":"policia-municipal-y-estatal-rescatan-a-12-migrantes-centroamericanos","status":"publish","type":"post","link":"https:\/\/losperiodistas.com.mx\/portal\/policia-municipal-y-estatal-rescatan-a-12-migrantes-centroamericanos\/","title":{"rendered":"Polic\u00eda Municipal y Estatal rescatan a 12 migrantes centroamericanos"},"content":{"rendered":"\n<figure class=\"wp-block-image size-full\"><img fetchpriority=\"high\" decoding=\"async\" width=\"1024\" height=\"576\" src=\"https:\/\/losperiodistas.com.mx\/portal\/wp-content\/uploads\/2022\/06\/WhatsApp-Image-2022-06-13-at-6.40.52-AM.jpeg\" alt=\"\" class=\"wp-image-29840\" srcset=\"https:\/\/losperiodistas.com.mx\/portal\/wp-content\/uploads\/2022\/06\/WhatsApp-Image-2022-06-13-at-6.40.52-AM.jpeg 1024w, https:\/\/losperiodistas.com.mx\/portal\/wp-content\/uploads\/2022\/06\/WhatsApp-Image-2022-06-13-at-6.40.52-AM-300x169.jpeg 300w, https:\/\/losperiodistas.com.mx\/portal\/wp-content\/uploads\/2022\/06\/WhatsApp-Image-2022-06-13-at-6.40.52-AM-768x432.jpeg 768w\" sizes=\"(max-width: 1024px) 100vw, 1024px\" \/><figcaption>Ayuntamiento Puebla<\/figcaption><\/figure>\n\n\n\n<p><\/p>\n\n\n\n<p class=\"has-vivid-cyan-blue-color has-text-color has-medium-font-size\">REDACCI\u00d3N<\/p>\n\n\n\n<p>La Secretar\u00eda de Seguridad Ciudadana (SSC) del Municipio de Puebla y la Secretar\u00eda de Seguridad P\u00fablica (SSP) del Estado rescataron a 12 migrantes provenientes de Centroam\u00e9rica.<\/p>\n\n\n\n<p>Luego de una persecuci\u00f3n que el Grupo de Reacci\u00f3n Operativa Contra Asaltos (ROCAS) de la Polic\u00eda Municipal inici\u00f3 sobre Bulevar 18 de Noviembre y culmin\u00f3 en la caseta de cobro de San Mart\u00edn Texmelucan, en donde se uni\u00f3 la Polic\u00eda Estatal, se intercept\u00f3 una camioneta logrando el rescate de seis hombres, cuatro mujeres y dos menores de edad, de nacionalidad guatemalteca, hondure\u00f1a y nicarag\u00fcense.<\/p>\n\n\n\n<p>La acci\u00f3n coordinada permiti\u00f3 la detenci\u00f3n de Luis \u201cN.\u201d, de 33 a\u00f1os de edad, quien trasladaba al grupo de migrantes en una camioneta, color caf\u00e9 y con placas del Estado de Veracruz.<\/p>\n\n\n\n<p>Las 12 personas quedaron bajo resguardo del Instituto Nacional de Migraci\u00f3n (INM), para los tr\u00e1mites correspondientes.<\/p>\n\n\n\n<figure class=\"wp-block-image size-large\"><img decoding=\"async\" width=\"1024\" height=\"461\" src=\"https:\/\/losperiodistas.com.mx\/portal\/wp-content\/uploads\/2022\/06\/WhatsApp-Image-2022-06-13-at-6.40.53-AM-1024x461.jpeg\" alt=\"\" class=\"wp-image-29841\" srcset=\"https:\/\/losperiodistas.com.mx\/portal\/wp-content\/uploads\/2022\/06\/WhatsApp-Image-2022-06-13-at-6.40.53-AM-1024x461.jpeg 1024w, https:\/\/losperiodistas.com.mx\/portal\/wp-content\/uploads\/2022\/06\/WhatsApp-Image-2022-06-13-at-6.40.53-AM-300x135.jpeg 300w, https:\/\/losperiodistas.com.mx\/portal\/wp-content\/uploads\/2022\/06\/WhatsApp-Image-2022-06-13-at-6.40.53-AM-768x346.jpeg 768w, https:\/\/losperiodistas.com.mx\/portal\/wp-content\/uploads\/2022\/06\/WhatsApp-Image-2022-06-13-at-6.40.53-AM-1536x691.jpeg 1536w, https:\/\/losperiodistas.com.mx\/portal\/wp-content\/uploads\/2022\/06\/WhatsApp-Image-2022-06-13-at-6.40.53-AM.jpeg 1600w\" sizes=\"(max-width: 1024px) 100vw, 1024px\" \/><figcaption>Ayuntamiento Puebla<\/figcaption><\/figure>\n\n\n\n<p>Cabe se\u00f1alar que, se respetaron en todo momento sus Derechos Humanos.<\/p>\n\n\n\n<p>Los Gobiernos Estatal y Municipal refrendan una vez m\u00e1s el compromiso de sumar esfuerzos para propiciar entornos seguros para todas y todos.<\/p>\n","protected":false},"excerpt":{"rendered":"<p>REDACCI\u00d3N La Secretar\u00eda de Seguridad Ciudadana (SSC) del Municipio de Puebla y la Secretar\u00eda de Seguridad P\u00fablica (SSP) del Estado [&hellip;]<\/p>\n","protected":false},"author":1,"featured_media":29840,"comment_status":"open","ping_status":"open","sticky":false,"template":"","format":"standard","meta":{"site-sidebar-layout":"default","site-content-layout":"","ast-site-content-layout":"default","site-content-style":"default","site-sidebar-style":"default","ast-global-header-display":"","ast-banner-title-visibility":"","ast-main-header-display":"","ast-hfb-above-header-display":"","ast-hfb-below-header-display":"","ast-hfb-mobile-header-display":"","site-post-title":"","ast-breadcrumbs-content":"","ast-featured-img":"","footer-sml-layout":"","theme-transparent-header-meta":"","adv-header-id-meta":"","stick-header-meta":"","header-above-stick-meta":"","header-main-stick-meta":"","header-below-stick-meta":"","astra-migrate-meta-layouts":"default","ast-page-background-enabled":"default","ast-page-background-meta":{"desktop":{"background-color":"var(--ast-global-color-4)","background-image":"","background-repeat":"repeat","background-position":"center center","background-size":"auto","background-attachment":"scroll","background-type":"","background-media":"","overlay-type":"","overlay-color":"","overlay-opacity":"","overlay-gradient":""},"tablet":{"background-color":"","background-image":"","background-repeat":"repeat","background-position":"center center","background-size":"auto","background-attachment":"scroll","background-type":"","background-media":"","overlay-type":"","overlay-color":"","overlay-opacity":"","overlay-gradient":""},"mobile":{"background-color":"","background-image":"","background-repeat":"repeat","background-position":"center center","background-size":"auto","background-attachment":"scroll","background-type":"","background-media":"","overlay-type":"","overlay-color":"","overlay-opacity":"","overlay-gradient":""}},"ast-content-background-meta":{"desktop":{"background-color":"var(--ast-global-color-5)","background-image":"","background-repeat":"repeat","background-position":"center center","background-size":"auto","background-attachment":"scroll","background-type":"","background-media":"","overlay-type":"","overlay-color":"","overlay-opacity":"","overlay-gradient":""},"tablet":{"background-color":"var(--ast-global-color-5)","background-image":"","background-repeat":"repeat","background-position":"center center","background-size":"auto","background-attachment":"scroll","background-type":"","background-media":"","overlay-type":"","overlay-color":"","overlay-opacity":"","overlay-gradient":""},"mobile":{"background-color":"var(--ast-global-color-5)","background-image":"","background-repeat":"repeat","background-position":"center center","background-size":"auto","background-attachment":"scroll","background-type":"","background-media":"","overlay-type":"","overlay-color":"","overlay-opacity":"","overlay-gradient":""}},"footnotes":""},"categories":[8],"tags":[7279,3669,10750],"class_list":["post-29839","post","type-post","status-publish","format-standard","has-post-thumbnail","hentry","category-noticias","tag-contigoyconrumbo","tag-migrantes-centroamerica","tag-rocas"],"_links":{"self":[{"href":"https:\/\/losperiodistas.com.mx\/portal\/wp-json\/wp\/v2\/posts\/29839","targetHints":{"allow":["GET"]}}],"collection":[{"href":"https:\/\/losperiodistas.com.mx\/portal\/wp-json\/wp\/v2\/posts"}],"about":[{"href":"https:\/\/losperiodistas.com.mx\/portal\/wp-json\/wp\/v2\/types\/post"}],"author":[{"embeddable":true,"href":"https:\/\/losperiodistas.com.mx\/portal\/wp-json\/wp\/v2\/users\/1"}],"replies":[{"embeddable":true,"href":"https:\/\/losperiodistas.com.mx\/portal\/wp-json\/wp\/v2\/comments?post=29839"}],"version-history":[{"count":1,"href":"https:\/\/losperiodistas.com.mx\/portal\/wp-json\/wp\/v2\/posts\/29839\/revisions"}],"predecessor-version":[{"id":29842,"href":"https:\/\/losperiodistas.com.mx\/portal\/wp-json\/wp\/v2\/posts\/29839\/revisions\/29842"}],"wp:featuredmedia":[{"embeddable":true,"href":"https:\/\/losperiodistas.com.mx\/portal\/wp-json\/wp\/v2\/media\/29840"}],"wp:attachment":[{"href":"https:\/\/losperiodistas.com.mx\/portal\/wp-json\/wp\/v2\/media?parent=29839"}],"wp:term":[{"taxonomy":"category","embeddable":true,"href":"https:\/\/losperiodistas.com.mx\/portal\/wp-json\/wp\/v2\/categories?post=29839"},{"taxonomy":"post_tag","embeddable":true,"href":"https:\/\/losperiodistas.com.mx\/portal\/wp-json\/wp\/v2\/tags?post=29839"}],"curies":[{"name":"wp","href":"https:\/\/api.w.org\/{rel}","templated":true}]}}