{"id":2983,"date":"2021-01-05T03:53:47","date_gmt":"2021-01-05T09:53:47","guid":{"rendered":"http:\/\/losperiodistas.com.mx\/portal\/?p=2983"},"modified":"2021-01-05T03:53:47","modified_gmt":"2021-01-05T09:53:47","slug":"por-que-el-calendario-de-1993-es-igual-al-de-2021-y-otras-5-curiosidades-de-los-almanaques-bbc","status":"publish","type":"post","link":"https:\/\/losperiodistas.com.mx\/portal\/por-que-el-calendario-de-1993-es-igual-al-de-2021-y-otras-5-curiosidades-de-los-almanaques-bbc\/","title":{"rendered":"Por qu\u00e9 el calendario de 1993 es igual al de 2021 y otras 5 curiosidades de los almanaques | BBC"},"content":{"rendered":"\n<p class=\"has-vivid-cyan-blue-color has-text-color has-medium-font-size\">BBC NEWS MUNDO<\/p>\n\n\n\n<p><strong> Es correcto: el mismo calendario que ten\u00edamos en 1993 coincide con el de este 2021.<\/strong><\/p>\n\n\n\n<p>Los d\u00edas de la semana y las fechas son id\u00e9nticas, como muchos han hecho notar en internet con el inicio de este a\u00f1o nuevo. Pero este hecho<strong>&nbsp;es m\u00e1s com\u00fan de lo que se cree.<\/strong><\/p>\n\n\n\n<p>Si tomas el calendario de 1999 o el de 2010, tambi\u00e9n podr\u00edas utilizarlo para encontrar los d\u00edas de 2021. Y el almanaque de este a\u00f1o tambi\u00e9n podr\u00e1 ser usado en 2027, 2038, 2049 y muchos otros a\u00f1os posteriores.<\/p>\n\n\n\n<p><strong>No hay un n\u00famero exacto de a\u00f1os<\/strong>&nbsp;en los que se pueda reutilizar un calendario. Pero la&nbsp;<strong>frecuencia de d\u00edas&nbsp;<\/strong>s\u00ed suele ser la misma: 2.191 (6 a\u00f1os), 4.018 (11 a\u00f1os), 4.382 (12 a\u00f1os), 10.227 (28 a\u00f1os) and 14.609 (40 a\u00f1os)<\/p>\n\n\n\n<p>En el caso de los a\u00f1os bisiestos, el calendario casi siempre se repite cada 28 a\u00f1os. En cambio, otros tienen una recurrencia de 11 o 6 a\u00f1os. Casos\u00a0<strong>menos frecuentes son los de 12 y 40 a\u00f1os. <\/strong><\/p>\n\n\n\n<ul class=\"wp-block-list\"><li><a href=\"https:\/\/www.bbc.com\/mundo\/noticias-55242150\">Por qu\u00e9 el a\u00f1o no termina realmente a la medianoche del 31 diciembre (y no siempre dura lo mismo)<\/a><\/li><\/ul>\n\n\n\n<p>Si tomamos 2024, por ejemplo, la frecuencia de repetici\u00f3n es de 28 a\u00f1os (con algunas excepciones de 40): volver\u00e1 a coincidir en 2052, 2080 y luego hasta 2120.<\/p>\n\n\n\n<p>Pero adem\u00e1s de esta hay otras 5 curiosidades.<\/p>\n\n\n\n<h2 class=\"wp-block-heading\" id=\"1-Hay-14-configuraciones\">1. Hay 14 configuraciones<\/h2>\n\n\n\n<p>El calendario gregoriano, el usado en la mayor parte del mundo, tiene 14 configuraciones de d\u00edas y fechas que se encadenan de forma infinita.<\/p>\n\n\n\n<figure class=\"wp-block-image\"><img decoding=\"async\" src=\"https:\/\/ichef.bbci.co.uk\/news\/640\/cpsprodpb\/7D89\/production\/_110373123_gettyimages-1163213304-1.jpg\" alt=\"Feliz A\u00f1o Nuevo 2100 escrito en la arena.\"\/><figcaption>Pie de foto,&nbsp;El a\u00f1o 2100 deber\u00eda ser bisiesto, pero no lo ser\u00e1.<\/figcaption><\/figure>\n\n\n\n<p>Por ejemplo, este 2021 inici\u00f3 en viernes y terminar\u00e1 en viernes. Es una configuraci\u00f3n.&nbsp;<\/p>\n\n\n\n<p>En 2022 pasar\u00e1 lo mismo, pero en d\u00edas s\u00e1bado, lo cual es otra configuraci\u00f3n; 2023 en domingo, es una tercera. Pero 2024 ser\u00e1 bisiesto, as\u00ed que romper\u00e1 el ciclo, dando lugar a otras configuraciones de inicio y fin de a\u00f1o en otros d\u00edas.<\/p>\n\n\n\n<p>En total,&nbsp;<strong>se pueden generar 14 configuraciones<\/strong>. No hay otras posibles.<\/p>\n\n\n\n<h2 class=\"wp-block-heading\" id=\"2-La-regla-de-los-28-a\u00f1os\">2. La regla de los 28 a\u00f1os<\/h2>\n\n\n\n<p>Los a\u00f1os regulares tienen 365 d\u00edas, que marcan el ciclo en que la Tierra da una vuelta al Sol.<\/p>\n\n\n\n<ul class=\"wp-block-list\"><li><a href=\"https:\/\/www.bbc.com\/mundo\/noticias-50973039\">Por qu\u00e9 y desde cu\u00e1ndo existen los a\u00f1os bisiestos<\/a><\/li><\/ul>\n\n\n\n<p>Pero para que esto no falle en su precisi\u00f3n, en el calendario gregoriano<strong>&nbsp;hay que a\u00f1adir un d\u00eda cada cuatro a\u00f1os<\/strong>, lo que da como resultado los a\u00f1os bisiestos de 366 d\u00edas.<\/p>\n\n\n\n<figure class=\"wp-block-image\"><img decoding=\"async\" src=\"https:\/\/ichef.bbci.co.uk\/news\/640\/cpsprodpb\/16401\/production\/_110373119_gettyimages-908862520.jpg\" alt=\"Calendario.\"\/><figcaption>Pie de foto,&nbsp;Cada cuatro a\u00f1os vemos en nuestros calendarios 366 d\u00edas en lugar de los tradicionales 365. \u00bfA qu\u00e9 se debe esto?<\/figcaption><\/figure>\n\n\n\n<p>En ellos el&nbsp;<strong>m\u00faltiplo base es el n\u00famero 28<\/strong>, pues es tanto m\u00faltiplo de 4 (la frecuencia de los a\u00f1os bisiestos) y del 7 (los d\u00edas de la semana).&nbsp;<\/p>\n\n\n\n<p>As\u00ed, cada 28 a\u00f1os se repiten sus fechas y d\u00edas. Aunque hay a\u00f1os en los que se rompe el ciclo,&nbsp;<strong>como lo ser\u00e1 2100.<\/strong><\/p>\n\n\n\n<p>Esto se debe a que solo los a\u00f1os&nbsp;<strong>que marcan el inicio de un siglo<\/strong><strong>y que pueden dividirse entre 400<\/strong>&nbsp;son bisiestos. As\u00ed, 1900 no fue bisiesto, pero 2000 s\u00ed lo fue.<\/p>\n\n\n\n<h2 class=\"wp-block-heading\" id=\"3-Por-qu\u00e9-es-gregoriano\">3. \u00bfPor qu\u00e9 es \u00abgregoriano\u00bb?<\/h2>\n\n\n\n<p>El calendario bajo el que nos regimos se llama \u00abgregoriano\u00bb porque<strong>&nbsp;fue instaurado en Europa por el papa Gregorio XIII,<\/strong>&nbsp;en el siglo XVI.&nbsp;<\/p>\n\n\n\n<p>Tras la publicaci\u00f3n de la bula papal<em>&nbsp;Inter gravissimas<\/em>, en 1582,&nbsp;<strong>sustituy\u00f3 al calendario juliano<\/strong>, que hab\u00eda sido instaurado por el gobernante romano&nbsp;<strong>Julio C\u00e9sar<\/strong>&nbsp;en el siglo I.<\/p>\n\n\n\n<figure class=\"wp-block-image\"><img decoding=\"async\" src=\"https:\/\/ichef.bbci.co.uk\/news\/640\/cpsprodpb\/181FE\/production\/_98241889_gregorioxiii.jpg\" alt=\"El papa Gregorio XIII\"\/><figcaption>Pie de foto,&nbsp;El papa Gregorio XIII arregl\u00f3 el desfase del calendario civil con la traslaci\u00f3n de la Tierra.<\/figcaption><\/figure>\n\n\n\n<p>El juliano ten\u00eda el problema de que&nbsp;<strong>era m\u00e1s largo de lo que deb\u00eda ser.&nbsp;<\/strong><\/p>\n\n\n\n<p>La traslaci\u00f3n de la Tierra alrededor del Sol dura 365 d\u00edas, cinco horas, 48 minutos y 45,25 segundos. Pero el a\u00f1o juliano duraba aproximadamente 11 minutos y 14,784 segundos m\u00e1s.<\/p>\n\n\n\n<ul class=\"wp-block-list\"><li><a href=\"https:\/\/www.bbc.com\/mundo\/noticias-46722674\">C\u00f3mo se decidi\u00f3 que enero sea el primer mes del a\u00f1o<\/a><\/li><\/ul>\n\n\n\n<p>Si todav\u00eda nos rigi\u00e9ramos por el almanaque juliano, a\u00fan no ser\u00eda 2021. Este 4 de enero ser\u00eda 22 de diciembre de 2020.<\/p>\n\n\n\n<h2 class=\"wp-block-heading\" id=\"4-La-vez-que-existi\u00f3-un-30-de-febrero\">4. La vez que existi\u00f3 un 30 de febrero<\/h2>\n\n\n\n<p>No todos los pa\u00edses adoptaron el calendario gregoriano al mismo tiempo, lo cual dio pie a un error.<\/p>\n\n\n\n<p>Adoptarlo<strong>&nbsp;requer\u00eda adelantar 10 d\u00edas&nbsp;<\/strong>en 1582 y cuando&nbsp;<strong>Suecia&nbsp;<\/strong>finalmente se decidi\u00f3 a utilizar el gregoriano, lo intent\u00f3 a su manera.<\/p>\n\n\n\n<figure class=\"wp-block-image\"><img decoding=\"async\" src=\"https:\/\/ichef.bbci.co.uk\/news\/640\/cpsprodpb\/2951\/production\/_111077501_gettyimages-503300642.jpg\" alt=\"Fecha 30 de febrero\"\/><figcaption>Pie de foto,&nbsp;Aunque parezca incre\u00edble, la fecha existi\u00f3 una vez.<\/figcaption><\/figure>\n\n\n\n<p>Optaron por hacerlo gradualmente,<strong>&nbsp;salt\u00e1ndose los d\u00edas bisiestos de febrero durante 40 a\u00f1os<\/strong>, hasta eliminar el desfase.<\/p>\n\n\n\n<p>Seg\u00fan el calendario juliano que segu\u00edan, 1700 era un a\u00f1o bisiesto, pero s\u00f3lo le atribuyeron 28 d\u00edas a febrero. Ten\u00edan la intenci\u00f3n de hacer lo mismo en 1704, 1708, etc. pero poco despu\u00e9s estall\u00f3 una guerra y se olvidaron de los cambios.<\/p>\n\n\n\n<ul class=\"wp-block-list\"><li><a href=\"https:\/\/www.bbc.com\/mundo\/noticias-51678890\">30 de febrero, el d\u00eda que solo existi\u00f3 una vez en la historia&nbsp;<\/a><\/li><\/ul>\n\n\n\n<p>Unos a\u00f1os despu\u00e9s, el emperador&nbsp;<strong>Carlos XII se dio cuenta<\/strong>&nbsp;de que en Suecia el calendario no era ni juliano ni gregoriano, tom\u00f3 medidas dr\u00e1sticas y abandon\u00f3 el cambio.<\/p>\n\n\n\n<p>Pero, como ya hab\u00edan omitido el bisiesto de 1700, orden\u00f3 que en 1712 (otro bisiesto)&nbsp;<strong>se a\u00f1adiera un d\u00eda adicional&nbsp;<\/strong><strong>tras el&nbsp;<\/strong><strong>29 de febrero,&nbsp;<\/strong>creando as\u00ed por \u00fanica vez en la historia desde las \u00e9pocas de Julio C\u00e9sar el 30 de febrero.<\/p>\n\n\n\n<h2 class=\"wp-block-heading\" id=\"5-Los-a\u00f1os-en-otros-calendarios\">5. Los a\u00f1os en otros calendarios<\/h2>\n\n\n\n<p>El calendario gregoriano es el m\u00e1s extendido en el mundo, pero no el \u00fanico.<\/p>\n\n\n\n<p>El&nbsp;<strong>calendario lunar chino<\/strong>&nbsp;dice que actualmente vivimos en el a\u00f1o&nbsp;<strong>4718<\/strong>, hasta el 12 de febrero, cuando cambiar\u00e1 este a\u00f1o (seg\u00fan nuestro calendario).<\/p>\n\n\n\n<figure class=\"wp-block-image\"><img decoding=\"async\" src=\"https:\/\/ichef.bbci.co.uk\/news\/640\/cpsprodpb\/34F4\/production\/_100065531_gettyimages-482482088.jpg\" alt=\"fases de la luna\"\/><figcaption>Pie de foto,&nbsp;El a\u00f1o nuevo chino se calcula seg\u00fan las fases de la luna.<\/figcaption><\/figure>\n\n\n\n<p>Algunas naciones \u00e1rabes se rigen por el&nbsp;<strong>calendario hijri<\/strong>, el cual cambia a mediados del a\u00f1o gregoriano. As\u00ed que por los pr\u00f3ximos meses seguiremos en el a\u00f1o&nbsp;<strong>144<\/strong><strong>2<\/strong>.<\/p>\n\n\n\n<p>Los\u00a0<strong>jud\u00edos\u00a0<\/strong>tambi\u00e9n tienen su propio calendario, el cual es uno de los m\u00e1s antiguos del mundo. Est\u00e1n en el a\u00f1o\u00a0<strong>5781<\/strong>, el cual cambiar\u00e1 en septiembre.<\/p>\n\n\n\n<p>Fuente: https:\/\/www.bbc.com\/mundo\/noticias-55538074<\/p>\n","protected":false},"excerpt":{"rendered":"<p>BBC NEWS MUNDO Es correcto: el mismo calendario que ten\u00edamos en 1993 coincide con el de este 2021. Los d\u00edas [&hellip;]<\/p>\n","protected":false},"author":1,"featured_media":2984,"comment_status":"open","ping_status":"open","sticky":false,"template":"","format":"standard","meta":{"site-sidebar-layout":"default","site-content-layout":"","ast-site-content-layout":"default","site-content-style":"default","site-sidebar-style":"default","ast-global-header-display":"","ast-banner-title-visibility":"","ast-main-header-display":"","ast-hfb-above-header-display":"","ast-hfb-below-header-display":"","ast-hfb-mobile-header-display":"","site-post-title":"","ast-breadcrumbs-content":"","ast-featured-img":"","footer-sml-layout":"","theme-transparent-header-meta":"","adv-header-id-meta":"","stick-header-meta":"","header-above-stick-meta":"","header-main-stick-meta":"","header-below-stick-meta":"","astra-migrate-meta-layouts":"default","ast-page-background-enabled":"default","ast-page-background-meta":{"desktop":{"background-color":"var(--ast-global-color-4)","background-image":"","background-repeat":"repeat","background-position":"center center","background-size":"auto","background-attachment":"scroll","background-type":"","background-media":"","overlay-type":"","overlay-color":"","overlay-opacity":"","overlay-gradient":""},"tablet":{"background-color":"","background-image":"","background-repeat":"repeat","background-position":"center center","background-size":"auto","background-attachment":"scroll","background-type":"","background-media":"","overlay-type":"","overlay-color":"","overlay-opacity":"","overlay-gradient":""},"mobile":{"background-color":"","background-image":"","background-repeat":"repeat","background-position":"center center","background-size":"auto","background-attachment":"scroll","background-type":"","background-media":"","overlay-type":"","overlay-color":"","overlay-opacity":"","overlay-gradient":""}},"ast-content-background-meta":{"desktop":{"background-color":"var(--ast-global-color-5)","background-image":"","background-repeat":"repeat","background-position":"center center","background-size":"auto","background-attachment":"scroll","background-type":"","background-media":"","overlay-type":"","overlay-color":"","overlay-opacity":"","overlay-gradient":""},"tablet":{"background-color":"var(--ast-global-color-5)","background-image":"","background-repeat":"repeat","background-position":"center center","background-size":"auto","background-attachment":"scroll","background-type":"","background-media":"","overlay-type":"","overlay-color":"","overlay-opacity":"","overlay-gradient":""},"mobile":{"background-color":"var(--ast-global-color-5)","background-image":"","background-repeat":"repeat","background-position":"center center","background-size":"auto","background-attachment":"scroll","background-type":"","background-media":"","overlay-type":"","overlay-color":"","overlay-opacity":"","overlay-gradient":""}},"footnotes":""},"categories":[8],"tags":[],"class_list":["post-2983","post","type-post","status-publish","format-standard","has-post-thumbnail","hentry","category-noticias"],"_links":{"self":[{"href":"https:\/\/losperiodistas.com.mx\/portal\/wp-json\/wp\/v2\/posts\/2983","targetHints":{"allow":["GET"]}}],"collection":[{"href":"https:\/\/losperiodistas.com.mx\/portal\/wp-json\/wp\/v2\/posts"}],"about":[{"href":"https:\/\/losperiodistas.com.mx\/portal\/wp-json\/wp\/v2\/types\/post"}],"author":[{"embeddable":true,"href":"https:\/\/losperiodistas.com.mx\/portal\/wp-json\/wp\/v2\/users\/1"}],"replies":[{"embeddable":true,"href":"https:\/\/losperiodistas.com.mx\/portal\/wp-json\/wp\/v2\/comments?post=2983"}],"version-history":[{"count":1,"href":"https:\/\/losperiodistas.com.mx\/portal\/wp-json\/wp\/v2\/posts\/2983\/revisions"}],"predecessor-version":[{"id":2985,"href":"https:\/\/losperiodistas.com.mx\/portal\/wp-json\/wp\/v2\/posts\/2983\/revisions\/2985"}],"wp:featuredmedia":[{"embeddable":true,"href":"https:\/\/losperiodistas.com.mx\/portal\/wp-json\/wp\/v2\/media\/2984"}],"wp:attachment":[{"href":"https:\/\/losperiodistas.com.mx\/portal\/wp-json\/wp\/v2\/media?parent=2983"}],"wp:term":[{"taxonomy":"category","embeddable":true,"href":"https:\/\/losperiodistas.com.mx\/portal\/wp-json\/wp\/v2\/categories?post=2983"},{"taxonomy":"post_tag","embeddable":true,"href":"https:\/\/losperiodistas.com.mx\/portal\/wp-json\/wp\/v2\/tags?post=2983"}],"curies":[{"name":"wp","href":"https:\/\/api.w.org\/{rel}","templated":true}]}}