{"id":29827,"date":"2022-06-13T02:13:26","date_gmt":"2022-06-13T07:13:26","guid":{"rendered":"http:\/\/losperiodistas.com.mx\/portal\/?p=29827"},"modified":"2022-06-13T02:13:28","modified_gmt":"2022-06-13T07:13:28","slug":"sheinbaum-ebrard-y-adan-augusto-lopez-se-lanzan-a-la-carrera-presidencial-con-un-llamado-a-la-unidad-de-morena-el-pais","status":"publish","type":"post","link":"https:\/\/losperiodistas.com.mx\/portal\/sheinbaum-ebrard-y-adan-augusto-lopez-se-lanzan-a-la-carrera-presidencial-con-un-llamado-a-la-unidad-de-morena-el-pais\/","title":{"rendered":"Sheinbaum, Ebrard y Ad\u00e1n Augusto L\u00f3pez se lanzan a la carrera presidencial con un llamado a la unidad de Morena | El Pa\u00eds"},"content":{"rendered":"\n<p><em>El partido de L\u00f3pez Obrador convoca a un congreso en septiembre para renovar la estructura. \u201cQue nuestro movimiento est\u00e9 fuerte y organizado para la batalla de 2024\u2033, proclama Mario Delgado<\/em><\/p>\n\n\n\n<figure class=\"wp-block-image size-large\"><img fetchpriority=\"high\" decoding=\"async\" width=\"1024\" height=\"683\" src=\"https:\/\/losperiodistas.com.mx\/portal\/wp-content\/uploads\/2022\/06\/AOPKWESPBNA25KPXGHASEF6XYE-1024x683.jpeg\" alt=\"\" class=\"wp-image-29828\" srcset=\"https:\/\/losperiodistas.com.mx\/portal\/wp-content\/uploads\/2022\/06\/AOPKWESPBNA25KPXGHASEF6XYE-1024x683.jpeg 1024w, https:\/\/losperiodistas.com.mx\/portal\/wp-content\/uploads\/2022\/06\/AOPKWESPBNA25KPXGHASEF6XYE-300x200.jpeg 300w, https:\/\/losperiodistas.com.mx\/portal\/wp-content\/uploads\/2022\/06\/AOPKWESPBNA25KPXGHASEF6XYE-768x512.jpeg 768w, https:\/\/losperiodistas.com.mx\/portal\/wp-content\/uploads\/2022\/06\/AOPKWESPBNA25KPXGHASEF6XYE-1536x1024.jpeg 1536w, https:\/\/losperiodistas.com.mx\/portal\/wp-content\/uploads\/2022\/06\/AOPKWESPBNA25KPXGHASEF6XYE.jpeg 1960w\" sizes=\"(max-width: 1024px) 100vw, 1024px\" \/><figcaption>De izquierda a derecha: Claudia Sheinbaum, Mario Delgado, Ad\u00e1n Augusto, Citlalli Hern\u00e1ndez y Marcelo Ebrard, en la asamblea informativa realizada en Toluca, Estado de M\u00e9xico RODRIGO OROPEZA<\/figcaption><\/figure>\n\n\n\n<p class=\"has-vivid-cyan-blue-color has-text-color has-medium-font-size\">FRANCESO MANETTO \/ EL PA\u00cdS<\/p>\n\n\n\n<p>Ya no hay tapado, al menos aparentemente. El Movimiento Regeneraci\u00f3n Nacional (Morena) ha sacado este domingo a la luz del sol&nbsp;<a href=\"https:\/\/elpais.com\/mexico\/2022-06-08\/mexico-defendera-en-la-cumbre-de-las-americas-el-comienzo-de-un-nuevo-orden-regional.html\">a sus principales aspirantes para relevar al presidente, Andr\u00e9s Manuel L\u00f3pez Obrador<\/a>, en las presidenciales de 2024. Era la fotograf\u00eda que todos esperaban: los precandidatos juntos. La puesta en escena de la salida a la carrera ha reunido a Claudia Sheinbaum, Marcelo Ebrard y Ad\u00e1n Augusto L\u00f3pez en Toluca. Se buscaba con ello un mensaje inequ\u00edvoco de unidad, algo arduo dado que la sucesi\u00f3n se ha adelantado cuando tradicionalmente la pelea comenzaba m\u00e1s tarde, aproximadamente un a\u00f1o antes de las elecciones. La ausencia de otro dirigente destacado entre los favoritos, Ricardo Monreal, confirma las fricciones que ya se palpan en la formaci\u00f3n: el jefe de la Junta de Coordinaci\u00f3n Pol\u00edtica del Senado se ha quejado repetidamente de obst\u00e1culos internos para competir en la sucesi\u00f3n.<\/p>\n\n\n\n<p>En un acto pol\u00edtico in\u00e9dito, la direcci\u00f3n nacional del partido ha querido escenificar un apoyo sin fisuras al mandatario e intentar demostrar que, por encima de los intereses personales de los candidatos, debe prevalecer la armon\u00eda de la formaci\u00f3n. El mitin, celebrado en Toluca, capital del Estado de M\u00e9xico y un lugar especialmente simb\u00f3lico por las elecciones a gobernador que se realizar\u00e1n en 2023, ha sido una peque\u00f1a catarsis que, tras meses de interpretaciones de gestos, ha dejado una imagen que habla de qui\u00e9n es qui\u00e9n en la Cuarta Transformaci\u00f3n y su ambici\u00f3n de estar en la primera l\u00ednea.<\/p>\n\n\n\n<p>El mensaje ha sido un\u00e1nime, con una letra casi id\u00e9ntica para una melod\u00eda muy parecida.&nbsp;<a href=\"https:\/\/elpais.com\/mexico\/2022-06-11\/la-oposicion-escenifica-unidad-contra-morena-entre-fuertes-criticas-internas.html\">Ni la jefa de Gobierno de Ciudad de M\u00e9xico<\/a>, Claudia Sheinbaum, ni el secretario de Relaciones Exteriores, Marcelo Ebrard, o el de Gobernaci\u00f3n, Ad\u00e1n Augusto L\u00f3pez, se han referido abiertamente a sus planes, aunque s\u00ed a la meta de las presidenciales. Su llamamiento a la cohesi\u00f3n ha sido inequ\u00edvoco, pero tambi\u00e9n lo es el lugar que ocupan al haber sido colocados por el propio L\u00f3pez Obrador a la cabeza del proceso de sucesi\u00f3n: la famosa carrera de corcholatas.<\/p>\n\n\n\n<figure class=\"wp-block-image\"><img decoding=\"async\" src=\"https:\/\/imagenes.elpais.com\/resizer\/-Tw_DyszILKTAzVlwLANNRiaWIE=\/414x0\/cloudfront-eu-central-1.images.arcpublishing.com\/prisa\/NHS5WHSYB5D3FNYWQ2CETTHTGQ.jpg\" alt=\"Ad\u00e1n Augusto, secretario de Gobernaci\u00f3n, en su discurso el 12 de junio de 2022.\"\/><figcaption>Ad\u00e1n Augusto, secretario de Gobernaci\u00f3n, en su discurso el 12 de junio de 2022.RODRIGO OROPEZA<\/figcaption><\/figure>\n\n\n\n<p>\u201cAhora es el tiempo de la unidad, es el tiempo de la transformaci\u00f3n del pa\u00eds y eso solo sucede si vamos todos juntos\u201d, ha resumido el secretario de Gobernaci\u00f3n, hombre de m\u00e1xima confianza y fiel operador del mandatario. \u201cVamos a vencer si seguimos adelante, si no nos dividimos y si no nos confundimos, vamos a vencer en el Estado de M\u00e9xico, vamos a Vencer en Coahuila y vamos a vencer en 2024\u201d, ha enfatizado el canciller, el primero en abandonar el escenario al final del acto. \u201cEstamos m\u00e1s unidos que nunca, nada personal est\u00e1 por encima de los intereses sagrados del pueblo de M\u00e9xico\u201d, ha resaltado la regidora de la capital.<\/p>\n\n\n\n<p>Los cientos de simpatizantes, movilizados desde varios Estados, que abarrotaban la explanada del Teatro Morelos han asistido a un banderazo de salida que rompe la tradici\u00f3n que en M\u00e9xico mantuvieron por d\u00e9cadas el PRI y el PAN: el tapado, que finalmente era designado por el presidente para pasarle el testigo en la carrera presidencial. Su celebraci\u00f3n responde al deseo de L\u00f3pez Obrador de acabar con ese pasado para que el relevo se d\u00e9 a la luz del sol, sin maniobras ocultas. \u201cYa no hay tapados\u201d, lleva semanas repitiendo el presidente. Al menos las declaraciones de intenciones, ya que un an\u00e1lisis cada vez m\u00e1s extendido&nbsp;<a href=\"https:\/\/elpais.com\/opinion\/2022-06-11\/adan-augusto-el-primer-hombre-de-amlo.html\">apunta a Ad\u00e1n Augusto L\u00f3pez<\/a>&nbsp;como favorito por cercan\u00eda y afinidad con el jefe del Ejecutivo. En el acto han ondeado multitud de banderolas en apoyo del exgobernador de Tabasco, pero tambi\u00e9n hab\u00eda un grupo especialmente entregado a aplaudir a Ebrard, y el camino de Ciudad de M\u00e9xico a Toluca estaba jalonado de carteles a favor de Sheinbaum: \u201cClaudia, te AMLO\u201d.<\/p>\n\n\n\n<figure class=\"wp-block-image\"><img decoding=\"async\" src=\"https:\/\/imagenes.elpais.com\/resizer\/vFN6nj1OK47fs3gYkjispRcFKuk=\/414x0\/cloudfront-eu-central-1.images.arcpublishing.com\/prisa\/OS4XOYGZQJDR5DHN2A2V5LMIYM.jpg\" alt=\"La jefa de Gobierno de la Ciudad de M\u00e9xico, Claudia Sheinbaum, durante la asamblea informativa de Morena.\"\/><figcaption>La jefa de Gobierno de la Ciudad de M\u00e9xico, Claudia Sheinbaum, durante la asamblea informativa de Morena.RODRIGO OROPEZA<\/figcaption><\/figure>\n\n\n\n<p>Los militantes tambi\u00e9n se han adherido a la doctrina de la unidad, que desde el escenario han predicado tambi\u00e9n los gobernadores electos de Tamaulipas, Quintana Roo y Oaxaca. \u201cLo que queremos es que sea una jornada de unidad. Y al que salga elegido lo apoyaremos\u201d, afirma Uriel Velasco, de Los Reyes de Acaquilpan, en el Estado de M\u00e9xico. Sin embargo, como siempre sucede, si las presencias son elocuentes, tambi\u00e9n dicen mucho las ausencias. La m\u00e1s sonada fue la del jefe de la Junta de Coordinaci\u00f3n Pol\u00edtica del Senado, Ricardo Monreal, que tuvo su propia agenda en la capital. El veterano dirigente de Morena, que ha anunciado abiertamente su intenci\u00f3n de competir en una elecci\u00f3n interna, lleva semanas quej\u00e1ndose de los equilibrios internos. \u201cNo hay reglas claras, no hay piso parejo, hay favoritismo, no est\u00e1n las condiciones en igualdad y eso genera inconformidad y fisuras dentro de Morena\u201d, declar\u00f3 a EL PA\u00cdS hace dos semanas.<\/p>\n\n\n\n<p>El malestar en las filas de la formaci\u00f3n no es una novedad. El l\u00edder nacional de Morena, Mario Delgado, maestro de ceremonias del acto, ha anunciado la convocatoria de un congreso para septiembre. \u201cEs momento de convocar a la reorganizaci\u00f3n interna, con el compromiso de la unidad por delante. Por eso les traigo hoy aqu\u00ed una propuesta: que iniciemos los preparativos ya para tener asambleas distritales en el mes de julio y en agosto, y vayamos a un gran congreso nacional en septiembre. Que nuestro movimiento est\u00e9 fuerte y est\u00e9 organizado para la batalla de 2024\u2033, ha afirmado.<\/p>\n\n\n\n<figure class=\"wp-block-image\"><img decoding=\"async\" src=\"https:\/\/imagenes.elpais.com\/resizer\/tLTjqdldPQHfoY25bc5-83NXD2w=\/414x0\/cloudfront-eu-central-1.images.arcpublishing.com\/prisa\/HK5NPT4PPBG7XFHNELWQTDD4NQ.jpg\" alt=\"Marcelo Ebrard Casaub\u00f3n, secretario de Relaciones Exteriores, saluda al p\u00fablico reunido en Toluca.\"\/><figcaption>Marcelo Ebrard Casaub\u00f3n, secretario de Relaciones Exteriores, saluda al p\u00fablico reunido en Toluca.RODRIGO OROPEZA<\/figcaption><\/figure>\n\n\n\n<p>El mandatario abri\u00f3 oficialmente el baile del relevo el pasado lunes tras la estela de los resultados de las elecciones locales del d\u00eda anterior. Su partido ampli\u00f3 su dominio territorial al ganar en Quintana Roo, Oaxaca, Hidalgo y Tamaulipas. Ahora, junto con sus aliados, controla 22 de los 32 Estados mexicanos. Eso significa m\u00e1s poder, incluida mayor capacidad para movilizar a los votantes. Cuando todav\u00eda faltan dos a\u00f1os para agotar el sexenio, no obstante, L\u00f3pez Obrador pidi\u00f3 a los aspirantes que no se desv\u00eden de su trabajo. \u201cLa \u00fanica cosa es que no se distraigan de sus funciones\u201d.<\/p>\n\n\n\n<p>Ante los tropiezos de la alianza opositora y la falta de liderazgo claro, todos los focos se concentran en los precandidatos oficialistas. Los principales dirigentes determinados a competir ya han empezado,&nbsp;<em>de facto,&nbsp;<\/em>su campa\u00f1a y hasta han aprovechado los m\u00edtines previos a las elecciones del domingo para fortalecer su perfil nacional. Sheinbaum y Ebrard son los dos nombres favoritos y encarnan, respectivamente, el esp\u00edritu puro y pragm\u00e1tico de la Cuarta Transformaci\u00f3n.<\/p>\n\n\n\n<p>Pese a las objeciones de un sector de la formaci\u00f3n encabezado por Monreal y que ve arriesgado para la estabilidad de Morena emprender una sucesi\u00f3n adelantada, el presidente defiende este manejo de los tiempos. \u201cYo creo que es parte del cambio que no haya&nbsp;<em>tapados,<\/em>&nbsp;que se pueda transparentar todo y que sea el pueblo el que elija a los candidatos. Es que, de veras, es una herencia tambi\u00e9n de d\u00e9cadas. Esto empez\u00f3, lo del&nbsp;<em>tapado,&nbsp;<\/em>en 1880, cuando llega por primera vez Porfirio D\u00edaz con la bandera de la no reelecci\u00f3n\u201d, coment\u00f3 esta semana. Asegura que quien quiera puede sumarse al proceso interno, que se dirimir\u00e1 a trav\u00e9s de una encuesta entre los simpatizantes. En ning\u00fan caso, ha asegurado, con unas primarias. \u201cSi se abre [la elecci\u00f3n interna], se mete la mafia\u201d.<\/p>\n\n\n\n<p><a href=\"https:\/\/plus.elpais.com\/newsletters\/lnp\/1\/348\"><strong>Suscr\u00edbase aqu\u00ed<\/strong><\/a>a la\u00a0<em>newsletter<\/em>\u00a0de EL PA\u00cdS M\u00e9xico y reciba todas las claves informativas de la actualidad de este pa\u00eds<\/p>\n\n\n\n<p>Fuente: https:\/\/elpais.com\/mexico\/2022-06-12\/ya-no-hay-tapado-sheinbaum-ebrard-y-adan-augusto-lopez-se-lanzan-a-la-carrera-presidencial-con-un-llamado-a-la-unidad-de-morena.html<\/p>\n","protected":false},"excerpt":{"rendered":"<p>El partido de L\u00f3pez Obrador convoca a un congreso en septiembre para renovar la estructura. \u201cQue nuestro movimiento est\u00e9 fuerte [&hellip;]<\/p>\n","protected":false},"author":1,"featured_media":29828,"comment_status":"open","ping_status":"open","sticky":false,"template":"","format":"standard","meta":{"site-sidebar-layout":"default","site-content-layout":"","ast-site-content-layout":"default","site-content-style":"default","site-sidebar-style":"default","ast-global-header-display":"","ast-banner-title-visibility":"","ast-main-header-display":"","ast-hfb-above-header-display":"","ast-hfb-below-header-display":"","ast-hfb-mobile-header-display":"","site-post-title":"","ast-breadcrumbs-content":"","ast-featured-img":"","footer-sml-layout":"","theme-transparent-header-meta":"","adv-header-id-meta":"","stick-header-meta":"","header-above-stick-meta":"","header-main-stick-meta":"","header-below-stick-meta":"","astra-migrate-meta-layouts":"default","ast-page-background-enabled":"default","ast-page-background-meta":{"desktop":{"background-color":"var(--ast-global-color-4)","background-image":"","background-repeat":"repeat","background-position":"center center","background-size":"auto","background-attachment":"scroll","background-type":"","background-media":"","overlay-type":"","overlay-color":"","overlay-opacity":"","overlay-gradient":""},"tablet":{"background-color":"","background-image":"","background-repeat":"repeat","background-position":"center center","background-size":"auto","background-attachment":"scroll","background-type":"","background-media":"","overlay-type":"","overlay-color":"","overlay-opacity":"","overlay-gradient":""},"mobile":{"background-color":"","background-image":"","background-repeat":"repeat","background-position":"center center","background-size":"auto","background-attachment":"scroll","background-type":"","background-media":"","overlay-type":"","overlay-color":"","overlay-opacity":"","overlay-gradient":""}},"ast-content-background-meta":{"desktop":{"background-color":"var(--ast-global-color-5)","background-image":"","background-repeat":"repeat","background-position":"center center","background-size":"auto","background-attachment":"scroll","background-type":"","background-media":"","overlay-type":"","overlay-color":"","overlay-opacity":"","overlay-gradient":""},"tablet":{"background-color":"var(--ast-global-color-5)","background-image":"","background-repeat":"repeat","background-position":"center center","background-size":"auto","background-attachment":"scroll","background-type":"","background-media":"","overlay-type":"","overlay-color":"","overlay-opacity":"","overlay-gradient":""},"mobile":{"background-color":"var(--ast-global-color-5)","background-image":"","background-repeat":"repeat","background-position":"center center","background-size":"auto","background-attachment":"scroll","background-type":"","background-media":"","overlay-type":"","overlay-color":"","overlay-opacity":"","overlay-gradient":""}},"footnotes":""},"categories":[8],"tags":[5486,247],"class_list":["post-29827","post","type-post","status-publish","format-standard","has-post-thumbnail","hentry","category-noticias","tag-elecciones-2024","tag-morena"],"_links":{"self":[{"href":"https:\/\/losperiodistas.com.mx\/portal\/wp-json\/wp\/v2\/posts\/29827","targetHints":{"allow":["GET"]}}],"collection":[{"href":"https:\/\/losperiodistas.com.mx\/portal\/wp-json\/wp\/v2\/posts"}],"about":[{"href":"https:\/\/losperiodistas.com.mx\/portal\/wp-json\/wp\/v2\/types\/post"}],"author":[{"embeddable":true,"href":"https:\/\/losperiodistas.com.mx\/portal\/wp-json\/wp\/v2\/users\/1"}],"replies":[{"embeddable":true,"href":"https:\/\/losperiodistas.com.mx\/portal\/wp-json\/wp\/v2\/comments?post=29827"}],"version-history":[{"count":1,"href":"https:\/\/losperiodistas.com.mx\/portal\/wp-json\/wp\/v2\/posts\/29827\/revisions"}],"predecessor-version":[{"id":29829,"href":"https:\/\/losperiodistas.com.mx\/portal\/wp-json\/wp\/v2\/posts\/29827\/revisions\/29829"}],"wp:featuredmedia":[{"embeddable":true,"href":"https:\/\/losperiodistas.com.mx\/portal\/wp-json\/wp\/v2\/media\/29828"}],"wp:attachment":[{"href":"https:\/\/losperiodistas.com.mx\/portal\/wp-json\/wp\/v2\/media?parent=29827"}],"wp:term":[{"taxonomy":"category","embeddable":true,"href":"https:\/\/losperiodistas.com.mx\/portal\/wp-json\/wp\/v2\/categories?post=29827"},{"taxonomy":"post_tag","embeddable":true,"href":"https:\/\/losperiodistas.com.mx\/portal\/wp-json\/wp\/v2\/tags?post=29827"}],"curies":[{"name":"wp","href":"https:\/\/api.w.org\/{rel}","templated":true}]}}