{"id":2977,"date":"2021-01-05T03:29:53","date_gmt":"2021-01-05T09:29:53","guid":{"rendered":"http:\/\/losperiodistas.com.mx\/portal\/?p=2977"},"modified":"2021-01-05T03:29:53","modified_gmt":"2021-01-05T09:29:53","slug":"la-inquietante-militarizacion-de-mexico-amlo-le-ha-dado-poder-al-ejercito-en-30-tareas-infobae","status":"publish","type":"post","link":"https:\/\/losperiodistas.com.mx\/portal\/la-inquietante-militarizacion-de-mexico-amlo-le-ha-dado-poder-al-ejercito-en-30-tareas-infobae\/","title":{"rendered":"La inquietante militarizaci\u00f3n de M\u00e9xico: AMLO le ha dado poder al Ej\u00e9rcito en 30 tareas | Infobae"},"content":{"rendered":"\n<p style=\"font-size:18px\"><em>Los castrenses se han empoderado y obtenido mayor presupuesto, pero especialistas advierten que su avance en la administraci\u00f3n p\u00fablica es riesgoso por su poca transparencia y tendencia a violar Derechos Humanos<\/em><\/p>\n\n\n\n<p class=\"has-vivid-cyan-blue-color has-text-color has-medium-font-size\">INFOBAE<\/p>\n\n\n\n<p>En<strong>&nbsp;dos a\u00f1os de gobierno, Andr\u00e9s Manuel L\u00f3pez Obrador afianz\u00f3 el proceso de militarizaci\u00f3n en M\u00e9xico con 30 tareas asignadas al Ej\u00e9rcito<\/strong>&nbsp;m\u00e1s otras misiones a la&nbsp;<strong>Secretar\u00eda de Marina<\/strong>, aunado a las funciones de Seguridad P\u00fablica que las Fuerzas Armadas comenzaron a operar desde 2006.<\/p>\n\n\n\n<p>Fue&nbsp;<strong>el 24 de agosto del 2018, como presidente electo, que L\u00f3pez Obrador matiz\u00f3 su promesa de campa\u00f1a para regresar a las Fuerzas Armadas (FFAA) a sus cuarteles<\/strong>. En aquella fecha tuvo un encuentro con&nbsp;<strong>Francisco Vidal Sober\u00f3n<\/strong>&nbsp;y dos d\u00edas antes, acudi\u00f3 a una reuni\u00f3n con&nbsp;<mark><strong>Salvador Cienfuegos Zepeda<\/strong>,<\/mark>&nbsp;titulares de la Marina y Secretar\u00eda de la Defensa Nacional (Sedena) con<strong>&nbsp;Enrique Pe\u00f1a Nieto<\/strong>, respectivamente.<\/p>\n\n\n\n<p>El tabasque\u00f1o<strong>\u00a0argument\u00f3 que los mandos de la Sedena y Marina le hab\u00edan ofrecido un diagn\u00f3stico de la seguridad en M\u00e9xico.\u00a0<\/strong>Agreg\u00f3 que entrevistarse con ellos era fundamental para saber qu\u00e9 funcion\u00f3 y qu\u00e9 fue desechado, adem\u00e1s, que\u00a0<strong>ser\u00eda irresponsable retirar a los soldados de inmediato, porque las polic\u00edas locales no estaban funcionando<\/strong>.<\/p>\n\n\n\n<p>Aunque entonces<strong>&nbsp;destac\u00f3 que la presencia de los castrenses ser\u00eda transitoria<\/strong>, en tanto se creaba y operaba una&nbsp;<strong>Guardia Nacional (GN)<\/strong>,<strong>&nbsp;los mexicanos no sab\u00edan que ese periodo se extender\u00eda, de nueva cuenta, durante todo el sexenio<\/strong>.<\/p>\n\n\n\n<p>Y a\u00fan m\u00e1s<strong>, tampoco era visible que el proceso de militarizaci\u00f3n del pa\u00eds se ver\u00eda acentuado en dos a\u00f1os de mandato<\/strong>. Actualmente,<strong>&nbsp;las FFAA&nbsp;<\/strong><mark><strong>est\u00e1n enfocadas en la construcci\u00f3n de cuatro aeropuertos<\/strong>&nbsp;y<strong>&nbsp;tres tramos del Tren Maya<\/strong>; han remodelado hospitales, edifican<strong>&nbsp;bases de la Guardia Nacional y sucursales del Banco de Bienestar<\/strong>.<\/mark><img fetchpriority=\"high\" decoding=\"async\" alt=\"El Ej\u00e9rcito tiene a su cargo la construcci\u00f3n de sucursales del Banco de Bienestar (Foto: Sedena)\" height=\"544\" src=\"https:\/\/www.infobae.com\/new-resizer\/4Qc-KxUQrWoC_koKffBWAtRNXc0=\/420x236\/filters:format(jpg):quality(85)\/\/cloudfront-us-east-1.images.arcpublishing.com\/infobae\/OVAPA5R63BDVHBHEA63AFYA4KQ.jpg\" width=\"924\">El Ej\u00e9rcito tiene a su cargo la construcci\u00f3n de sucursales del Banco de Bienestar (Foto: Sedena)<\/p>\n\n\n\n<p>Tambi\u00e9n han&nbsp;<mark><strong>atendido el robo de combustibles; vendido cachitos para la rifa del avi\u00f3n presidencial;<\/strong>&nbsp;aportan&nbsp;<strong>\u00e1rboles para el programa Sembrando Vida&nbsp;<\/strong>y, en la emergencia sanitaria,<strong>&nbsp;distribuyen la vacuna contra COVID-19<\/strong>. Lo mismo&nbsp;<strong>reclutaron operadores de pipas que a personal m\u00e9dico o agentes de la GN<\/strong>; han vigilado la distribuci\u00f3n de libros de texto gratuitos como la entrega de fertilizantes y de los programas sociales.<\/mark><\/p>\n\n\n\n<p><mark><strong>Constructores, distribuidores y vigilantes<\/strong><\/mark><\/p>\n\n\n\n<p>El uso de los militares con AMLO&nbsp;<strong>ha respondido al menos a dos temporalidades.<\/strong>&nbsp;La primera de ellas<strong>&nbsp;recae en un \u00e1mbito sexenal y que est\u00e1 asentada en su proyecto de gobierno<\/strong>, como un aeropuerto, tramos del Tren Maya, o consolidar la Guardia Nacional.<\/p>\n\n\n\n<p>Por otro lado&nbsp;<strong>est\u00e1 el empleo emergente o especial<\/strong>, donde entra la distribuci\u00f3n de libros de texto o el proyecto contra COVID-19.<\/p>\n\n\n\n<p>Cabe notar que&nbsp;<strong>L\u00f3pez Obrador ha requerido modificaciones constitucionales<\/strong>para ampliar las facultades de los castrenses (como en la GN o entrega de puertos a la Marina); aunque tambi\u00e9n&nbsp;<strong>se ha valido de acondicionar planes DN-III&nbsp;<\/strong>que habitualmente solo se implementaban en inundaciones o sismos.<\/p>\n\n\n\n<p>Adem\u00e1s,&nbsp;<strong>los militares han extendido e inaugurado diversos convenios de colaboraci\u00f3n con otras dependencias federales<\/strong>; lo mismo en la Secretar\u00eda de Educaci\u00f3n P\u00fablica, de Agricultura o Petr\u00f3leos Mexicanos (Pemex). De igual manera,&nbsp;<strong>el presidente ha impulsado la narrativa de que debe usarse y aprovecharse el conocimiento t\u00e9cnico, la eficacia, as\u00ed como el despliegue de los soldados.<\/strong><img decoding=\"async\" alt=\"Los castrenses deber\u00e1n construir y administrar tramos del Tren Maya (Foto: Cortes\u00eda Presidencia)\" height=\"683\" src=\"https:\/\/www.infobae.com\/new-resizer\/JpI2Xr8cNwj_ALl7KEfcwg7uGuA=\/420x280\/filters:format(jpg):quality(85)\/\/cloudfront-us-east-1.images.arcpublishing.com\/infobae\/ZEX3ZAWT45AOZPYXF2H7LFDWT4.jpeg\" width=\"1024\">Los castrenses deber\u00e1n construir y administrar tramos del Tren Maya (Foto: Cortes\u00eda Presidencia)<\/p>\n\n\n\n<p>Recientemente,<strong>&nbsp;el jefe del Ejecutivo ha justificado su sost\u00e9n en las FFAA en la Ley Org\u00e1nica del Ej\u00e9rcito, donde se establece que \u00e9ste debe coadyuvar al progreso del pa\u00eds<\/strong>. Es decir, ha echado mano de diversos recursos formales, discursivos como administrativos para dar m\u00e1s terreno a su instituci\u00f3n preferida.<\/p>\n\n\n\n<p>Una revisi\u00f3n realizada por este medio ha permitido contabilizar m\u00e1s de 30 asignaciones a las FFAA.&nbsp;<strong>En primer lugar destaca<\/strong><mark><strong>&nbsp;la construcci\u00f3n del aeropuerto internacional Felipe \u00c1ngeles<\/strong><\/mark>, desarrollado en terrenos ampliados a la base militar de Santa Luc\u00eda, Estado de M\u00e9xico.<\/p>\n\n\n\n<p>El Ej\u00e9rcito<strong>&nbsp;no solo construye, sino tambi\u00e9n administrar\u00e1 tal servicio y ejecutar\u00e1 las obras para conectar con el Aeropuerto Internacional de la Ciudad de M\u00e9xico<\/strong>. El<strong>&nbsp;costo proyectado es de 74 mil 535 millones de pesos<\/strong>, de los cuales,&nbsp;<strong>38 mil 646 millones fueron autorizados para este 2021<\/strong>.<\/p>\n\n\n\n<p>A su vez, la Sedena ha sido asignada a<mark><strong>&nbsp;construir los tramos 1, 6 y 7 del Tren Maya<\/strong><\/mark>, as\u00ed como el<strong>&nbsp;<\/strong><mark><strong>aeropuerto de Tulum<\/strong><\/mark>, Quintana Roo, m\u00e1s<strong>&nbsp;la&nbsp;<\/strong><mark><strong>administraci\u00f3n del puerto a\u00e9reo en Chetumal y el de Palenque, Chiapas<\/strong><\/mark>.<\/p>\n\n\n\n<p>Aunado a la edificaci\u00f3n del&nbsp;<mark><strong>Parque Ecol\u00f3gico en el Lago de Texcoco<\/strong><\/mark><strong>;<\/strong>&nbsp;la<mark><strong>remodelaci\u00f3n de 32 hospitales<\/strong><\/mark>; la construcci\u00f3n de<mark><strong>&nbsp;2,700 sucursales del Banco de Bienestar<\/strong><\/mark>; las&nbsp;<mark><strong>viviendas para personal de la Guardia Nacional en Santa Fe<\/strong><\/mark><strong>, Ciudad de M\u00e9xico<\/strong>; el&nbsp;<mark><strong>Canal Centenario<\/strong><\/mark><strong>&nbsp;y zonas de riego en Nayarit<\/strong>; y&nbsp;<mark><strong>248 cuarteles de la GN hasta 2021<\/strong><\/mark><strong>,<\/strong>&nbsp;de los cuales existen 120 y 52 est\u00e1n en obra.<img decoding=\"async\" alt=\"La Guardia Nacional tiene estructura y mandos militares aunque se presenta como corporaci\u00f3n civil (FOTO: OMAR MART\u00cdNEZ \/CUARTOSCURO.COM)\" height=\"3521\" src=\"https:\/\/www.infobae.com\/new-resizer\/HdMHE0XndOJtbUMSxaXjXiuJ3Io=\/420x280\/filters:format(jpg):quality(85)\/\/cloudfront-us-east-1.images.arcpublishing.com\/infobae\/XZHUIIE57FGJPJDFTWK6ZX4GG4.jpg\" width=\"5336\">La Guardia Nacional tiene estructura y mandos militares aunque se presenta como corporaci\u00f3n civil (FOTO: OMAR MART\u00cdNEZ \/CUARTOSCURO.COM)<\/p>\n\n\n\n<p>Sobre su participaci\u00f3n en programas sociales, destaca que&nbsp;<strong>el Ej\u00e9rcito debe usar, ampliar y equipar 30 viveros forestales militares para dotar de 215 millones de \u00e1rboles entre 2019 y 2021 en el programa&nbsp;<\/strong><mark><strong>Sembrando Vida<\/strong><\/mark>. De acuerdo con el segundo informe de labores de la Sedena, se asign\u00f3 un&nbsp;<strong>presupuesto de 906 millones 397 mil 446.84 pesos para tal proyecto<\/strong>.<\/p>\n\n\n\n<p>En el programa<mark>&nbsp;<strong>J\u00f3venes Construyendo el Futuro<\/strong><\/mark>, la Sedena ha implementado&nbsp;<strong>33 centros de capacitaci\u00f3n para incluir en el campo laboral a quienes rondan los 18 y 29 a\u00f1os, resultando 3,857 becarios en 12 compa\u00f1\u00edas regionales del Servicio Militar<\/strong>&nbsp;hasta 2020. Al 31 de julio de 2019, estaban registrados 1,255 soldados del Servicio Militar Nacional.<\/p>\n\n\n\n<p>Los comandados por<strong>&nbsp;Luis Cresencio Sandoval,<\/strong>&nbsp;general secretario, tambi\u00e9n&nbsp;<strong>est\u00e1n dedicados a<\/strong><mark><strong>&nbsp;vigilar la entrega de los recursos de programas sociales&nbsp;<\/strong><\/mark><strong>como apoyos a adultos mayores o Becas de Bienestar<\/strong>. Se prev\u00e9 que la dependencia militar<strong>&nbsp;conforme su propio grupo para el traslado de valores y dotar a las sucursales del Banco de Bienestar<\/strong>&nbsp;de los 300 mil millones de pesos destinados a los programas asistenciales de la llamada cuarta transformaci\u00f3n. Igual fueron asignados<mark>&nbsp;<strong>1,800 efectivos para custodiar las obras de la Refiner\u00eda Dos Bocas, Tabasco<\/strong><\/mark>.<\/p>\n\n\n\n<p>Los castrenses igual distribuyeron la&nbsp;<mark><strong>entrega de libros y materiales educativos&nbsp;<\/strong><\/mark><strong>para el ciclo escolar 2019-2020<\/strong>; adem\u00e1s de resguardar y custodiar&nbsp;<mark><strong>el traslado de fertilizantes<\/strong><\/mark><strong>&nbsp;para beneficiar a 233 mil 235 productores en Guerrero<\/strong>, el a\u00f1o pasado.<\/p>\n\n\n\n<p><strong>Claudia Anaya<\/strong>, senadora del PRI,<strong>&nbsp;exhibi\u00f3 el 29 de agosto pasado que los&nbsp;<\/strong><mark><strong>soldados vend\u00edan cachitos para la rifa del avi\u00f3n presidencial&nbsp;<\/strong><\/mark><strong>realizada el 15 de septiembre de este a\u00f1o<\/strong>. Entre los&nbsp;<strong>ganadores del sorteo estuvieron dos hospitales militares, uno de Oaxaca y otro de Coahuila, cada uno con premio de 20 millones de pesos<\/strong>&nbsp;para dotarse de insumos e infraestructura que le sean necesarios.<img loading=\"lazy\" decoding=\"async\" alt=\"El aeropuerto Felipe \u00c1ngeles es uno de los proyectos prioritarios de AMLO (Foto: Cuartoscuro)\" height=\"3648\" src=\"https:\/\/www.infobae.com\/new-resizer\/Snv-TFPTFHzslQNPxNtblZdd3GA=\/420x280\/filters:format(jpg):quality(85)\/\/cloudfront-us-east-1.images.arcpublishing.com\/infobae\/V7PQEOHHCRFGFIDMHX6EAMJWFE.jpg\" width=\"5472\">El aeropuerto Felipe \u00c1ngeles es uno de los proyectos prioritarios de AMLO (Foto: Cuartoscuro)<\/p>\n\n\n\n<p>Otras tareas han sido<mark><strong>&nbsp;la repatriaci\u00f3n de las cenizas de Jos\u00e9 Jos\u00e9 de Miami a la Ciudad de M\u00e9xico<\/strong><\/mark>, a bordo de una aeronave de la Fuerza A\u00e9rea Mexicana en octubre del 2019,<strong>&nbsp;cuyo costo fue valuado en 1.2 millones de pesos<\/strong>. As\u00ed como<mark><strong>el rescate del ex presidente Evo Morales<\/strong><\/mark>, asilado y transportado desde Bolivia en noviembre de 2019;&nbsp;<strong>aunque estas asignaciones, cabe precisar, no entran en la lista de 30<\/strong>.<\/p>\n\n\n\n<p>Como parte del&nbsp;<mark><strong>apoyo a la Guardia Nacional,<\/strong><\/mark><strong>&nbsp;el Ej\u00e9rcito est\u00e1 encargado de incorporar, vestir, instruir y armar al personal.<\/strong>&nbsp;Si bien esta fuerza<strong>&nbsp;es presentada como de car\u00e1cter civil, su estructura y mandos son militares<\/strong>. A la dependencia se le asign\u00f3 la<strong>&nbsp;meta de reclutar a 43,663 elementos de 2019 a 2021<\/strong>. De lo proyectado el a\u00f1o pasado con<strong>&nbsp;21,430,&nbsp;<\/strong>se cubri\u00f3 el 93%. Cabe destacar que en esto tambi\u00e9n participa la Marina, que&nbsp;<strong>alist\u00f3 a 5,600 efectivos de los 7,000 previstos en 2020<\/strong>.<\/p>\n\n\n\n<p>Entre el equipo provisto, con datos del segundo informe de labores de la Sedena,&nbsp;<strong>destacan 2 mil 234 camionetas&nbsp;<\/strong><em><strong>Pick-up&nbsp;<\/strong><\/em><strong>4&#215;4 de doble cabina, 124 camiones de redilas de 3.5 toneladas, 162 camiones de 6.5 toneladas&nbsp;<\/strong>y 198 motocicletas.<\/p>\n\n\n\n<p>Adem\u00e1s de&nbsp;<strong>45 fusiles calibre .50; 50 mil pistolas calibre 9 mil\u00edmetros<\/strong>; as\u00ed como la instalaci\u00f3n de mobiliario, comunicaciones, el&nbsp;<strong>blindaje de 90 camionetas y 2 millones 17 mil 195 art\u00edculos entre uniformes<\/strong>, incluidos<strong>&nbsp;30 mil chalecos antibala<\/strong>, gorras, camisas, zapatos, chamarras, playeras, insignias y botas.<\/p>\n\n\n\n<p>El&nbsp;<mark><strong>combate de robo a combustible<\/strong><\/mark><strong>, o llamado&nbsp;<\/strong><em><strong>huachicoleo,<\/strong><\/em>&nbsp;es una de las cruzadas de L\u00f3pez Obrador desde las primeras semanas de su gobierno. Para ello implement\u00f3 un<mark><strong>&nbsp;Plan DN-III, cuando el desabasto de gasolinas<\/strong><\/mark>, pues se decidi\u00f3 el cierre de ductos, lo que caus\u00f3 carencia del hidrocarburo.<img loading=\"lazy\" decoding=\"async\" alt=\"Cuando hubo desabasto de gasolinas, el presidente acondicion\u00f3 un Plan DN-III que se qued\u00f3 de forma permanente en el marco de combate al huachicol (Foto: Sedena)\" height=\"474\" src=\"https:\/\/www.infobae.com\/new-resizer\/x1z6Y_5y-pcZ_tBINNQk-6_COt0=\/420x236\/filters:format(jpg):quality(85)\/\/cloudfront-us-east-1.images.arcpublishing.com\/infobae\/2TKWBFZWGJEU5M7CWIGMX62R7Y.jpg\" width=\"880\">Cuando hubo desabasto de gasolinas, el presidente acondicion\u00f3 un Plan DN-III que se qued\u00f3 de forma permanente en el marco de combate al huachicol (Foto: Sedena)<\/p>\n\n\n\n<p>Adem\u00e1s, la Sedena participa en la<strong>&nbsp;<\/strong><mark><strong>custodia de pipas<\/strong><\/mark><strong>, as\u00ed como en la log\u00edstica de distribuci\u00f3n.<\/strong>&nbsp;Se encarg\u00f3 de&nbsp;<mark><strong>contratar a 1,635 conductores&nbsp;<\/strong><\/mark><strong>para la operaci\u00f3n de 637 autotanques<\/strong>, del 1 de septiembre de 2019 al 31 de julio de 2020.<\/p>\n\n\n\n<p>En el mismo periodo referido, la fuerza armada mantuvo<strong>&nbsp;un promedio mensual de 5,011 efectivos desplegados,12 aeronaves y 48 minidrones<\/strong>&nbsp;empe\u00f1ados en la protecci\u00f3n de instalaciones y ductos estrat\u00e9gicos de Petr\u00f3leos Mexicanos. Durante 2020 participaron<strong>&nbsp;2,429 agentes para las operaciones contra el<\/strong><em><strong>huachicol;<\/strong><\/em><em>&nbsp;a<\/em>s\u00ed como el reforzamiento de la vigilancia.<\/p>\n\n\n\n<p>Seg\u00fan datos del gobierno federal, este plan ha permitido<strong>&nbsp;un ahorro estimado de 124 mil 4 millones 265 mil 487 pesos,&nbsp;<\/strong>del 21 de diciembre del 2018 al 30 de diciembre del 2020. En consecuencia,&nbsp;<strong>1,179 personas han sido detenidas<\/strong>; m\u00e1s de 23 mil tomas clandestinas fueron aseguradas;&nbsp;<strong>entre 27 millones de litros de combustible recuperados<\/strong>, as\u00ed como 44 t\u00faneles descubiertos y unos 3,300 veh\u00edculos decomisados; todo de&nbsp;<strong>2019 a 2020<\/strong>.<\/p>\n\n\n\n<p>Para&nbsp;<mark><strong>frenar el flujo migratorio de Centroam\u00e9rica a Estados Unidos<\/strong><\/mark>, L\u00f3pez Obrador encarg\u00f3 un despliegue de las fuerzas federales en la frontera sur y norte de M\u00e9xico.&nbsp;<strong>Durante 2020, los efectivos destinados a estas tareas sumaron 8,058.<\/strong>&nbsp;De ellos,&nbsp;<strong>4,042 estuvieron en el sur de EEUU y 4,016 en los l\u00edmites con Guatemala y Belice<\/strong>. El a\u00f1o pasado fueron instalados&nbsp;<strong>30 puestos militares, 347 puntos de control migratorio y \u201crescatadas\u201d 1,288 personas en las tres rutas utilizadas&nbsp;<\/strong>por quienes aspiran a cruzar al pa\u00eds norteamericano.<\/p>\n\n\n\n<p>Como parte del plan contra COVID-19, los soldados est\u00e1n encargados&nbsp;<strong>del&nbsp;<\/strong><mark><strong>resguardo y distribuci\u00f3n de las vacunas<\/strong><\/mark><strong>&nbsp;que ya se han aplicado en el centro del pa\u00eds<\/strong>: Ciudad de M\u00e9xico, Estado de M\u00e9xico y Quer\u00e9taro, as\u00ed como en el norte con Coahuila y Nuevo Le\u00f3n.<img loading=\"lazy\" decoding=\"async\" alt=\"Los militares deben plantar \u00e1rboles maderables y frutales, para ello deben equipar y ampliar viveros forestales (Foto: Sedena)\" height=\"564\" src=\"https:\/\/www.infobae.com\/new-resizer\/mb5eRvRMahF2e2TiDQPMtp996iI=\/420x280\/filters:format(jpg):quality(85)\/\/cloudfront-us-east-1.images.arcpublishing.com\/infobae\/FRN4N3BDBJG4HLA2UBUC3R5DN4.jpg\" width=\"896\">Los militares deben plantar \u00e1rboles maderables y frutales, para ello deben equipar y ampliar viveros forestales (Foto: Sedena)<\/p>\n\n\n\n<p>En abril de 2020,<strong>&nbsp;la Sedena despleg\u00f3 agentes para<\/strong><mark><strong>&nbsp;vigilar hospitales en la capital del pa\u00eds y Michoac\u00e1n<\/strong><\/mark><strong>,<\/strong>&nbsp;pues eran recurrentes las&nbsp;<strong>agresiones al personal m\u00e9dico, debido a que los ciudadanos les discriminaban por atender en hospitales COVID,<\/strong>&nbsp;con lo cual supon\u00edan que eran propagadores del virus. De acuerdo con informaci\u00f3n oficial, fueron&nbsp;<strong>resguardadas 46 instalaciones<\/strong>(38 almacenes,&nbsp;<strong>7 hospitales del IMSS y 1 hospital de Guerrero<\/strong>).<\/p>\n\n\n\n<p>Ante la necesidad de m\u00e9dicos, enfermeras y dem\u00e1s trabajadores sanitarios<mark>,<strong>&nbsp;el Ej\u00e9rcito reclut\u00f3 a personal<\/strong><\/mark>. A los militares&nbsp;<strong>les fue entregada la<\/strong><mark><strong>administraci\u00f3n de 10 hospitales para atender la emergencia sanitaria<\/strong><\/mark>, dispusieron de sus propias instalaciones para este fin y repatriaron restos de connacionales, como a mexicanos varados en otros pa\u00edses. Se&nbsp;<strong>acondicion\u00f3 un Plan DN-III en que tambi\u00e9n participan la Marina y Guardia Nacional<\/strong>.<\/p>\n\n\n\n<p>El&nbsp;<strong>personal de las tres dependencias sum\u00f3 49 mil 585.<\/strong>&nbsp;Fueron<mark><strong>reacondicionados 32 hospitales COVID<\/strong><\/mark><strong>&nbsp;con 560 camas de hospitalizaci\u00f3n y 770 de terapia intensiva.<\/strong>&nbsp;Los centros militares y navales que atienden a enfermos de coronavirus ascienden a<strong>&nbsp;62<\/strong>. Los castrenses<mark><strong>&nbsp;implementaron 308 filtros sanitarios&nbsp;<\/strong><\/mark>en aeropuertos, centrales de autobuses, carreteras y lugares p\u00fablicos<strong>. Y han aplicado 26 mil 947 vacunas, adem\u00e1s de atender a 59 mil 180 pacientes<\/strong>.<\/p>\n\n\n\n<p>Las FFAA<strong>&nbsp;<\/strong><mark><strong>transportaron m\u00e1s de 8 mil toneladas de insumos m\u00e9dicos&nbsp;<\/strong><\/mark><strong>y realizaron 120 operaciones a\u00e9reas para el traslado de 61 infectados de COVID-19, 250 urnas de fallecidos por la enfermedad en EEUU<\/strong>. As\u00ed como el transporte de<strong>&nbsp;2,125 trabajadores de salud;&nbsp;<\/strong><mark><strong>919 mexicanos repatriados<\/strong><\/mark><strong>&nbsp;de Argentina, Bolivia, Chile, Cuba y Per\u00fa<\/strong>. A su vez, 742 extranjeros de 9 pa\u00edses fueron regresados. Y&nbsp;<mark><strong>confeccionaron 3 millones 411 mil 029 piezas de vestuario m\u00e9dico<\/strong><\/mark>&nbsp;en sus f\u00e1bricas.<\/p>\n\n\n\n<p>Adem\u00e1s de todo ello, a la Sedena y la Marina les fue&nbsp;<strong>entregado el<\/strong><mark><strong>&nbsp;control de aduanas mar\u00edtimas y terrestres.<\/strong>&nbsp;<\/mark>La Armada de M\u00e9xico igual contribuy\u00f3 en la&nbsp;<strong>limpia del sargazo<\/strong>, entre agosto y septiembre del a\u00f1o pasado en Quintana Roo. Esta dependencia tambi\u00e9n&nbsp;<strong>controlar\u00e1 y administrar\u00e1 los puertos del pa\u00eds<\/strong>.<img loading=\"lazy\" decoding=\"async\" alt=\"En la emergencia por COVID-19 las tareas asignadas a la Sedena se ampliaron (Foto: Sedena)\" height=\"853\" src=\"https:\/\/www.infobae.com\/new-resizer\/iTa0pqvB86dmyPflxwreQgnK7Yc=\/420x280\/filters:format(jpg):quality(85)\/\/cloudfront-us-east-1.images.arcpublishing.com\/infobae\/ALYVYDJR5NH55C36UIAT6J3D6Q.jpg\" width=\"1280\">En la emergencia por COVID-19 las tareas asignadas a la Sedena se ampliaron (Foto: Sedena)<\/p>\n\n\n\n<p>Si bien,<strong>&nbsp;las funciones mencionadas est\u00e1n enfocadas en el Ej\u00e9rcito, cabe destacar que suman a sus&nbsp;<\/strong><mark><strong>actividades reglamentadas de Seguridad P\u00fablica<\/strong><\/mark><strong>; incluidas labores de patrullaje, erradicaci\u00f3n de plant\u00edos y decomisos de narc\u00f3ticos<\/strong>. As\u00ed como la vigilancia de instalaciones estrat\u00e9gicas.<\/p>\n\n\n\n<p>La&nbsp;<strong>Guardia Nacional fue aprobada en marzo de 2019 y arranc\u00f3 operaciones formales el 30 de junio de ese a\u00f1o<\/strong>; desde entonces, el presidente ten\u00eda margen para disponer de las FFAA en auxilio de la corporaci\u00f3n reci\u00e9n creada, facultad que fue efectiva desde el 12 de mayo de 2020.<\/p>\n\n\n\n<p>Con ello&nbsp;<strong>qued\u00f3 escrito que el Ej\u00e9rcito y la Marina podr\u00edan intervenir legalmente en competencias que antes eran exclusivas de las polic\u00edas civiles<\/strong>, con vigencia<strong>&nbsp;hasta el el 27 de marzo de 2024<\/strong>, pr\u00e1cticamente, lo que resta del sexenio u ocho meses antes de que AMLO concluya su mandato.<\/p>\n\n\n\n<p>Entre enero y diciembre de este 2020,&nbsp;<strong>la Sedena cont\u00f3 con 165 mil 454 agentes, la Marina 53 mil 810 y la Guardia Nacional aport\u00f3 100,024<\/strong>. En conjunto fueron<strong>&nbsp;89 mil 570 efectivos para las llamadas operaciones de construcci\u00f3n de paz<\/strong>. De estos, 7,900 soldados se dedicaron a erradicar plant\u00edos il\u00edcitos.<img loading=\"lazy\" decoding=\"async\" alt=\"Acondicionaron hospitales, transportaron insumos y personal m\u00e9dico e implementaron filtros sanitarios (Foto: Cortes\u00eda Presidencia)\" height=\"627\" src=\"https:\/\/www.infobae.com\/new-resizer\/4LM8AlquYn80hy45gQ9ASc9xtok=\/420x280\/filters:format(jpg):quality(85)\/\/cloudfront-us-east-1.images.arcpublishing.com\/infobae\/UYJGC6ZOKVAYRFZORZAEYQU2MA.jpeg\" width=\"893\">Acondicionaron hospitales, transportaron insumos y personal m\u00e9dico e implementaron filtros sanitarios (Foto: Cortes\u00eda Presidencia)<\/p>\n\n\n\n<p><mark><strong>AMLO y el avance de la militarizaci\u00f3n<\/strong><\/mark><\/p>\n\n\n\n<p>De acuerdo con analistas consultados por<em>&nbsp;<\/em><a href=\"https:\/\/www.infobae.com\/america\/mexico\/\" target=\"_blank\" rel=\"noreferrer noopener\"><em>Infobae M\u00e9xico<\/em><\/a>, el gobierno de la llamada cuarta transformaci\u00f3n ha expandido<strong>&nbsp;tareas civiles a manos de las FFAA, lo cual podr\u00eda sentar las bases del militarismo en el pa\u00eds<\/strong>. Es decir, el&nbsp;<strong>empoderamiento de los castrenses para incidir en decisiones pol\u00edticas<\/strong>. Cuando es la Seguridad Nacional la funci\u00f3n primordial de estas dependencias, lejos de su participaci\u00f3n progresiva en funciones gubernamentales..<\/p>\n\n\n\n<p>Esto es riesgoso porque&nbsp;<strong>conduce a un control social a partir de valores militares, a una aculturaci\u00f3n donde soldados y\/o marinos pueden inscribirse cada vez m\u00e1s en \u00e1mbitos de la Administraci\u00f3n P\u00fablica federal<\/strong>.<\/p>\n\n\n\n<p>\u201cLos<strong>&nbsp;valores militares no son necesariamente los m\u00e1s progresistas del mundo<\/strong>, ese riesgo si es muy importante tenerlo en su justa dimensi\u00f3n, porque no solo es eso, el cambio de las relaciones c\u00edvico-militares en la naturaleza del Estado mexicano, sino que&nbsp;<strong>tambi\u00e9n tiene importante riesgo para la poblaci\u00f3n en tanto que son instituciones poco transparentes pero tambi\u00e9n perpetradoras de violaciones graves a los derechos humanos<\/strong>\u201d, apunt\u00f3&nbsp;<strong>Lisa Mar\u00eda S\u00e1nchez Ortega<\/strong>, directora de M\u00e9xico Unido Contra la Delincuencia (MUCD).<img loading=\"lazy\" decoding=\"async\" alt=\"Lisa S\u00e1nchez, directora de M\u00e9xico Unido Contra la Delincuencia, advirti\u00f3 sobre el militarismo en el pa\u00eds (Foto: @lismarybaby)\" height=\"1080\" src=\"https:\/\/www.infobae.com\/new-resizer\/lmObKlOENzoLaHppgwFWDdj4Rp4=\/420x236\/filters:format(jpg):quality(85)\/\/cloudfront-us-east-1.images.arcpublishing.com\/infobae\/GB5FYO26QZEARA7WDP7EV3BSWI.jpg\" width=\"1920\">Lisa S\u00e1nchez, directora de M\u00e9xico Unido Contra la Delincuencia, advirti\u00f3 sobre el militarismo en el pa\u00eds (Foto: @lismarybaby)<\/p>\n\n\n\n<p>Adem\u00e1s,&nbsp;<strong>la suma de misiones tambi\u00e9n implica gran cantidad de manejo de recursos, con autonom\u00eda presupuestaria cada vez mayor<\/strong>. Esto, a su vez, causa que<strong>&nbsp;las FFAA se expongan a casos de corrupci\u00f3n<\/strong>. Sin embargo, L\u00f3pez Obrador tiene tal confianza en \u201cel pueblo uniformado\u201d que solo resalta la eficacia de los militares.<\/p>\n\n\n\n<p><strong>Para 2021, la Secretar\u00eda de la Defensa Nacional ejercer\u00e1 su mayor presupuesto en la historia: 112 mil 557 millones de pesos<\/strong>, es decir<strong>, 18 mil 528 millones m\u00e1s que lo otorgado en este a\u00f1o<\/strong>; algo que se ha calificado como \u201cconsentir\u201d a los militares.<\/p>\n\n\n\n<p>\u201cEl aumento<strong>&nbsp;proyectado para la Sedena para el a\u00f1o entrante ser\u00eda de 15,7%&nbsp;<\/strong>(superando los 112 mil millones de pesos)&nbsp;<strong>mientras que para la Semar ser\u00eda de 2,1%<\/strong>&nbsp;(rebasando los 35 mil millones de pesos). Esto&nbsp;<strong>sin contar que la GN crecer\u00eda su presupuesto en 17,7%&nbsp;<\/strong>y que, de aprobarse la militarizaci\u00f3n de los puertos y aduanas,&nbsp;<strong>la Semar lograr\u00eda el control de, por lo menos, otros 25 mil millones de pesos<\/strong>\u201d, proyect\u00f3 un&nbsp;<a href=\"https:\/\/www.mucd.org.mx\/wp-content\/uploads\/2020\/11\/SANCHEZ-MILITARIZAC-SDAD-ME%CC%81X.pdf\" target=\"_blank\" rel=\"noreferrer noopener\">an\u00e1lisis de S\u00e1nchez Ortega en noviembre pasado<\/a>.<\/p>\n\n\n\n<p>Contrario a la austeridad impulsada por L\u00f3pez Obrador, el sector militar no ha visto decrecer sus recursos, pues debe llevar a cabo las tareas asignadas y para ello necesita presupuesto.<img loading=\"lazy\" decoding=\"async\" alt=\"Catalina P\u00e9rez Correa, acad\u00e9mica del CIDE, mencion\u00f3 que L\u00f3pez Obrador privilegia la lealtad y sustituye a quienes le cuestionan dentro del gabinete (Foto: @cideregioncentro)\" height=\"1080\" src=\"https:\/\/www.infobae.com\/new-resizer\/C6g5k2Jm-aFvh_2yYNKpcMu-faY=\/420x236\/filters:format(jpg):quality(85)\/\/cloudfront-us-east-1.images.arcpublishing.com\/infobae\/SPH7II42HFB3LLQ7Y7S3MERKR4.jpg\" width=\"1920\">Catalina P\u00e9rez Correa, acad\u00e9mica del CIDE, mencion\u00f3 que L\u00f3pez Obrador privilegia la lealtad y sustituye a quienes le cuestionan dentro del gabinete (Foto: @cideregioncentro)<\/p>\n\n\n\n<p><mark>\u201c<strong>Riesgo de corrupci\u00f3n<\/strong><\/mark><strong>&nbsp;hay porque no se est\u00e1n fortaleciendo las instancias supervisoras del gasto p\u00fablico<\/strong>\u201d, consider\u00f3 Ra\u00fal Ben\u00edtez Manaut, especialista en Seguridad Nacional y FFAA de la Universidad Nacional Aut\u00f3noma de M\u00e9xico (UNAM).<\/p>\n\n\n\n<p>Entre 2019 a noviembre de 2020, la Sedena recibi\u00f3<strong>&nbsp;50 contratos por adjudicaci\u00f3n directa en montos superiores a los 2 mil 481 millones de pesos, seg\u00fan consign\u00f3&nbsp;<\/strong><em><strong>Proceso<\/strong><\/em>. Los especialistas coincidieron que se a\u00f1ade la dificultad de revisar esos convenios, porque las FFAA son renuentes a la transparencia.<\/p>\n\n\n\n<p>Por un lado, la participaci\u00f3n de los militares en tareas de infraestructura&nbsp;<strong>podr\u00eda responder a un pragmatismo administrativo, es decir, que el presidente encontr\u00f3 aliados id\u00f3neos para salir del paso ante proyectos que le urge consolidar<\/strong>; adem\u00e1s, al no licitar convenios de obra evita exponerse a incumplimiento de plazos o seg\u00fan ha referido, corrupci\u00f3n de empresas privadas.<\/p>\n\n\n\n<p>\u201cQue nos compremos como ciudadanos ese argumento de que es m\u00e1s f\u00e1cil y es m\u00e1s r\u00e1pido,&nbsp;<strong>es una falsa salida, porque ni se debe hacer as\u00ed, ni tampoco se nos est\u00e1n dando garant\u00edas de que son las opciones m\u00e1s baratas<\/strong>, libres de corrupci\u00f3n o que<strong>&nbsp;generan la posibilidad de profesionalizaci\u00f3n de un gobierno que tiene la responsabilidad de hacerlo<\/strong>&nbsp;y no a trav\u00e9s de las FFAA\u201d, explic\u00f3 la directora de MUCD.<img loading=\"lazy\" decoding=\"async\" alt=\"Ra\u00fal Ben\u00edtez Manaut, investigador de la UNAM, apunt\u00f3 quedeb ser aclarada la temporalidad del uso de las FFAA y no extenderla porque ser\u00eda una desnaturalizaci\u00f3n de sus funciones (FOTO: UNAM\/CUARTOSCURO.COM)\" height=\"1280\" src=\"https:\/\/www.infobae.com\/new-resizer\/zKWTeCTG6OxFW1Lf_wVny5mceBc=\/420x280\/filters:format(jpg):quality(85)\/\/cloudfront-us-east-1.images.arcpublishing.com\/infobae\/ELXIZLQ37NBK5A66ZA3WYJWX2U.jpeg\" width=\"1920\">Ra\u00fal Ben\u00edtez Manaut, investigador de la UNAM, apunt\u00f3 quedeb ser aclarada la temporalidad del uso de las FFAA y no extenderla porque ser\u00eda una desnaturalizaci\u00f3n de sus funciones (FOTO: UNAM\/CUARTOSCURO.COM)<\/p>\n\n\n\n<p>Ben\u00edtez Manaut dijo que<strong>&nbsp;AMLO era pragm\u00e1tico, pero tambi\u00e9n abusivo de los militares, porque los sobrecarga de misiones<\/strong>. Al respecto, explic\u00f3 que&nbsp;<strong>el mandatario se ha apoyado en el Ej\u00e9rcito porque conf\u00eda en su eficiencia y no se pueden cuestionar las \u00f3rdenes del comandante supremo de las FFAA<\/strong>.<\/p>\n\n\n\n<p>\u201cEl presidente lo hace porque&nbsp;<strong>no conf\u00eda en la eficacia de la estructura normal de las secretar\u00edas de Estado, las considera muy burocratizadas,<\/strong>&nbsp;las considera que son propensas a la corrupci\u00f3n e incluso se puede deber a que&nbsp;<strong>considera a las FFAA m\u00e1s leales a su proyecto pol\u00edtico<\/strong>, me estoy refiriendo a los sindicatos, los trabajadores pueden entorpecer dichas obras porque tienen afinidades con otras fuerzas pol\u00edticas\u201d, coment\u00f3 el investigador de la UNAM.<\/p>\n\n\n\n<p>En ello coincidi\u00f3<strong>&nbsp;Catalina P\u00e9rez Correa<\/strong>, profesora e Investigadora de la Divisi\u00f3n de Estudios Jur\u00eddicos del CIDE (Centro de Investigaci\u00f3n y Docencia Econ\u00f3micas), quien agreg\u00f3 que<strong>&nbsp;L\u00f3pez Obrador privilegia la lealtad y aquellos en su gabinete que no est\u00e1n de acuerdo en algunas decisiones, son sustituidos<\/strong>. En cambio, los castrenses se rigen mediante una estructura jer\u00e1rquica por naturaleza, donde no hay tales cuestionamientos.<\/p>\n\n\n\n<p>\u201c<strong>Est\u00e1 bajo la idea err\u00f3nea de que las FFAA son incorruptibles y pueden ejercer mucho presupuesto&nbsp;<\/strong>y por otro lado esta<strong>&nbsp;cuesti\u00f3n de la jerarqu\u00eda y obediencia, que tiene que ver con su forma particular de gobernar<\/strong>\u201d, resumi\u00f3 la acad\u00e9mica del CIDE.<\/p>\n\n\n\n<p>\u201cAMLO es un presidente que decidi\u00f3 desde el principio que<strong>&nbsp;no iba a negociar con las entidades federativas, que no iba a negociar con los otros poderes y que al contrario, iba a manejar el poder desde el gobierno, b\u00e1sicamente de un solo hombre, y para lograr todo lo que se ha planteado necesita estructuras eficientes, verticales, dentro de su esfera de control y las FFAA las maneja el Ejecutivo<\/strong>\u201d, a\u00f1adi\u00f3 S\u00e1nchez Ortega.<img loading=\"lazy\" decoding=\"async\" alt=\"Los militares tambi\u00e9n capacitan a j\u00f3venes para incluirlos en el campo laboral (Foto: Sedena)\" height=\"484\" src=\"https:\/\/www.infobae.com\/new-resizer\/8WPnBO2BXRM86g48hzx357WnLSo=\/420x236\/filters:format(jpg):quality(85)\/\/cloudfront-us-east-1.images.arcpublishing.com\/infobae\/BYNOWIFA3VHFROF6MWBS5SZ6Q4.jpg\" width=\"914\">Los militares tambi\u00e9n capacitan a j\u00f3venes para incluirlos en el campo laboral (Foto: Sedena)<\/p>\n\n\n\n<p>Para Ra\u00fal Ben\u00edtez Manaut<strong>&nbsp;es importante que sea determinada una temporalidad del uso de los militares en M\u00e9xico<\/strong>.&nbsp;<strong>Si es un proyecto a largo plazo, se trata de un acuerdo entre altos mandos y el presidente<\/strong>. Aunque despu\u00e9s del gobierno lopezobradorista&nbsp;<strong>queda por ver si permanecer\u00e1 la recurrencia al Ej\u00e9rcito, porque esto significar\u00e1 una desnaturalizaci\u00f3n de las FFAA, debido a que su tarea es resguardar la Seguridad Nacional<\/strong>.<\/p>\n\n\n\n<p>L\u00f3pez Obrador se ha amparado&nbsp;<strong>en la&nbsp;<\/strong><a href=\"http:\/\/www.diputados.gob.mx\/LeyesBiblio\/pdf\/169_210618.pdf\"><strong>Ley Org\u00e1nica de la dependencia<\/strong><\/a>, misma que en su art\u00edculo primero, fracci\u00f3n IV, refiere como una de las funciones de la instituci\u00f3n castrense:&nbsp;<strong>\u201crealizar acciones c\u00edvicas y obras sociales que tiendan al progreso del pa\u00eds\u201d<\/strong>. Ese es el margen que ha reiterado desde principios de diciembre pasado.<\/p>\n\n\n\n<p>Seg\u00fan esa visi\u00f3n,<strong>&nbsp;las FFAA deben colaborar al desarrollo de M\u00e9xico y explotar su conocimiento profesional<\/strong>. Sin embargo,&nbsp;<strong>el investigador de la UNAM advierte que los soldados no tienen una estructura tan amplia<\/strong>&nbsp;para cumplir con las asignaciones, de modo que deber\u00e1n crearla.<\/p>\n\n\n\n<p>Por ejemplo, el especialista coment\u00f3 que a esto se debe la<strong>&nbsp;estrategia de flexibilizar el reclutamiento de civiles<\/strong>, seg\u00fan se establece en el plan sectorial de la instituci\u00f3n para el sexenio de AMLO; aunque S\u00e1nchez Ortega lo atribuy\u00f3 al hecho de asegurar el despliegue permanente para las nuevas misiones y poblar r\u00e1pidamente a la GN.<\/p>\n\n\n\n<p>Sobre la competencia en Seguridad P\u00fablica<strong>, Lisa S\u00e1nchez insisti\u00f3 en que la f\u00f3rmula de usar al Ej\u00e9rcito no ha funcionado en los dos \u00faltimos sexenios<\/strong>. P\u00e9rez Correa ubic\u00f3 que con esta decisi\u00f3n impulsada por el gobierno de Felipe Calder\u00f3n, comenz\u00f3 el proceso de militarizaci\u00f3n en M\u00e9xico.<img loading=\"lazy\" decoding=\"async\" alt=\"En su informe por dos a\u00f1os de gobierno, L\u00f3pez Obrador dijo que los militares est\u00e1n inaugurando una etapa nueva durante su presidencia (Foto: lopezobrador.org.mx)\" height=\"409\" src=\"https:\/\/www.infobae.com\/new-resizer\/Bpp6Z_R48Mq4UIJb7RxcTqimyYE=\/420x236\/filters:format(jpg):quality(85)\/\/cloudfront-us-east-1.images.arcpublishing.com\/infobae\/SYBK5M6H6FEH3MPZTGOEZE7JLE.jpg\" width=\"770\">En su informe por dos a\u00f1os de gobierno, L\u00f3pez Obrador dijo que los militares est\u00e1n inaugurando una etapa nueva durante su presidencia (Foto: lopezobrador.org.mx)<\/p>\n\n\n\n<p>\u201cNo ha dado resultados en el sentido de que<strong>&nbsp;no puede construir seguridad sostenible en el largo plazo y no puede construir seguridad ciudadana,<\/strong>comunidades m\u00e1s seguras en el largo plazo, donde lo importante son los ciudadanos y no necesariamente el conflicto con el Estado\u201d, refiri\u00f3 la directora de M\u00e9xico Unido Contra la Delincuencia.<\/p>\n\n\n\n<p>Adem\u00e1s,&nbsp;<strong>se puede diluir la responsabilidad administrativa entre el Ej\u00e9rcito y las autoridades locales<\/strong>. Al encargar labores de vigilancia a los militares, estos&nbsp;<strong>tienen un margen de negociaci\u00f3n diferente entre cada municipio y estado<\/strong>. De modo que es complicado evaluar el alcance y vigencia de esos convenios de colaboraci\u00f3n.<\/p>\n\n\n\n<p>\u201cEso de entrada&nbsp;<strong>ya le da un grado de mayor poder al Ej\u00e9rcito porque es capaz de incrementar sus responsabilidades y sus derechos en cada uno de esos convenios por encima de lo que marca la Ley<\/strong>&nbsp;Federal con la letra constitucional\u201d, explic\u00f3 S\u00e1nchez Ortega.<\/p>\n\n\n\n<p>Cuando los gobiernos municipales o de la entidades piden auxilio de los militares,<strong>habitualmente redirigen el recurso etiquetado para fortalecer a las polic\u00edas y fiscal\u00edas locales<\/strong>. Entonces no hay mejor seguridad ni se invierte en fortalecer los sistemas de procuraci\u00f3n de justicia.<\/p>\n\n\n\n<p><strong>\u201c<\/strong>Nunca he visto un presidente municipal, un gobernador cuya carrera pol\u00edtica se cancele porque la estrategia no haya funcionado, al final del d\u00eda siempre cuentan con un recoveco para decir:<strong>&nbsp;\u2018se necesita m\u00e1s y mayor presencia de las FFAA en lugar de decir \u2018fallamos miserablemente en la construcci\u00f3n de polic\u00edas, desechamos la responsabilidad a estos que no les tocaba y de todos modos la cosa no sali\u00f3\u2019\u201d<\/strong>, seg\u00fan describi\u00f3, S\u00e1nchez Ortega, maestra en Gesti\u00f3n P\u00fablica y Gobernanza por la London School of Economics.<img loading=\"lazy\" decoding=\"async\" alt=\"Seg\u00fan la perspectiva de AMLO y el titular de la Sedena, los militares deben coadyuvar al desarrollo del pa\u00eds (FOTO: GALO CA\u00d1AS \/CUARTOSCURO)\" height=\"1280\" src=\"https:\/\/www.infobae.com\/new-resizer\/BzB0sezePG3R8kMp5HXLfAvsFBE=\/420x280\/filters:format(jpg):quality(85)\/\/cloudfront-us-east-1.images.arcpublishing.com\/infobae\/QNRF5HBVIJB2TFGZE42Q7QYV7Q.jpeg\" width=\"1920\">Seg\u00fan la perspectiva de AMLO y el titular de la Sedena, los militares deben coadyuvar al desarrollo del pa\u00eds (FOTO: GALO CA\u00d1AS \/CUARTOSCURO)<\/p>\n\n\n\n<p>Por ello<strong>&nbsp;apel\u00f3 a que no sea abandonada la obligaci\u00f3n constitucional de tener buenas polic\u00edas y dependencias ministeriales, para cambiar la narrativa de que el Ej\u00e9rcito es la \u00fanica v\u00eda<\/strong>.<\/p>\n\n\n\n<p>En \u00faltima instancia, tanto el investigador de la UNAM como la directora de MUCD&nbsp;<strong>coincidieron en que la militarizaci\u00f3n es una tendencia regional, pero no por eso debe ser normalizado en M\u00e9xico, mucho menos, dejar de se\u00f1alarlo<\/strong>. En pa\u00edses donde hubo dictaduras militares como Argentina o Chile, las discusiones cobran mayor relevancia, porque el gobierno de castrenses est\u00e1 fresco en la memoria.<\/p>\n\n\n\n<p>Apuntaron que en<strong>&nbsp;Brasil hay militarizaci\u00f3n con militarismo establecido, porque mandos retirados o en activo se han instalado en puestos administrativos como la Salud<\/strong>. El ascenso de los militares tambi\u00e9n se ha observado en&nbsp;<strong>Colombia y Rep\u00fablica Dominicana.<\/strong><\/p>\n\n\n\n<p>\u201cEl Instituto armado jam\u00e1s ha buscado ni buscar\u00e1 protagonismo porque nuestra esencia es servir a la patria. As\u00ed pues, es<strong>&nbsp;evidente que no anhelamos ning\u00fan poder porque nuestra raz\u00f3n de ser est\u00e1 alejada de pretensiones pol\u00edticas o de otro tipo.<\/strong>&nbsp;Es evidente que no anhelamos ning\u00fan poder, porque el poder supremo de la federaci\u00f3n se divide en Legislativo Ejecutivo y Judicial, perfectamente definidos en nuestra Carta Magna.<img loading=\"lazy\" decoding=\"async\" alt=\"El general secretario de la Defensa Nacional, Luis Cresencio Sandoval, ha referido que sus elementos no aspiran a ning\u00fan poder pol\u00edtico y son leales al gobierno, adem\u00e1s, atienden nuevas tareas sin descuidar funciones principales (Foto: Archivo)\" height=\"624\" src=\"https:\/\/www.infobae.com\/new-resizer\/uC4NirNS5u9mnT9WjxhZh7IYDUA=\/420x236\/filters:format(jpg):quality(85)\/\/cloudfront-us-east-1.images.arcpublishing.com\/infobae\/XGS3RBRAWRH4RDTBELQRI3CQ2M.jpg\" width=\"1080\">El general secretario de la Defensa Nacional, Luis Cresencio Sandoval, ha referido que sus elementos no aspiran a ning\u00fan poder pol\u00edtico y son leales al gobierno, adem\u00e1s, atienden nuevas tareas sin descuidar funciones principales (Foto: Archivo)<\/p>\n\n\n\n<p>\u201cEs evidente que<strong>&nbsp;no anhelamos ning\u00fan poder, porque dependemos del Ejecutivo a cuya autoridad nos subordinamos por Ley y por la decisi\u00f3n democr\u00e1tica del pueblo de M\u00e9xico<\/strong>, pero sobre todo&nbsp;<strong>por convicci\u00f3n con esa subordinaci\u00f3n al poder civil cumplimos las misiones generales que tenemos asignadas y trabajamos en proyectos prioritarios<\/strong>&nbsp;encaminados al desarrollo de nuestro pa\u00eds sin que ello signifique perder nuestra naturaleza o raz\u00f3n de ser\u201d, dijo&nbsp;<strong>Luis Cresencio Sandoval&nbsp;<\/strong>el 20 de noviembre pasado en su discurso por el 110 aniversario de la Revoluci\u00f3n Mexicana y para resaltar su lealtad institucional.<\/p>\n\n\n\n<p>Pese a que el titular de la Sedena<strong>\u00a0ha dicho que sus elementos no aspiran al poder pol\u00edtico, lo cierto es que en dos a\u00f1os de gobierno y con iniciativa del presidente<\/strong>, el Ej\u00e9rcito cada vez abarca mayores espacios como nunca lo hab\u00edan hecho dentro del \u00e1mbito civil. Consultada al respecto de la militarizaci\u00f3n y por canales disponibles, la instituci\u00f3n no respondi\u00f3 a este medio.<\/p>\n\n\n\n<p>Fuente: https:\/\/www.infobae.com\/america\/mexico\/2021\/01\/04\/la-inquietante-militarizacion-de-mexico-amlo-le-ha-dado-poder-al-ejercito-en-30-tareas\/<\/p>\n","protected":false},"excerpt":{"rendered":"<p>Los castrenses se han empoderado y obtenido mayor presupuesto, pero especialistas advierten que su avance en la administraci\u00f3n p\u00fablica es [&hellip;]<\/p>\n","protected":false},"author":1,"featured_media":2978,"comment_status":"open","ping_status":"open","sticky":false,"template":"","format":"standard","meta":{"site-sidebar-layout":"default","site-content-layout":"","ast-site-content-layout":"default","site-content-style":"default","site-sidebar-style":"default","ast-global-header-display":"","ast-banner-title-visibility":"","ast-main-header-display":"","ast-hfb-above-header-display":"","ast-hfb-below-header-display":"","ast-hfb-mobile-header-display":"","site-post-title":"","ast-breadcrumbs-content":"","ast-featured-img":"","footer-sml-layout":"","theme-transparent-header-meta":"","adv-header-id-meta":"","stick-header-meta":"","header-above-stick-meta":"","header-main-stick-meta":"","header-below-stick-meta":"","astra-migrate-meta-layouts":"default","ast-page-background-enabled":"default","ast-page-background-meta":{"desktop":{"background-color":"var(--ast-global-color-4)","background-image":"","background-repeat":"repeat","background-position":"center center","background-size":"auto","background-attachment":"scroll","background-type":"","background-media":"","overlay-type":"","overlay-color":"","overlay-opacity":"","overlay-gradient":""},"tablet":{"background-color":"","background-image":"","background-repeat":"repeat","background-position":"center center","background-size":"auto","background-attachment":"scroll","background-type":"","background-media":"","overlay-type":"","overlay-color":"","overlay-opacity":"","overlay-gradient":""},"mobile":{"background-color":"","background-image":"","background-repeat":"repeat","background-position":"center center","background-size":"auto","background-attachment":"scroll","background-type":"","background-media":"","overlay-type":"","overlay-color":"","overlay-opacity":"","overlay-gradient":""}},"ast-content-background-meta":{"desktop":{"background-color":"var(--ast-global-color-5)","background-image":"","background-repeat":"repeat","background-position":"center center","background-size":"auto","background-attachment":"scroll","background-type":"","background-media":"","overlay-type":"","overlay-color":"","overlay-opacity":"","overlay-gradient":""},"tablet":{"background-color":"var(--ast-global-color-5)","background-image":"","background-repeat":"repeat","background-position":"center center","background-size":"auto","background-attachment":"scroll","background-type":"","background-media":"","overlay-type":"","overlay-color":"","overlay-opacity":"","overlay-gradient":""},"mobile":{"background-color":"var(--ast-global-color-5)","background-image":"","background-repeat":"repeat","background-position":"center center","background-size":"auto","background-attachment":"scroll","background-type":"","background-media":"","overlay-type":"","overlay-color":"","overlay-opacity":"","overlay-gradient":""}},"footnotes":""},"categories":[8],"tags":[],"class_list":["post-2977","post","type-post","status-publish","format-standard","has-post-thumbnail","hentry","category-noticias"],"_links":{"self":[{"href":"https:\/\/losperiodistas.com.mx\/portal\/wp-json\/wp\/v2\/posts\/2977","targetHints":{"allow":["GET"]}}],"collection":[{"href":"https:\/\/losperiodistas.com.mx\/portal\/wp-json\/wp\/v2\/posts"}],"about":[{"href":"https:\/\/losperiodistas.com.mx\/portal\/wp-json\/wp\/v2\/types\/post"}],"author":[{"embeddable":true,"href":"https:\/\/losperiodistas.com.mx\/portal\/wp-json\/wp\/v2\/users\/1"}],"replies":[{"embeddable":true,"href":"https:\/\/losperiodistas.com.mx\/portal\/wp-json\/wp\/v2\/comments?post=2977"}],"version-history":[{"count":1,"href":"https:\/\/losperiodistas.com.mx\/portal\/wp-json\/wp\/v2\/posts\/2977\/revisions"}],"predecessor-version":[{"id":2979,"href":"https:\/\/losperiodistas.com.mx\/portal\/wp-json\/wp\/v2\/posts\/2977\/revisions\/2979"}],"wp:featuredmedia":[{"embeddable":true,"href":"https:\/\/losperiodistas.com.mx\/portal\/wp-json\/wp\/v2\/media\/2978"}],"wp:attachment":[{"href":"https:\/\/losperiodistas.com.mx\/portal\/wp-json\/wp\/v2\/media?parent=2977"}],"wp:term":[{"taxonomy":"category","embeddable":true,"href":"https:\/\/losperiodistas.com.mx\/portal\/wp-json\/wp\/v2\/categories?post=2977"},{"taxonomy":"post_tag","embeddable":true,"href":"https:\/\/losperiodistas.com.mx\/portal\/wp-json\/wp\/v2\/tags?post=2977"}],"curies":[{"name":"wp","href":"https:\/\/api.w.org\/{rel}","templated":true}]}}