{"id":2971,"date":"2021-01-04T18:42:17","date_gmt":"2021-01-05T00:42:17","guid":{"rendered":"http:\/\/losperiodistas.com.mx\/portal\/?p=2971"},"modified":"2021-01-04T18:42:17","modified_gmt":"2021-01-05T00:42:17","slug":"barbosa-el-unico-gobernador-de-izquierda-de-la-4t","status":"publish","type":"post","link":"https:\/\/losperiodistas.com.mx\/portal\/barbosa-el-unico-gobernador-de-izquierda-de-la-4t\/","title":{"rendered":"Barbosa \u00bfel \u00fanico gobernador de izquierda de la 4T?"},"content":{"rendered":"\n<p style=\"font-size:22px\">*El analista P\u00e9rez Stuart lo califica como el Maradona mexicano<\/p>\n\n\n\n<p style=\"font-size:26px\"><em>Por Ra\u00fal Torres Salmer\u00f3n<\/em><\/p>\n\n\n\n<p>Llama la atenci\u00f3n, el an\u00e1lisis poco difundido, escrito por el analista Jos\u00e9 Antonio P\u00e9rez Stuart el pasado 24 de diciembre, con motivo de los dos a\u00f1os de la ca\u00edda del helic\u00f3ptero Agusta que transportaba a la Gobernadora Martha \u00c9rika Alonso y al Senador de la Rep\u00fablica, Rafael Moreno Valle Rosas.<\/p>\n\n\n\n<p>En pocas palabras, define al actual Gobernador de Puebla, Miguel Barbosa Huerta, como el \u00fanico mandatario de izquierda de la Cuarta Transformaci\u00f3n que da la batalla contra los moderados de Morena.<\/p>\n\n\n\n<p>P\u00e9rez Stuart es periodista, analista pol\u00edtico y econ\u00f3mico, comentarista de radio y televisi\u00f3n, Licenciado en Administraci\u00f3n de Empresas y con Maestr\u00edas en Derecho, Psicolog\u00eda e Historia del Pensamiento. El blog se llama Portafolios.<\/p>\n\n\n\n<p>El an\u00e1lisis es corto y no tiene desperdicio. As\u00ed lo escribi\u00f3 textualmente:&nbsp;<\/p>\n\n\n\n<p>El Maradona mexicano. El \u00fanico gobernador rojo que da la batalla a los socialdem\u00f3cratas, dentro de MORENA. Puebla, el estado mexicano donde un hombre, hasta ahora, se ha impuesto a todo y a todos.<\/p>\n\n\n\n<p>-As\u00ed como \u201cLa Mano de Dios\u201d convirti\u00f3 a Maradona en h\u00e9roe con un gol ilegal\u2026<\/p>\n\n\n\n<p>-As\u00ed Miguel Barbosa dice \u00e9l que hoy hace exactamente dos a\u00f1os, \u201ccastig\u00f3 Dios\u201d a los Moreno Valle Alonso\u2026 y los mat\u00f3 en un helicopterazo, hasta la fecha no aclarado.<\/p>\n\n\n\n<p>-La liquidaci\u00f3n de Martha \u00c9rika Alonso, esposa de Moreno Valle, en aqu\u00e9l helicopterazo, fue una carambola de 3 bandas:<\/p>\n\n\n\n<p>1) Impidi\u00f3 que siguiera ejerciendo como Gobernadora de la entidad.<\/p>\n\n\n\n<p>2) Le quit\u00f3 a la judeo-comunista Claudia Sheinbaum, la contrincante presidencial que tendr\u00eda que haber enfrentado en las elecciones del 2024 en M\u00e9xico.<\/p>\n\n\n\n<p>3) Y forz\u00f3 a una nueva elecci\u00f3n, que es la que permiti\u00f3 al perdedor Barbosa, nuevamente ser postulado\u2026 y \u201cganar\u201d.<\/p>\n\n\n\n<p>-As\u00ed que las victorias de Barbosa empezaron a multiplicarse.<\/p>\n\n\n\n<p>-Primero. Se coloc\u00f3 como candidato de MORENA al Gobierno de Puebla.<\/p>\n\n\n\n<p>-Segundo. Con la \u201cayudita\u201d, con \u00abLa Mano de Dios\u00bb, destronar a quien lo hab\u00eda derrotado en los comicios formales: Martha Erika Alonso de Moreno Valle.<\/p>\n\n\n\n<p>-Tercero. A pesar de la fuerte y p\u00fablica presi\u00f3n ejercida por la masoner\u00eda socialdem\u00f3crata para que el candidato de MORENA en las elecciones extraordinarias fuera Alejandro Armenta Mier, Barbosa le dobl\u00f3 las manos a AMLO y repiti\u00f3 como aspirante al Gobierno del Estado que lo vio nacer.<\/p>\n\n\n\n<p>-Cuarto. Venci\u00f3 a la diabetes. Habiendo perdido una pierna ya y d\u00e1ndolo literalmente por muerto sus opositores, no s\u00f3lo \u201cgan\u00f3\u201d los nuevos comicios, sino que asumi\u00f3 el cargo\u2026 y se mantiene como mandatario de esa importante entidad mexicana.<\/p>\n\n\n\n<p>-Quinto. Ha contradicho p\u00fablicamente a AMLO.<\/p>\n\n\n\n<p>-Sexto. No se ha dejado intimidar por los empresarios poblanos.<\/p>\n\n\n\n<p>-S\u00e9ptimo. No ha cejado en su empe\u00f1o por sancionar a baluartes socialdem\u00f3cratas, vivos o muertos. De tal suerte que desestructura los tejidos que Moreno Valle arm\u00f3 en poco m\u00e1s de seis a\u00f1os\u2026 y ahora persigue a su sicario: Eukid Casta\u00f1\u00f3n.<\/p>\n\n\n\n<p>-Octavo. Reuni\u00f3 a los principales l\u00edderes socialistas de Hispanoam\u00e9rica para la integraci\u00f3n del \u201cGrupo de Puebla\u201d.<\/p>\n\n\n\n<p>-Podemos o no estar de acuerdo con Miguel Barbosa\u2026 pero lo que debemos reconocerle, entre otras cosas, es su esp\u00edritu de lucha.<\/p>\n\n\n\n<p>-Y desde Casa Aguayo le ha mandado un mensaje claro, contundente, a la otrora ejemplarmente s\u00f3lida, temida, respetable e \u00edntegra Derecha Poblana, hoy en d\u00eda enredada en sus componendas, sus alianzas, sus coaliciones, sus piruetas electorales: el Poder no se comparte; las convicciones est\u00e1n por encima de los consensos.<\/p>\n\n\n\n<p>Hasta aqu\u00ed el citado texto.<\/p>\n\n\n\n<p>Las razones parecen contundentes. \u00bfTendr\u00e1 raz\u00f3n? Tal parece que si la tiene el analista, quien por cierto ha laborado en El Heraldo de M\u00e9xico, Exc\u00e9lsior y Televisa, ha sido asesor de empresarios y pol\u00edticos, tiene un par de libros escritos y tiene su blog diario en Internet.<\/p>\n\n\n\n<p>Quiz\u00e1 falta un an\u00e1lisis de lo que sucede en el Estado de Puebla, pero como dice el cl\u00e1sico, esa es otra historia. \u00bfUsted qu\u00e9 opina?<\/p>\n\n\n\n<p>En fin, como escribi\u00f3 Ricardo Palma (Per\u00fa, 1833-1919) en su Soneto:<\/p>\n\n\n\n<p>Vi elevarse un altar a la virtud;<\/p>\n\n\n\n<p>vi \u00a1oh prodigio! constancia en la mujer<\/p>\n\n\n\n<p>y ciencia en la indolente juventud.<\/p>\n\n\n\n<p>Y el crimen castigado por doquier<\/p>\n\n\n\n<p>triunfante la justicia, y el deber<\/p>\n\n\n\n<p>levantado a magn\u00edfica altitud.<\/p>\n\n\n\n<p>Arca abierta mir\u00e9 la caridad<\/p>\n\n\n\n<p>y proscrita la infamia de Ca\u00edn;<\/p>\n\n\n\n<p>fe en el amor, confianza en la amistad,<\/p>\n\n\n\n<p>patriotismo en la gente m\u00e1s ruin&#8230;<\/p>\n\n\n\n<p>-Pero \u00bfen d\u00f3nde vio usted tanto primor?<\/p>\n\n\n\n<p>-En sue\u00f1os, querid\u00edsimo lector.<\/p>\n\n\n\n<p>raultorress@hotmail.com &nbsp;&nbsp;&nbsp;&nbsp;&nbsp;&nbsp;&nbsp;&nbsp;&nbsp;&nbsp;&nbsp;&nbsp;&nbsp;&nbsp;&nbsp;&nbsp;&nbsp;&nbsp;&nbsp;<\/p>\n","protected":false},"excerpt":{"rendered":"<p>*El analista P\u00e9rez Stuart lo califica como el Maradona mexicano Por Ra\u00fal Torres Salmer\u00f3n Llama la atenci\u00f3n, el an\u00e1lisis poco [&hellip;]<\/p>\n","protected":false},"author":1,"featured_media":2972,"comment_status":"open","ping_status":"open","sticky":false,"template":"","format":"standard","meta":{"site-sidebar-layout":"default","site-content-layout":"","ast-site-content-layout":"default","site-content-style":"default","site-sidebar-style":"default","ast-global-header-display":"","ast-banner-title-visibility":"","ast-main-header-display":"","ast-hfb-above-header-display":"","ast-hfb-below-header-display":"","ast-hfb-mobile-header-display":"","site-post-title":"","ast-breadcrumbs-content":"","ast-featured-img":"","footer-sml-layout":"","theme-transparent-header-meta":"","adv-header-id-meta":"","stick-header-meta":"","header-above-stick-meta":"","header-main-stick-meta":"","header-below-stick-meta":"","astra-migrate-meta-layouts":"default","ast-page-background-enabled":"default","ast-page-background-meta":{"desktop":{"background-color":"var(--ast-global-color-4)","background-image":"","background-repeat":"repeat","background-position":"center center","background-size":"auto","background-attachment":"scroll","background-type":"","background-media":"","overlay-type":"","overlay-color":"","overlay-opacity":"","overlay-gradient":""},"tablet":{"background-color":"","background-image":"","background-repeat":"repeat","background-position":"center center","background-size":"auto","background-attachment":"scroll","background-type":"","background-media":"","overlay-type":"","overlay-color":"","overlay-opacity":"","overlay-gradient":""},"mobile":{"background-color":"","background-image":"","background-repeat":"repeat","background-position":"center center","background-size":"auto","background-attachment":"scroll","background-type":"","background-media":"","overlay-type":"","overlay-color":"","overlay-opacity":"","overlay-gradient":""}},"ast-content-background-meta":{"desktop":{"background-color":"var(--ast-global-color-5)","background-image":"","background-repeat":"repeat","background-position":"center center","background-size":"auto","background-attachment":"scroll","background-type":"","background-media":"","overlay-type":"","overlay-color":"","overlay-opacity":"","overlay-gradient":""},"tablet":{"background-color":"var(--ast-global-color-5)","background-image":"","background-repeat":"repeat","background-position":"center center","background-size":"auto","background-attachment":"scroll","background-type":"","background-media":"","overlay-type":"","overlay-color":"","overlay-opacity":"","overlay-gradient":""},"mobile":{"background-color":"var(--ast-global-color-5)","background-image":"","background-repeat":"repeat","background-position":"center center","background-size":"auto","background-attachment":"scroll","background-type":"","background-media":"","overlay-type":"","overlay-color":"","overlay-opacity":"","overlay-gradient":""}},"footnotes":""},"categories":[19],"tags":[],"class_list":["post-2971","post","type-post","status-publish","format-standard","has-post-thumbnail","hentry","category-sin-limites-2"],"_links":{"self":[{"href":"https:\/\/losperiodistas.com.mx\/portal\/wp-json\/wp\/v2\/posts\/2971","targetHints":{"allow":["GET"]}}],"collection":[{"href":"https:\/\/losperiodistas.com.mx\/portal\/wp-json\/wp\/v2\/posts"}],"about":[{"href":"https:\/\/losperiodistas.com.mx\/portal\/wp-json\/wp\/v2\/types\/post"}],"author":[{"embeddable":true,"href":"https:\/\/losperiodistas.com.mx\/portal\/wp-json\/wp\/v2\/users\/1"}],"replies":[{"embeddable":true,"href":"https:\/\/losperiodistas.com.mx\/portal\/wp-json\/wp\/v2\/comments?post=2971"}],"version-history":[{"count":1,"href":"https:\/\/losperiodistas.com.mx\/portal\/wp-json\/wp\/v2\/posts\/2971\/revisions"}],"predecessor-version":[{"id":2973,"href":"https:\/\/losperiodistas.com.mx\/portal\/wp-json\/wp\/v2\/posts\/2971\/revisions\/2973"}],"wp:featuredmedia":[{"embeddable":true,"href":"https:\/\/losperiodistas.com.mx\/portal\/wp-json\/wp\/v2\/media\/2972"}],"wp:attachment":[{"href":"https:\/\/losperiodistas.com.mx\/portal\/wp-json\/wp\/v2\/media?parent=2971"}],"wp:term":[{"taxonomy":"category","embeddable":true,"href":"https:\/\/losperiodistas.com.mx\/portal\/wp-json\/wp\/v2\/categories?post=2971"},{"taxonomy":"post_tag","embeddable":true,"href":"https:\/\/losperiodistas.com.mx\/portal\/wp-json\/wp\/v2\/tags?post=2971"}],"curies":[{"name":"wp","href":"https:\/\/api.w.org\/{rel}","templated":true}]}}