{"id":2968,"date":"2021-01-04T09:16:16","date_gmt":"2021-01-04T15:16:16","guid":{"rendered":"http:\/\/losperiodistas.com.mx\/portal\/?p=2968"},"modified":"2021-01-04T09:16:16","modified_gmt":"2021-01-04T15:16:16","slug":"prefiero-que-el-lo-explique-dice-el-presidente-sobre-las-fotos-de-hugo-lopez-gatell-de-vacaciones-sinembargo","status":"publish","type":"post","link":"https:\/\/losperiodistas.com.mx\/portal\/prefiero-que-el-lo-explique-dice-el-presidente-sobre-las-fotos-de-hugo-lopez-gatell-de-vacaciones-sinembargo\/","title":{"rendered":"\u201cPrefiero que \u00e9l lo explique\u201d, dice el Presidente sobre las fotos de Hugo L\u00f3pez-Gatell de vacaciones | SinEmbargo"},"content":{"rendered":"\n<p style=\"font-size:18px\"><em>El fin de semana, el Subsecretario\u00a0Hugo L\u00f3pez-Gatell\u00a0fue captado mientras\u00a0vacacionaba en playas de Oaxaca, al parecer Zipolite.\u00a0<\/em><\/p>\n\n\n\n<p class=\"has-vivid-cyan-blue-color has-text-color has-medium-font-size\">SINEMBARGO<\/p>\n\n\n\n<p><em>\u2013Informaci\u00f3n en desarrollo<\/em><\/p>\n\n\n\n<p>Ciudad de M\u00e9xico, 4 de enero (SinEmbargo).\u2013 El Presidente&nbsp;<strong>Andr\u00e9s Manuel L\u00f3pez Obrador<\/strong>&nbsp;opt\u00f3 esta ma\u00f1ana por dejar que sea el Subsecretario de Prevenci\u00f3n y Promoci\u00f3n de la Salud,&nbsp;<strong>Hugo L\u00f3pez-Gatell<\/strong>, quien explique su viaje a una playa de Oaxaca en plena&nbsp;<strong>pandemia<\/strong>&nbsp;y cuando el Gobierno federal, al que sirve, hizo un&nbsp;<strong>llamado a los mexicanos<\/strong>&nbsp;para que no se movilizaran durante las fiestas.<\/p>\n\n\n\n<p>\u201cHa estado trabajando bastante, muy intenso. Ha estado cumpliendo cabalmente con su responsabilidad. Es muy buen servidor p\u00fablico, un especialista, un profesional, eso es lo que puedo comentar. Su situaci\u00f3n personal, aunque s\u00ed es un asunto p\u00fablico, prefiero que \u00e9l sea el que lo explique\u201d, dijo el mandatario durante su conferencia en Palacio Nacional.<\/p>\n\n\n\n<p>\u201cTenemos que reconocer lo que est\u00e1n haciendo los servidores p\u00fablicos, m\u00e1s cuando est\u00e1n muy lampareados, muy observados todos. Qu\u00e9 bien que hay ese escrutinio, pero tambi\u00e9n el servidor p\u00fablico tiene derechos\u201d, agreg\u00f3.<\/p>\n\n\n\n<p>Fuente: https:\/\/www.sinembargo.mx\/04-01-2021\/3918982<\/p>\n","protected":false},"excerpt":{"rendered":"<p>El fin de semana, el Subsecretario\u00a0Hugo L\u00f3pez-Gatell\u00a0fue captado mientras\u00a0vacacionaba en playas de Oaxaca, al parecer Zipolite.\u00a0 SINEMBARGO \u2013Informaci\u00f3n en desarrollo [&hellip;]<\/p>\n","protected":false},"author":1,"featured_media":2969,"comment_status":"open","ping_status":"open","sticky":false,"template":"","format":"standard","meta":{"site-sidebar-layout":"default","site-content-layout":"","ast-site-content-layout":"default","site-content-style":"default","site-sidebar-style":"default","ast-global-header-display":"","ast-banner-title-visibility":"","ast-main-header-display":"","ast-hfb-above-header-display":"","ast-hfb-below-header-display":"","ast-hfb-mobile-header-display":"","site-post-title":"","ast-breadcrumbs-content":"","ast-featured-img":"","footer-sml-layout":"","theme-transparent-header-meta":"","adv-header-id-meta":"","stick-header-meta":"","header-above-stick-meta":"","header-main-stick-meta":"","header-below-stick-meta":"","astra-migrate-meta-layouts":"default","ast-page-background-enabled":"default","ast-page-background-meta":{"desktop":{"background-color":"var(--ast-global-color-4)","background-image":"","background-repeat":"repeat","background-position":"center center","background-size":"auto","background-attachment":"scroll","background-type":"","background-media":"","overlay-type":"","overlay-color":"","overlay-opacity":"","overlay-gradient":""},"tablet":{"background-color":"","background-image":"","background-repeat":"repeat","background-position":"center center","background-size":"auto","background-attachment":"scroll","background-type":"","background-media":"","overlay-type":"","overlay-color":"","overlay-opacity":"","overlay-gradient":""},"mobile":{"background-color":"","background-image":"","background-repeat":"repeat","background-position":"center center","background-size":"auto","background-attachment":"scroll","background-type":"","background-media":"","overlay-type":"","overlay-color":"","overlay-opacity":"","overlay-gradient":""}},"ast-content-background-meta":{"desktop":{"background-color":"var(--ast-global-color-5)","background-image":"","background-repeat":"repeat","background-position":"center center","background-size":"auto","background-attachment":"scroll","background-type":"","background-media":"","overlay-type":"","overlay-color":"","overlay-opacity":"","overlay-gradient":""},"tablet":{"background-color":"var(--ast-global-color-5)","background-image":"","background-repeat":"repeat","background-position":"center center","background-size":"auto","background-attachment":"scroll","background-type":"","background-media":"","overlay-type":"","overlay-color":"","overlay-opacity":"","overlay-gradient":""},"mobile":{"background-color":"var(--ast-global-color-5)","background-image":"","background-repeat":"repeat","background-position":"center center","background-size":"auto","background-attachment":"scroll","background-type":"","background-media":"","overlay-type":"","overlay-color":"","overlay-opacity":"","overlay-gradient":""}},"footnotes":""},"categories":[8],"tags":[],"class_list":["post-2968","post","type-post","status-publish","format-standard","has-post-thumbnail","hentry","category-noticias"],"_links":{"self":[{"href":"https:\/\/losperiodistas.com.mx\/portal\/wp-json\/wp\/v2\/posts\/2968","targetHints":{"allow":["GET"]}}],"collection":[{"href":"https:\/\/losperiodistas.com.mx\/portal\/wp-json\/wp\/v2\/posts"}],"about":[{"href":"https:\/\/losperiodistas.com.mx\/portal\/wp-json\/wp\/v2\/types\/post"}],"author":[{"embeddable":true,"href":"https:\/\/losperiodistas.com.mx\/portal\/wp-json\/wp\/v2\/users\/1"}],"replies":[{"embeddable":true,"href":"https:\/\/losperiodistas.com.mx\/portal\/wp-json\/wp\/v2\/comments?post=2968"}],"version-history":[{"count":1,"href":"https:\/\/losperiodistas.com.mx\/portal\/wp-json\/wp\/v2\/posts\/2968\/revisions"}],"predecessor-version":[{"id":2970,"href":"https:\/\/losperiodistas.com.mx\/portal\/wp-json\/wp\/v2\/posts\/2968\/revisions\/2970"}],"wp:featuredmedia":[{"embeddable":true,"href":"https:\/\/losperiodistas.com.mx\/portal\/wp-json\/wp\/v2\/media\/2969"}],"wp:attachment":[{"href":"https:\/\/losperiodistas.com.mx\/portal\/wp-json\/wp\/v2\/media?parent=2968"}],"wp:term":[{"taxonomy":"category","embeddable":true,"href":"https:\/\/losperiodistas.com.mx\/portal\/wp-json\/wp\/v2\/categories?post=2968"},{"taxonomy":"post_tag","embeddable":true,"href":"https:\/\/losperiodistas.com.mx\/portal\/wp-json\/wp\/v2\/tags?post=2968"}],"curies":[{"name":"wp","href":"https:\/\/api.w.org\/{rel}","templated":true}]}}