{"id":29221,"date":"2022-06-03T09:14:49","date_gmt":"2022-06-03T14:14:49","guid":{"rendered":"http:\/\/losperiodistas.com.mx\/portal\/?p=29221"},"modified":"2022-06-03T09:14:50","modified_gmt":"2022-06-03T14:14:50","slug":"amlo-llama-vulgar-y-corriente-a-porfirio-munoz-ledo-por-vincularlo-al-narco-sdp","status":"publish","type":"post","link":"https:\/\/losperiodistas.com.mx\/portal\/amlo-llama-vulgar-y-corriente-a-porfirio-munoz-ledo-por-vincularlo-al-narco-sdp\/","title":{"rendered":"AMLO llama \u201cvulgar y corriente\u201d a Porfirio Mu\u00f1oz Ledo por vincularlo al narco | SDP"},"content":{"rendered":"\n<p><em>AMLO acus\u00f3 que Porfirio Mu\u00f1oz Ledo lanz\u00f3 acusaciones \u201cpor la edad\u201d y calific\u00f3 la vinculaci\u00f3n al narco en su contra como \u201cvulgar y corriente\u201d<\/em><\/p>\n\n\n\n<figure class=\"wp-block-image size-large\"><img fetchpriority=\"high\" decoding=\"async\" width=\"1024\" height=\"576\" src=\"https:\/\/losperiodistas.com.mx\/portal\/wp-content\/uploads\/2022\/06\/FUFQEVK4HVGLDE5ZJGH2PNVIQI-1024x576.jpg\" alt=\"\" class=\"wp-image-29222\" srcset=\"https:\/\/losperiodistas.com.mx\/portal\/wp-content\/uploads\/2022\/06\/FUFQEVK4HVGLDE5ZJGH2PNVIQI-1024x576.jpg 1024w, https:\/\/losperiodistas.com.mx\/portal\/wp-content\/uploads\/2022\/06\/FUFQEVK4HVGLDE5ZJGH2PNVIQI-300x169.jpg 300w, https:\/\/losperiodistas.com.mx\/portal\/wp-content\/uploads\/2022\/06\/FUFQEVK4HVGLDE5ZJGH2PNVIQI-768x432.jpg 768w, https:\/\/losperiodistas.com.mx\/portal\/wp-content\/uploads\/2022\/06\/FUFQEVK4HVGLDE5ZJGH2PNVIQI.jpg 1280w\" sizes=\"(max-width: 1024px) 100vw, 1024px\" \/><figcaption><strong>AMLO\u00a0<\/strong>(PRESIDENCIA )<\/figcaption><\/figure>\n\n\n\n<p class=\"has-vivid-cyan-blue-color has-text-color has-medium-font-size\">PILAR ESPINOZA \/ SDP NOTICIAS<\/p>\n\n\n\n<p>Andr\u00e9s Manuel L\u00f3pez Obrador (<strong>AMLO<\/strong>) llam\u00f3 a<a href=\"https:\/\/www.sdpnoticias.com\/mexico\/porfirio-munoz-ledo-desde-hace-dos-tres-anos-mexico-dejo-la-transicion-democratica-y-esta-iniciando-una-reversion-autoritaria\/\" target=\"_blank\" rel=\"noreferrer noopener\"><strong>Porfirio Mu\u00f1oz Ledo&nbsp;<\/strong><\/a><strong>\u201cvulgar y corriente\u201d&nbsp;<\/strong>tras las acusaciones que el ex diputado federal en su contra al decir que el presiente tiene un \u201ccontubernio\u201d con el narcotr\u00e1fico y que busca heredarlo en las elecciones 2024.<\/p>\n\n\n\n<p>Durante la&nbsp;<a href=\"https:\/\/www.sdpnoticias.com\/mexico\/mananera-de-amlo-hoy-3-de-junio-en-vivo\/\" target=\"_blank\" rel=\"noreferrer noopener\">conferencia ma\u00f1anera del viernes 3 de junio<\/a>,&nbsp;<strong>AMLO&nbsp;<\/strong>respondi\u00f3 a los se\u00f1alamiento de&nbsp;<strong>Porfirio Mu\u00f1oz Ledo<\/strong>, de 88 a\u00f1os; el presidente se\u00f1al\u00f3 su edad como la responsable de lo que dijo.<\/p>\n\n\n\n<p>\u201cCreo que es un asunto de nostalgia, y con todo respeto, pues de la edad\u201d, respondi\u00f3 AMLO al apuntar que&nbsp;<strong>Porfirio Mu\u00f1oz Ledo&nbsp;<\/strong>habr\u00eda hecho el rid\u00edculo con sus \u201clamentables\u201d declaraciones.<\/p>\n\n\n\n<blockquote class=\"wp-block-quote is-layout-flow wp-block-quote-is-layout-flow\"><p>\u201cEs realmente muy corriente, muy vulgar todo esto. Lo lamento porque por ejemplo el licenciado Mu\u00f1oz Ledo me conoce muy bien y se atreve a sostener de que el gobierno tiene v\u00ednculos con el narcotr\u00e1fico, es un juicio sin fundamento, temerario, sin ninguna prueba\u201d. AMLO<\/p><cite>Informaci\u00f3n en desarrollo&#8230;<\/cite><\/blockquote>\n\n\n\n<p>Fuente: https:\/\/www.sdpnoticias.com\/mexico\/amlo-llama-vulgar-y-corriente-a-porfirio-munoz-ledo-por-vincularlo-al-narco\/<\/p>\n","protected":false},"excerpt":{"rendered":"<p>AMLO acus\u00f3 que Porfirio Mu\u00f1oz Ledo lanz\u00f3 acusaciones \u201cpor la edad\u201d y calific\u00f3 la vinculaci\u00f3n al narco en su contra [&hellip;]<\/p>\n","protected":false},"author":1,"featured_media":29222,"comment_status":"open","ping_status":"open","sticky":false,"template":"","format":"standard","meta":{"site-sidebar-layout":"default","site-content-layout":"","ast-site-content-layout":"default","site-content-style":"default","site-sidebar-style":"default","ast-global-header-display":"","ast-banner-title-visibility":"","ast-main-header-display":"","ast-hfb-above-header-display":"","ast-hfb-below-header-display":"","ast-hfb-mobile-header-display":"","site-post-title":"","ast-breadcrumbs-content":"","ast-featured-img":"","footer-sml-layout":"","theme-transparent-header-meta":"","adv-header-id-meta":"","stick-header-meta":"","header-above-stick-meta":"","header-main-stick-meta":"","header-below-stick-meta":"","astra-migrate-meta-layouts":"default","ast-page-background-enabled":"default","ast-page-background-meta":{"desktop":{"background-color":"var(--ast-global-color-4)","background-image":"","background-repeat":"repeat","background-position":"center center","background-size":"auto","background-attachment":"scroll","background-type":"","background-media":"","overlay-type":"","overlay-color":"","overlay-opacity":"","overlay-gradient":""},"tablet":{"background-color":"","background-image":"","background-repeat":"repeat","background-position":"center center","background-size":"auto","background-attachment":"scroll","background-type":"","background-media":"","overlay-type":"","overlay-color":"","overlay-opacity":"","overlay-gradient":""},"mobile":{"background-color":"","background-image":"","background-repeat":"repeat","background-position":"center center","background-size":"auto","background-attachment":"scroll","background-type":"","background-media":"","overlay-type":"","overlay-color":"","overlay-opacity":"","overlay-gradient":""}},"ast-content-background-meta":{"desktop":{"background-color":"var(--ast-global-color-5)","background-image":"","background-repeat":"repeat","background-position":"center center","background-size":"auto","background-attachment":"scroll","background-type":"","background-media":"","overlay-type":"","overlay-color":"","overlay-opacity":"","overlay-gradient":""},"tablet":{"background-color":"var(--ast-global-color-5)","background-image":"","background-repeat":"repeat","background-position":"center center","background-size":"auto","background-attachment":"scroll","background-type":"","background-media":"","overlay-type":"","overlay-color":"","overlay-opacity":"","overlay-gradient":""},"mobile":{"background-color":"var(--ast-global-color-5)","background-image":"","background-repeat":"repeat","background-position":"center center","background-size":"auto","background-attachment":"scroll","background-type":"","background-media":"","overlay-type":"","overlay-color":"","overlay-opacity":"","overlay-gradient":""}},"footnotes":""},"categories":[8],"tags":[199,1963,1100],"class_list":["post-29221","post","type-post","status-publish","format-standard","has-post-thumbnail","hentry","category-noticias","tag-amlo","tag-narcotrafico-mexico","tag-porfirio-munoz-ledo"],"_links":{"self":[{"href":"https:\/\/losperiodistas.com.mx\/portal\/wp-json\/wp\/v2\/posts\/29221","targetHints":{"allow":["GET"]}}],"collection":[{"href":"https:\/\/losperiodistas.com.mx\/portal\/wp-json\/wp\/v2\/posts"}],"about":[{"href":"https:\/\/losperiodistas.com.mx\/portal\/wp-json\/wp\/v2\/types\/post"}],"author":[{"embeddable":true,"href":"https:\/\/losperiodistas.com.mx\/portal\/wp-json\/wp\/v2\/users\/1"}],"replies":[{"embeddable":true,"href":"https:\/\/losperiodistas.com.mx\/portal\/wp-json\/wp\/v2\/comments?post=29221"}],"version-history":[{"count":1,"href":"https:\/\/losperiodistas.com.mx\/portal\/wp-json\/wp\/v2\/posts\/29221\/revisions"}],"predecessor-version":[{"id":29223,"href":"https:\/\/losperiodistas.com.mx\/portal\/wp-json\/wp\/v2\/posts\/29221\/revisions\/29223"}],"wp:featuredmedia":[{"embeddable":true,"href":"https:\/\/losperiodistas.com.mx\/portal\/wp-json\/wp\/v2\/media\/29222"}],"wp:attachment":[{"href":"https:\/\/losperiodistas.com.mx\/portal\/wp-json\/wp\/v2\/media?parent=29221"}],"wp:term":[{"taxonomy":"category","embeddable":true,"href":"https:\/\/losperiodistas.com.mx\/portal\/wp-json\/wp\/v2\/categories?post=29221"},{"taxonomy":"post_tag","embeddable":true,"href":"https:\/\/losperiodistas.com.mx\/portal\/wp-json\/wp\/v2\/tags?post=29221"}],"curies":[{"name":"wp","href":"https:\/\/api.w.org\/{rel}","templated":true}]}}