{"id":29218,"date":"2022-06-03T08:52:30","date_gmt":"2022-06-03T13:52:30","guid":{"rendered":"http:\/\/losperiodistas.com.mx\/portal\/?p=29218"},"modified":"2022-06-03T08:52:31","modified_gmt":"2022-06-03T13:52:31","slug":"hallada-una-cabeza-del-dios-del-maiz-maya-que-permanecio-oculta-mas-de-1-300-anos-en-chiapas-el-pais","status":"publish","type":"post","link":"https:\/\/losperiodistas.com.mx\/portal\/hallada-una-cabeza-del-dios-del-maiz-maya-que-permanecio-oculta-mas-de-1-300-anos-en-chiapas-el-pais\/","title":{"rendered":"Hallada una cabeza del dios del ma\u00edz maya que permaneci\u00f3 oculta m\u00e1s de 1.300 a\u00f1os en Chiapas | El Pa\u00eds"},"content":{"rendered":"\n<p><em>Los arque\u00f3logos encuentran la representaci\u00f3n de la divinidad durante los trabajos de conservaci\u00f3n del sitio prehisp\u00e1nico de Palenque. Es el primer hallazgo de una cabeza estucada en la <\/em>zona arqueol\u00f3gica<\/p>\n\n\n\n<p><\/p>\n\n\n\n<figure class=\"wp-block-image size-large\"><img fetchpriority=\"high\" decoding=\"async\" width=\"1024\" height=\"574\" src=\"https:\/\/losperiodistas.com.mx\/portal\/wp-content\/uploads\/2022\/06\/UKRQXGMIOJJLSDGD6VYVE2IMEE-1024x574.jpeg\" alt=\"\" class=\"wp-image-29219\" srcset=\"https:\/\/losperiodistas.com.mx\/portal\/wp-content\/uploads\/2022\/06\/UKRQXGMIOJJLSDGD6VYVE2IMEE-1024x574.jpeg 1024w, https:\/\/losperiodistas.com.mx\/portal\/wp-content\/uploads\/2022\/06\/UKRQXGMIOJJLSDGD6VYVE2IMEE-300x168.jpeg 300w, https:\/\/losperiodistas.com.mx\/portal\/wp-content\/uploads\/2022\/06\/UKRQXGMIOJJLSDGD6VYVE2IMEE-768x430.jpeg 768w, https:\/\/losperiodistas.com.mx\/portal\/wp-content\/uploads\/2022\/06\/UKRQXGMIOJJLSDGD6VYVE2IMEE-1536x860.jpeg 1536w, https:\/\/losperiodistas.com.mx\/portal\/wp-content\/uploads\/2022\/06\/UKRQXGMIOJJLSDGD6VYVE2IMEE.jpeg 1960w\" sizes=\"(max-width: 1024px) 100vw, 1024px\" \/><figcaption>Una cabeza estucada del joven dios maya del ma\u00edz es hallada en el sitio arqueol\u00f3gico de Palenque en el Estado de Chiapas, M\u00e9xico.INAH (REUTERS)<\/figcaption><\/figure>\n\n\n\n<p class=\"has-vivid-cyan-blue-color has-text-color has-medium-font-size\">ANNA LAGOS \/ EL PA\u00cdS<\/p>\n\n\n\n<p>Para los&nbsp;<a href=\"https:\/\/elpais.com\/ciencia\/2022-04-13\/la-primera-fecha-del-calendario-maya-aparece-en-lo-mas-profundo-de-una-piramide.html\">mayas<\/a>, el&nbsp;<a href=\"https:\/\/elpais.com\/sociedad\/2019\/03\/01\/actualidad\/1551394854_627095.html\">ma\u00edz<\/a>&nbsp;era la planta vital por excelencia y, seg\u00fan el&nbsp;<a href=\"https:\/\/elpais.com\/diario\/2008\/08\/15\/revistaverano\/1218817304_850215.html\">Popol Vuh<\/a>, con su masa los dioses crearon al hombre. Los primeros hombres fueron hechos de lodo y los siguientes de madera; sobrevivieron solo los que se fabricaron con&nbsp;<a href=\"https:\/\/elpais.com\/elpais\/2015\/06\/29\/eps\/1435577332_372628.html\">masa de ma\u00edz<\/a>&nbsp;porque tuvieron las facultades de sostener y venerar a los dioses, agradecerles su creaci\u00f3n y mostrarse dispuestos a servirlos en todo lo que ellos quisieran. Con ma\u00edz blanco moldearon la figura humana y con el&nbsp;<a href=\"https:\/\/elpais.com\/cultura\/2017\/08\/10\/actualidad\/1502378313_531014.html\">ma\u00edz rojo<\/a>&nbsp;hicieron su sangre. Alberto Ruz Lhuillier, reconocido por haber descubierto la tumba de Pakal el Grande en el Templo de las Inscripciones en Palenque, explica en su libro&nbsp;<em>Los antiguos mayas,<\/em>&nbsp;que su representaci\u00f3n humanizada es \u201cun hombre joven, cuya cabeza alargada recuerda la forma de una mazorca o est\u00e1 rodeada de hojas\u201d. Justo esa representaci\u00f3n del joven dios del ma\u00edz maya fue hallada hace apenas unos meses por especialistas del Instituto Nacional de Antropolog\u00eda e Historia (INAH) durante los trabajos de conservaci\u00f3n en un pasillo de El Palacio, en&nbsp;<a href=\"https:\/\/elpais.com\/cultura\/2016\/07\/26\/actualidad\/1469490503_973577.html\">Palenque<\/a>, en el Estado de&nbsp;<a href=\"https:\/\/elpais.com\/mexico\/2022-05-06\/de-narcofosa-a-tesoro-arqueologico-milenario-el-hallazgo-de-150-craneos-en-chiapas-arroja-luz-sobre-las-costumbres-religiosas-prehispanicas.html\">Chiapas<\/a>, al sur de M\u00e9xico. Tiene m\u00e1s 1.300 a\u00f1os de antig\u00fcedad y es el primer hallazgo de una cabeza de estuco en la zona arqueol\u00f3gica. La escultura es parte fundamental de una ofrenda colocada sobre un estanque, emulando el ingreso de la deidad al inframundo. Una imagen alucinante para los ojos entrenados de los arque\u00f3logos. \u201cEl descubrimiento del dep\u00f3sito nos permite empezar a conocer c\u00f3mo los&nbsp;<a href=\"https:\/\/elpais.com\/internacional\/2018\/01\/31\/la_serpiente_emplumada\/1517357108_540213.html\">antiguos mayas<\/a>&nbsp;de Palenque reviv\u00edan, de manera constante, el pasaje m\u00edtico sobre el nacimiento, la muerte y la resurrecci\u00f3n de la deidad del ma\u00edz\u201d, explica el investigador del Centro INAH Chiapas, Arnoldo Gonz\u00e1lez Cruz.<\/p>\n\n\n\n<figure class=\"wp-block-image\"><img decoding=\"async\" src=\"https:\/\/vdmedia.elpais.com\/elpaistop\/20226\/2\/2022060122845192_1654139357_video_1654139415.jpg\" alt=\"\"\/><figcaption>V\u00eddeo:&nbsp;INAH<\/figcaption><\/figure>\n\n\n\n<p>La cabeza&nbsp;<a href=\"https:\/\/elpais.com\/mexico\/2021-11-29\/los-dioses-favoritos-de-enrique-florescano.html\">del dios<\/a>&nbsp;del ma\u00edz \u2014 que mide 45 cent\u00edmetros de largo; 16 cent\u00edmetros de ancho y 22 cent\u00edmetros de alto \u2014 es id\u00e9ntica a las mazorcas y sus largos cabellos se equiparan con los del elote; se trata un hombre joven con una acentuada deformaci\u00f3n craneal y sin ning\u00fan rasgo animal. \u201cLa escultura, que debi\u00f3 ser modelada alrededor de un soporte de piedra caliza, tiene caracter\u00edsticas gr\u00e1ciles: el ment\u00f3n es afilado, pronunciado y partido; los labios son finos y se proyectan hacia afuera; el inferior, ligeramente hacia abajo, y muestran los incisivos superiores. Los p\u00f3mulos son finos y redondeados; y los ojos, alargados y delgados. De la frente amplia, larga, aplanada y de forma rectangular, nace una nariz ancha y pronunciada\u201d, detallan los arque\u00f3logos Carlos Varela Scherrer y Wenceslao Urbina Cruz, quienes asistieron como jefes de campo. Por el tipo cer\u00e1mico del plato tr\u00edpode que acompa\u00f1aba la cabeza del \u2018joven dios del&nbsp;<a href=\"https:\/\/elpais.com\/mexico\/2022-05-29\/el-gobierno-comprara-medio-millon-de-toneladas-de-maiz-para-abastecer-a-los-pobres-y-frenar-el-alza-de-precios-de-la-tortilla.html\">ma\u00edz<\/a>&nbsp;tonsurado\u2019 \u2013calificativo que alude al cabello recortado del numen, el cual recuerda al ma\u00edz maduro\u2013, la pieza arqueol\u00f3gica ha sido fechada hacia el periodo Cl\u00e1sico Tard\u00edo (700-850 d.C.).<\/p>\n\n\n\n<figure class=\"wp-block-image\"><img decoding=\"async\" src=\"https:\/\/imagenes.elpais.com\/resizer\/NfocRlqsjHSas1MoFGbY13NFKMA=\/414x0\/cloudfront-eu-central-1.images.arcpublishing.com\/prisa\/A7OMDL6EL6GVFZ3CK2DKI2NVZM.jpg\" alt=\"La cabeza del dios del ma\u00edz, que mide 45 cent\u00edmetros de largo; 16 de ancho y 22 de alto, es id\u00e9ntica a las mazorcas y sus largos cabellos se equiparan con los del elote.\"\/><figcaption>La cabeza del dios del ma\u00edz, que mide 45 cent\u00edmetros de largo; 16 de ancho y 22 de alto, es id\u00e9ntica a las mazorcas y sus largos cabellos se equiparan con los del elote.INAH (REUTERS)<\/figcaption><\/figure>\n\n\n\n<p>La deidad fue descubierta dentro de un recept\u00e1culo semicuadrado formado por tres paredes y bajo una capa de tierra suelta emergieron la nariz y la boca semiabierta de la divinidad, adem\u00e1s, guardaba una orientaci\u00f3n este-oeste, s\u00edmbolo del nacimiento de la planta del ma\u00edz con los primeros&nbsp;<a href=\"https:\/\/elpais.com\/ciencia\/vacio-cosmico\/2022-05-25\/la-paradoja-del-sol-joven-y-la-tierra-como-una-bola-de-nieve.html\">rayos del sol<\/a>. De acuerdo con los investigadores, el estanque funcionaba para los mayas como un espejo de agua para ver reflejado el&nbsp;<a href=\"https:\/\/elpais.com\/icon\/cultura\/2021-12-20\/el-cosmos-resumido-como-carl-sagan-llevo-lo-inexplicable-a-todos-los-salones.html\">cosmos<\/a>. Es probable que estos rituales, de car\u00e1cter nocturno, partieran en la gobernanza de&nbsp;<a href=\"https:\/\/elviajero.elpais.com\/elviajero\/2018\/04\/19\/actualidad\/1524128152_325392.html\">K\u2019inich Janaab\u2019 Pakal I&nbsp;<\/a>(615-683 d.C.), y continuaran durante las de K\u2019an Bahlam II (684-702 d.C.), K\u2019an Joy Chitam II (702-711 d.C.) y Ahkal Mo\u2019 Nahb\u2019 III (721-736 d.C.). Posteriormente, quiz\u00e1s en el reinado de este \u00faltimo, clausuraron ese espacio de forma simb\u00f3lica, rompiendo una porci\u00f3n del piso de estuco del estanque y retirando parte del relleno constructivo, para depositar una serie de elementos: vegetales, huesos de animales \u2013codorniz, tortuga blanca, pez blanco y perro dom\u00e9stico\u2013, conchas, quelas de cangrejo, fragmentos de hueso trabajado, pedazos cer\u00e1micos, tres fracciones de figurillas antropomorfas miniatura, 120 trozos de navajillas de obsidiana, una porci\u00f3n de cuenta de piedra verde, dos cuentas de concha, as\u00ed como semillas y peque\u00f1os caracoles.<\/p>\n\n\n\n<figure class=\"wp-block-image\"><img decoding=\"async\" src=\"https:\/\/imagenes.elpais.com\/resizer\/iOMpsC1NeHnKV8XC0IxUI1ekPmE=\/414x0\/cloudfront-eu-central-1.images.arcpublishing.com\/prisa\/DKAIDTKYCA2M4OSK34KSM22VAA.jpg\" alt=\"La deidad fue descubierta dentro de un recept\u00e1culo semicuadrado formado por tres paredes y bajo una capa de tierra suelta emergieron la nariz y la boca semiabierta de la divinidad.\"\/><figcaption>La deidad fue descubierta dentro de un recept\u00e1culo semicuadrado formado por tres paredes y bajo una capa de tierra suelta emergieron la nariz y la boca semiabierta de la divinidad.INAH (REUTERS)<\/figcaption><\/figure>\n\n\n\n<p>\u201cLa colocaci\u00f3n de estos elementos estaba constituida de forma conc\u00e9ntrica, cubriendo casi 75% de la cavidad, la cual sellaron con piedras sueltas. Algunos huesos de animales fueron sometidos a cocci\u00f3n, y otros tienen marcas de descarne y huellas de dientes, por lo que seguramente sirvieron para consumo humano como parte del ritual\u201d, relata el especialista Arnoldo Gonz\u00e1lez Cruz. Sobre la ofrenda se coloc\u00f3 una laja de piedra caliza con una peque\u00f1a perforaci\u00f3n \u2014 de 85 cent\u00edmetros de largo por 60 cent\u00edmetros de ancho, y 4 cent\u00edmetros de espesor \u2014, no sin antes \u201csacrificar\u201d el plato tr\u00edpode, el cual fue roto casi por la mitad y una porci\u00f3n, con uno de sus soportes, fue colocada en el agujero de la laja. Luego vino un lecho semicircular de tiestos y peque\u00f1as almas de piedra, sobre el que se asent\u00f3 la cabeza de la deidad, la cual se apoy\u00f3 lateralmente con los mismos materiales. Por \u00faltimo, todo el espacio ser\u00eda clausurado con tierra y tres muros peque\u00f1os, dejando la cabeza del joven dios del ma\u00edz dentro de una especie de caja, donde permaneci\u00f3 oculta por 1.300 a\u00f1os.<\/p>\n\n\n\n<figure class=\"wp-block-image\"><img decoding=\"async\" src=\"https:\/\/imagenes.elpais.com\/resizer\/gTVo9PAFN5Hhnt44zhnmP7bQ8TE=\/414x0\/cloudfront-eu-central-1.images.arcpublishing.com\/prisa\/KNTDZOICXN564ED42WIMSR2TZA.jpg\" alt=\"Un arque\u00f3logo del INAH trabaja en el hallazgo de Palenque.\"\/><figcaption>Un arque\u00f3logo del INAH trabaja en el hallazgo de Palenque.INAH (REUTERS)<\/figcaption><\/figure>\n\n\n\n<p>Conforme avanz\u00f3 la exploraci\u00f3n, se constat\u00f3 que la escultura es el eje de una rica ofrenda que se dispuso sobre un estanque de piso y paredes estucadas, de un metro de ancho por tres metros de largo, para emular el ingreso de este dios al inframundo, en un entorno acu\u00e1tico. Como personificaci\u00f3n del grano sembrado realiza varios ritos en el&nbsp;<a href=\"https:\/\/elpais.com\/cultura\/2021-08-14\/cuatro-ramos-de-flores-de-mas-de-1800-anos-cierran-la-exploracion-del-tunel-de-teotihuacan.html\">inframundo<\/a>. Seg\u00fan cuenta el mito, \u201c[el dios maya] viaja en una canoa conducida por los dioses remeros, es ataviado por mujeres j\u00f3venes y desnudas, y finalmente germina de la caparaz\u00f3n de una tortuga, s\u00edmbolo de la tierra. En este \u00faltimo acto se presenta flanqueado por dos dioses (Hun Ajaw y Yax B\u2019alam), quienes se cree son la versi\u00f3n de los h\u00e9roes gemelos (Hunajpu e Xb\u2019alanke) del Popol Vuh, hijos de Hun Junajpu\u201d, explica el arque\u00f3logo Tom\u00e1s P\u00e9rez Su\u00e1rez, del Centro de Estudios Mayas del Instituto de Investigaciones Filol\u00f3gicas de la&nbsp;<a href=\"https:\/\/elpais.com\/mexico\/2022-05-27\/la-unam-gana-una-batalla-legal-contra-un-desarrollo-residencial-de-lujo-en-ciudad-de-mexico.html\">UNAM<\/a>.<\/p>\n\n\n\n<p>\u201cLa pieza est\u00e1 bastante fragmentada. Se encontr\u00f3 en un contexto de humedad, por lo que se tuvo que dejar secar paulatinamente, para que la pieza no se deteriore con un cambio de ambiente tan dr\u00e1stico, pues estaba anegada de agua. Ahora, ya est\u00e1 en un estado mucho m\u00e1s seco, para poder iniciar su restauraci\u00f3n. Lo que vamos a hacer es limpiar todos los fragmentos, se van a tratar de adherir y rescatar todos los fragmentos de cer\u00e1mica que tambi\u00e9n se encuentran con la pieza\u201d, explica el restaurador Jorge Alejandro Coraza, quien se refiere a los fragmentos de un plato tr\u00edpode sobre el que se dispuso la escultura, ya que esta \u201cse concibi\u00f3 originalmente como una cabeza cercenada\u201d. Tal idea surge al contrastar la iconograf\u00eda del joven dios del ma\u00edz en otras piezas y documentos, como una serie de platos del periodo&nbsp;<a href=\"https:\/\/elpais.com\/elpais\/2018\/09\/27\/ciencia\/1538033539_490188.html\">Cl\u00e1sico Tard\u00edo<\/a>&nbsp;(600-850 d.C.), una vasija de la regi\u00f3n de Tikal, del Cl\u00e1sico Temprano (150-600 d.C.), y representaciones en los c\u00f3dices Dresde y Madrid, en los que esta deidad o personajes vinculados a ella, aparecen con la cabeza cortada.<\/p>\n\n\n\n<p>\u201cEn el principio, todo estaba en suspenso. Todo en calma. Solamente hab\u00eda inmovilidad y silencio en la oscuridad, en la noche\u201d, arranca el&nbsp;<em>Popol Vuh<\/em>,&nbsp;<em>el libro sagrado de los mayas<\/em>. Primero, contin\u00faa m\u00e1s adelante, los dioses crearon hombres de barro. Fue un fiasco. No se sosten\u00edan y, cuando llov\u00eda, se deshac\u00edan, encima eran incapaces de hablar y reproducirse. Luego, probaron con hombres de madera, pero no ten\u00edan alma ni memoria; no recordar\u00edan qui\u00e9nes fueron sus creadores. Por \u00faltimo, intentaron con una mezcla de ma\u00edz y sangre. A partir del ma\u00edz blanco moldearon la figura humana y con el ma\u00edz rojo hicieron su sangre, y esta fue la versi\u00f3n que finalmente funcion\u00f3. Primero, fue el ma\u00edz. De ah\u00ed nacieron los primeros hombres capaces precisar con exactitud los ciclos lunares, solares y venusinos; de escribir e inventar el&nbsp;<em>cero<\/em>&nbsp;sin apenas herramientas. Se multiplicaron y poco a poco se expandieron y poblaron el sur de M\u00e9xico, Guatemala y Honduras. Para los mayas exist\u00edan el cielo, la tierra y el inframundo; cada uno de ellos se extend\u00eda en cuatro direcciones: cuatro ceibas, cuatro aves, cuatro tipos de ma\u00edz, cuatro colores. Los dioses son uno y cuatro al mismo tiempo. El abanico juega con los puntos cardinales, con la vida en el espacio-tiempo.<\/p>\n\n\n\n<p><a href=\"https:\/\/plus.elpais.com\/newsletters\/lnp\/1\/348\"><strong>Suscr\u00edbase aqu\u00ed<\/strong><\/a>a la\u00a0<em>newsletter<\/em>\u00a0de EL PA\u00cdS M\u00e9xico y reciba todas las claves informativas de la actualidad de este pa\u00eds<\/p>\n\n\n\n<p>Fuente: https:\/\/elpais.com\/mexico\/2022-06-03\/la-cabeza-del-dios-del-maiz-maya-que-permanecio-oculta-mas-de-1300-anos-en-palenque.html<\/p>\n","protected":false},"excerpt":{"rendered":"<p>Los arque\u00f3logos encuentran la representaci\u00f3n de la divinidad durante los trabajos de conservaci\u00f3n del sitio prehisp\u00e1nico de Palenque. Es el [&hellip;]<\/p>\n","protected":false},"author":1,"featured_media":29219,"comment_status":"open","ping_status":"open","sticky":false,"template":"","format":"standard","meta":{"site-sidebar-layout":"default","site-content-layout":"","ast-site-content-layout":"default","site-content-style":"default","site-sidebar-style":"default","ast-global-header-display":"","ast-banner-title-visibility":"","ast-main-header-display":"","ast-hfb-above-header-display":"","ast-hfb-below-header-display":"","ast-hfb-mobile-header-display":"","site-post-title":"","ast-breadcrumbs-content":"","ast-featured-img":"","footer-sml-layout":"","theme-transparent-header-meta":"","adv-header-id-meta":"","stick-header-meta":"","header-above-stick-meta":"","header-main-stick-meta":"","header-below-stick-meta":"","astra-migrate-meta-layouts":"default","ast-page-background-enabled":"default","ast-page-background-meta":{"desktop":{"background-color":"var(--ast-global-color-4)","background-image":"","background-repeat":"repeat","background-position":"center center","background-size":"auto","background-attachment":"scroll","background-type":"","background-media":"","overlay-type":"","overlay-color":"","overlay-opacity":"","overlay-gradient":""},"tablet":{"background-color":"","background-image":"","background-repeat":"repeat","background-position":"center center","background-size":"auto","background-attachment":"scroll","background-type":"","background-media":"","overlay-type":"","overlay-color":"","overlay-opacity":"","overlay-gradient":""},"mobile":{"background-color":"","background-image":"","background-repeat":"repeat","background-position":"center center","background-size":"auto","background-attachment":"scroll","background-type":"","background-media":"","overlay-type":"","overlay-color":"","overlay-opacity":"","overlay-gradient":""}},"ast-content-background-meta":{"desktop":{"background-color":"var(--ast-global-color-5)","background-image":"","background-repeat":"repeat","background-position":"center center","background-size":"auto","background-attachment":"scroll","background-type":"","background-media":"","overlay-type":"","overlay-color":"","overlay-opacity":"","overlay-gradient":""},"tablet":{"background-color":"var(--ast-global-color-5)","background-image":"","background-repeat":"repeat","background-position":"center center","background-size":"auto","background-attachment":"scroll","background-type":"","background-media":"","overlay-type":"","overlay-color":"","overlay-opacity":"","overlay-gradient":""},"mobile":{"background-color":"var(--ast-global-color-5)","background-image":"","background-repeat":"repeat","background-position":"center center","background-size":"auto","background-attachment":"scroll","background-type":"","background-media":"","overlay-type":"","overlay-color":"","overlay-opacity":"","overlay-gradient":""}},"footnotes":""},"categories":[8],"tags":[10586,1037,583,10585],"class_list":["post-29218","post","type-post","status-publish","format-standard","has-post-thumbnail","hentry","category-noticias","tag-dios-del-maiz","tag-inah","tag-palenque","tag-popol-vuh"],"_links":{"self":[{"href":"https:\/\/losperiodistas.com.mx\/portal\/wp-json\/wp\/v2\/posts\/29218","targetHints":{"allow":["GET"]}}],"collection":[{"href":"https:\/\/losperiodistas.com.mx\/portal\/wp-json\/wp\/v2\/posts"}],"about":[{"href":"https:\/\/losperiodistas.com.mx\/portal\/wp-json\/wp\/v2\/types\/post"}],"author":[{"embeddable":true,"href":"https:\/\/losperiodistas.com.mx\/portal\/wp-json\/wp\/v2\/users\/1"}],"replies":[{"embeddable":true,"href":"https:\/\/losperiodistas.com.mx\/portal\/wp-json\/wp\/v2\/comments?post=29218"}],"version-history":[{"count":1,"href":"https:\/\/losperiodistas.com.mx\/portal\/wp-json\/wp\/v2\/posts\/29218\/revisions"}],"predecessor-version":[{"id":29220,"href":"https:\/\/losperiodistas.com.mx\/portal\/wp-json\/wp\/v2\/posts\/29218\/revisions\/29220"}],"wp:featuredmedia":[{"embeddable":true,"href":"https:\/\/losperiodistas.com.mx\/portal\/wp-json\/wp\/v2\/media\/29219"}],"wp:attachment":[{"href":"https:\/\/losperiodistas.com.mx\/portal\/wp-json\/wp\/v2\/media?parent=29218"}],"wp:term":[{"taxonomy":"category","embeddable":true,"href":"https:\/\/losperiodistas.com.mx\/portal\/wp-json\/wp\/v2\/categories?post=29218"},{"taxonomy":"post_tag","embeddable":true,"href":"https:\/\/losperiodistas.com.mx\/portal\/wp-json\/wp\/v2\/tags?post=29218"}],"curies":[{"name":"wp","href":"https:\/\/api.w.org\/{rel}","templated":true}]}}