{"id":29212,"date":"2022-06-03T08:36:37","date_gmt":"2022-06-03T13:36:37","guid":{"rendered":"http:\/\/losperiodistas.com.mx\/portal\/?p=29212"},"modified":"2022-06-03T08:36:38","modified_gmt":"2022-06-03T13:36:38","slug":"reina-isabel-ii-la-silenciosa-transicion-que-comenzo-en-reino-unido-entre-la-monarca-y-el-principe-carlos-bbc","status":"publish","type":"post","link":"https:\/\/losperiodistas.com.mx\/portal\/reina-isabel-ii-la-silenciosa-transicion-que-comenzo-en-reino-unido-entre-la-monarca-y-el-principe-carlos-bbc\/","title":{"rendered":"Reina Isabel II: la silenciosa transici\u00f3n que comenz\u00f3 en Reino Unido entre la monarca y el pr\u00edncipe Carlos\u00a0| BBC"},"content":{"rendered":"\n<figure class=\"wp-block-image size-full\"><img fetchpriority=\"high\" decoding=\"async\" width=\"800\" height=\"450\" src=\"https:\/\/losperiodistas.com.mx\/portal\/wp-content\/uploads\/2022\/06\/125003045_gettyimages-1240485565.jpg\" alt=\"\" class=\"wp-image-29213\" srcset=\"https:\/\/losperiodistas.com.mx\/portal\/wp-content\/uploads\/2022\/06\/125003045_gettyimages-1240485565.jpg 800w, https:\/\/losperiodistas.com.mx\/portal\/wp-content\/uploads\/2022\/06\/125003045_gettyimages-1240485565-300x169.jpg 300w, https:\/\/losperiodistas.com.mx\/portal\/wp-content\/uploads\/2022\/06\/125003045_gettyimages-1240485565-768x432.jpg 768w\" sizes=\"(max-width: 800px) 100vw, 800px\" \/><figcaption>Getty Images | El carruaje de oro real ser\u00e1 la pieza central del Jubileo, pero desfilar\u00e1 sin su famosa pasajera.<\/figcaption><\/figure>\n\n\n\n<p><\/p>\n\n\n\n<p class=\"has-vivid-cyan-blue-color has-text-color has-medium-font-size\">BBC NEWS<\/p>\n\n\n\n<p><strong>Entre todo el simbolismo que veremos este fin de semana, cuando se celebre el Jubileo de Platino de la reina Isabel, habr\u00e1 una pieza que destacar\u00e1 entre todas las dem\u00e1s: el carruaje de oro de la monarca.<\/strong><\/p>\n\n\n\n<p>El veh\u00edculo ser\u00e1 la pieza central del desfile que recorrer\u00e1 la misma ruta que tom\u00f3 cuando fue coronada, desde la Abad\u00eda de Westminster hasta el Palacio de Buckingham.<\/p>\n\n\n\n<p>Con un peso de cuatro toneladas, el carruaje de 250 a\u00f1os de antig\u00fcedad es un recordatorio de la riqueza y la gloria pasadas del antiguo dominio brit\u00e1nico en los oc\u00e9anos y otros continentes.<\/p>\n\n\n\n<p>La reina viaj\u00f3 en \u00e9l a su coronaci\u00f3n y en sus procesiones del Jubileo de Plata y Oro.<\/p>\n\n\n\n<p><strong>Este a\u00f1o, sin embargo, estar\u00e1 vac\u00edo<\/strong>. Isabel, de 96 a\u00f1os, se ausentar\u00e1 este viernes del recorrido. La Casa Real inform\u00f3 que experimenta incomodidad luego de este jueves observar desde el palacio de Buckingham un desfile en su honor.<\/p>\n\n\n\n<p>Ante esto, la \u00fanica raz\u00f3n para admirar el carruaje, que se mueve tirado por ocho caballos Windsor Grey, es su magn\u00edfico tallado y las im\u00e1genes de su coronaci\u00f3n que se proyectar\u00e1 en las ventanillas.<\/p>\n\n\n\n<figure class=\"wp-block-image\"><img decoding=\"async\" src=\"https:\/\/ichef.bbci.co.uk\/news\/640\/cpsprodpb\/595E\/production\/_124987822_gettyimages-1175846704.jpg\" alt=\"La reina Isabel y el pr\u00edncipe Carlos se sostienen de la mano\"\/><\/figure>\n\n\n\n<p>Hay quienes afirman que, pese a que no se espera un cambio en el trono pr\u00f3ximamente, las actividades del Jubileo son un signo de que ha comenzado una transici\u00f3n con el heredero, el pr\u00edncipe Carlos, quien ha sustituido a la reina p\u00fablicamente en varias compromisos.<\/p>\n\n\n\n<h2 class=\"wp-block-heading\" id=\"La-diferencia-con-los-jubileos-ateriores-\">La diferencia con los jubileos ateriores<\/h2>\n\n\n\n<p>Contrario a lo sucedido este a\u00f1o, cuando la reina casi no ha sido vista en sus actividades de aniversario, en 1977, el a\u00f1o de su Jubileo de Plata, visit\u00f3 36 condados diferentes de Reino Unido, as\u00ed como nueve pa\u00edses de la Mancomunidad.<\/p>\n\n\n\n<p>Un cuarto de siglo despu\u00e9s, giras nacionales e internacionales marcaron sus bodas de oro. Una d\u00e9cada despu\u00e9s, en 2012, los viajes internacionales quedaron en manos de otros miembros de la Familia Real, mientras la reina recorr\u00eda Reino Unido.<\/p>\n\n\n\n<figure class=\"wp-block-image\"><img decoding=\"async\" src=\"https:\/\/ichef.bbci.co.uk\/news\/640\/cpsprodpb\/61C6\/production\/_125003052_b07c6c33-70d4-4c2c-80cd-7ced231d7f88.jpg\" alt=\"La reina y el duque de Edimburgo durante el desfile real de 1977.\"\/><figcaption>Pie de foto,La reina y el duque de Edimburgo durante el desfile real de 1977.<\/figcaption><\/figure>\n\n\n\n<p>Este a\u00f1o es muy diferente. Todo lo que el Palacio dir\u00e1, afirma&nbsp;<strong>Jonny Dymond<\/strong>, corresponsal de la realeza de la BBC, es que la reina \u00abespera\u00bb asistir a las diversas ceremonias y celebraciones que se llevan a cabo en su honor.<\/p>\n\n\n\n<p>Los problemas de movilidad que ahora la acosan despu\u00e9s de una larga vida de actividad han hecho que rechace participar de la mayor\u00eda de los eventos. Y apenas se la ha visto en p\u00fablico durante los \u00faltimos seis meses.<\/p>\n\n\n\n<h2 class=\"wp-block-heading\" id=\"El-comienzo-de-la-transici\u00f3n-\">El comienzo de la transici\u00f3n<\/h2>\n\n\n\n<p>Cuando se vea a la reina en todo este Jubileo, ser\u00e1 sobre todo en el balc\u00f3n del Palacio de Buckingham, contin\u00faa Dymond.<\/p>\n\n\n\n<p>Pero la suya no ser\u00e1 la \u00fanica ausencia destacable. Su esposo, el&nbsp;<strong>pr\u00edncipe Felipe<\/strong>, quien la apoy\u00f3 discretamente durante su reinado, falleci\u00f3 el pasado a\u00f1o. Esta es la primera gran ceremonia real en la no estar\u00e1.<\/p>\n\n\n\n<p>El&nbsp;<strong>pr\u00edncipe Andrew<\/strong>, por su parte, tampoco ser\u00e1 visto junto a su madre por estar alejado de la familia real ante los v\u00ednculos que tuvo con Jeffrey Epstein, el fallecido millonario acusado de explotaci\u00f3n sexual en EE.UU.<\/p>\n\n\n\n<p>Tampoco se ver\u00e1 al&nbsp;<strong>pr\u00edncipe Harry<\/strong>, quien parti\u00f3 dram\u00e1ticamente hacia EE.UU. junto a su esposa&nbsp;<strong>Meghan Markle<\/strong>, cuando decidieron dejar la familia real.<\/p>\n\n\n\n<p>En cambio, al frente y al centro estar\u00e1 su hijo y heredero.<\/p>\n\n\n\n<figure class=\"wp-block-image\"><img decoding=\"async\" src=\"https:\/\/ichef.bbci.co.uk\/news\/640\/cpsprodpb\/3AB6\/production\/_125003051_0f976c73-052a-46aa-8627-7fdb70641c50.jpg\" alt=\"El Jubileo de Platino ser\u00e1 la primera gran ceremonia real a la que se ausentar\u00e1 el pr\u00edncipe Felipe.\"\/><figcaption>Pie de foto,El Jubileo de Platino ser\u00e1 la primera gran ceremonia real en la que no estar\u00e1 el pr\u00edncipe Felipe.<\/figcaption><\/figure>\n\n\n\n<p>El&nbsp;<strong>pr\u00edncipe Carlos&nbsp;<\/strong>fue el miembro m\u00e1s antiguo de la Familia Real en Londres en la ceremonia del Domingo de Recordaci\u00f3n, d\u00eda en el que Reino Unido honra a sus ciudadanos ca\u00eddos en conflictos militares y que se celebra en noviembre.<\/p>\n\n\n\n<p>Su hijo mayor tambi\u00e9n encabez\u00f3 el Real Servicio Santo en abril, una de las ceremonias religiosas m\u00e1s antiguas de la familia real brit\u00e1nica, en la que, por tradici\u00f3n, el monarca entrega dinero a los necesitados.<\/p>\n\n\n\n<p>Y fue el pr\u00edncipe Carlos quien ley\u00f3 el discurso de la reina en la inauguraci\u00f3n del Parlamento a principios de este mes.<\/p>\n\n\n\n<p>En los \u00faltimos seis meses,&nbsp;<strong>tres de las grandes ceremonias de la monarqu\u00eda<\/strong>&nbsp;-militar, religiosa y constitucional- han sido&nbsp;<strong>encabezadas por el pr\u00edncipe de Gales<\/strong>.<\/p>\n\n\n\n<p>\u00abDe la manera m\u00e1s brit\u00e1nica posible, no declarada, no escrita y de la que no se habla, la transici\u00f3n ha comenzado\u00bb, sostiene Dymond.<\/p>\n\n\n\n<figure class=\"wp-block-image\"><img decoding=\"async\" src=\"https:\/\/ichef.bbci.co.uk\/news\/640\/cpsprodpb\/62C8\/production\/_124988252_gettyimages-1240575839.jpg\" alt=\"El pr\u00edncipe Carlos en el Parlamento\"\/><figcaption>Pie de foto,La reina fue representada por el pr\u00edncipe Carlos durante la apertura del Parlamento.<\/figcaption><\/figure>\n\n\n\n<h2 class=\"wp-block-heading\" id=\"Una-despedida-\">Una despedida<\/h2>\n\n\n\n<p>El Jubileo de Plata de 1977 fue una oportunidad para hacer una pausa, con gran parte del reinado por venir, para mirar tanto hacia atr\u00e1s como hacia adelante. El Jubileo de Oro de 2002 fue un reinicio despu\u00e9s de una d\u00e9cada agitada por esc\u00e1ndalos, divorcios y traspi\u00e9s.<\/p>\n\n\n\n<p>En 2012, el Jubileo de Diamante fue una reafirmaci\u00f3n del lugar de la reina en el afecto de la naci\u00f3n.<\/p>\n\n\n\n<p>\u00abEste Jubileo de Platino ser\u00e1 diferente. Porque esto es una despedida\u00bb, afirma Dymond.<\/p>\n\n\n\n<p>No a la propia reina, adelant\u00f3 el periodista, quien agreg\u00f3 que ella est\u00e1, seg\u00fan los expertos, \u00aben buen estado de salud\u00bb, aunque tenga problemas de movilidad. Tampoco habr\u00eda un cambio de ella como soberana.<\/p>\n\n\n\n<figure class=\"wp-block-image\"><img decoding=\"async\" src=\"https:\/\/ichef.bbci.co.uk\/news\/640\/cpsprodpb\/CE8E\/production\/_124987825_gettyimages-1250221226.jpg\" alt=\"La reina en el carruaje real camino al palacio en 2007\"\/><\/figure>\n\n\n\n<p>\u00abPero este fin de semana es una despedida de siete d\u00e9cadas de servicio p\u00fablico, de su presencia en los actos solemnes que cada a\u00f1o impactan la esfera p\u00fablica\u00bb, agrega.<\/p>\n\n\n\n<p>Dymond entiende que su regreso a las ceremonias de Estado parece poco probable. Isabel se ve cada vez m\u00e1s cerca de sus afectos personales que en sus eventos p\u00fablicos.<\/p>\n\n\n\n<p>Una era est\u00e1 llegando a su fin. Y en este Jubileo, la naci\u00f3n tiene la oportunidad de marcarlo con celebraci\u00f3n y agradecimiento.<\/p>\n\n\n\n<p>Fuente: https:\/\/www.bbc.com\/mundo\/noticias-61679202<\/p>\n","protected":false},"excerpt":{"rendered":"<p>BBC NEWS Entre todo el simbolismo que veremos este fin de semana, cuando se celebre el Jubileo de Platino de [&hellip;]<\/p>\n","protected":false},"author":1,"featured_media":29213,"comment_status":"open","ping_status":"open","sticky":false,"template":"","format":"standard","meta":{"site-sidebar-layout":"default","site-content-layout":"","ast-site-content-layout":"default","site-content-style":"default","site-sidebar-style":"default","ast-global-header-display":"","ast-banner-title-visibility":"","ast-main-header-display":"","ast-hfb-above-header-display":"","ast-hfb-below-header-display":"","ast-hfb-mobile-header-display":"","site-post-title":"","ast-breadcrumbs-content":"","ast-featured-img":"","footer-sml-layout":"","theme-transparent-header-meta":"","adv-header-id-meta":"","stick-header-meta":"","header-above-stick-meta":"","header-main-stick-meta":"","header-below-stick-meta":"","astra-migrate-meta-layouts":"default","ast-page-background-enabled":"default","ast-page-background-meta":{"desktop":{"background-color":"var(--ast-global-color-4)","background-image":"","background-repeat":"repeat","background-position":"center center","background-size":"auto","background-attachment":"scroll","background-type":"","background-media":"","overlay-type":"","overlay-color":"","overlay-opacity":"","overlay-gradient":""},"tablet":{"background-color":"","background-image":"","background-repeat":"repeat","background-position":"center center","background-size":"auto","background-attachment":"scroll","background-type":"","background-media":"","overlay-type":"","overlay-color":"","overlay-opacity":"","overlay-gradient":""},"mobile":{"background-color":"","background-image":"","background-repeat":"repeat","background-position":"center center","background-size":"auto","background-attachment":"scroll","background-type":"","background-media":"","overlay-type":"","overlay-color":"","overlay-opacity":"","overlay-gradient":""}},"ast-content-background-meta":{"desktop":{"background-color":"var(--ast-global-color-5)","background-image":"","background-repeat":"repeat","background-position":"center center","background-size":"auto","background-attachment":"scroll","background-type":"","background-media":"","overlay-type":"","overlay-color":"","overlay-opacity":"","overlay-gradient":""},"tablet":{"background-color":"var(--ast-global-color-5)","background-image":"","background-repeat":"repeat","background-position":"center center","background-size":"auto","background-attachment":"scroll","background-type":"","background-media":"","overlay-type":"","overlay-color":"","overlay-opacity":"","overlay-gradient":""},"mobile":{"background-color":"var(--ast-global-color-5)","background-image":"","background-repeat":"repeat","background-position":"center center","background-size":"auto","background-attachment":"scroll","background-type":"","background-media":"","overlay-type":"","overlay-color":"","overlay-opacity":"","overlay-gradient":""}},"footnotes":""},"categories":[8],"tags":[10581,10564,2944],"class_list":["post-29212","post","type-post","status-publish","format-standard","has-post-thumbnail","hentry","category-noticias","tag-carruaje-de-oro","tag-jubileo-isabel-ii","tag-principe-carlos"],"_links":{"self":[{"href":"https:\/\/losperiodistas.com.mx\/portal\/wp-json\/wp\/v2\/posts\/29212","targetHints":{"allow":["GET"]}}],"collection":[{"href":"https:\/\/losperiodistas.com.mx\/portal\/wp-json\/wp\/v2\/posts"}],"about":[{"href":"https:\/\/losperiodistas.com.mx\/portal\/wp-json\/wp\/v2\/types\/post"}],"author":[{"embeddable":true,"href":"https:\/\/losperiodistas.com.mx\/portal\/wp-json\/wp\/v2\/users\/1"}],"replies":[{"embeddable":true,"href":"https:\/\/losperiodistas.com.mx\/portal\/wp-json\/wp\/v2\/comments?post=29212"}],"version-history":[{"count":1,"href":"https:\/\/losperiodistas.com.mx\/portal\/wp-json\/wp\/v2\/posts\/29212\/revisions"}],"predecessor-version":[{"id":29214,"href":"https:\/\/losperiodistas.com.mx\/portal\/wp-json\/wp\/v2\/posts\/29212\/revisions\/29214"}],"wp:featuredmedia":[{"embeddable":true,"href":"https:\/\/losperiodistas.com.mx\/portal\/wp-json\/wp\/v2\/media\/29213"}],"wp:attachment":[{"href":"https:\/\/losperiodistas.com.mx\/portal\/wp-json\/wp\/v2\/media?parent=29212"}],"wp:term":[{"taxonomy":"category","embeddable":true,"href":"https:\/\/losperiodistas.com.mx\/portal\/wp-json\/wp\/v2\/categories?post=29212"},{"taxonomy":"post_tag","embeddable":true,"href":"https:\/\/losperiodistas.com.mx\/portal\/wp-json\/wp\/v2\/tags?post=29212"}],"curies":[{"name":"wp","href":"https:\/\/api.w.org\/{rel}","templated":true}]}}