{"id":29209,"date":"2022-06-03T08:27:21","date_gmt":"2022-06-03T13:27:21","guid":{"rendered":"http:\/\/losperiodistas.com.mx\/portal\/?p=29209"},"modified":"2022-06-03T08:27:23","modified_gmt":"2022-06-03T13:27:23","slug":"morena-vs-pri-guerra-sucia-arrecia-en-la-recta-final-de-las-campanas-electorales-el-financiero","status":"publish","type":"post","link":"https:\/\/losperiodistas.com.mx\/portal\/morena-vs-pri-guerra-sucia-arrecia-en-la-recta-final-de-las-campanas-electorales-el-financiero\/","title":{"rendered":"Morena vs PRI: Guerra sucia \u2018arrecia\u2019 en la recta final de las campa\u00f1as electorales | El Financiero"},"content":{"rendered":"\n<p><em>Por su apolog\u00eda de odio la Comisi\u00f3n de Quejas y Denuncias del Instituto Nacional Electoral orden\u00f3 al partido a quitar los promocionales.<\/em><\/p>\n\n\n\n<figure class=\"wp-block-image size-full\"><img fetchpriority=\"high\" decoding=\"async\" width=\"800\" height=\"553\" src=\"https:\/\/losperiodistas.com.mx\/portal\/wp-content\/uploads\/2022\/06\/IZDC3NEBZNEHDO5FNFSKG3QWYA-2.jpeg\" alt=\"\" class=\"wp-image-29210\" srcset=\"https:\/\/losperiodistas.com.mx\/portal\/wp-content\/uploads\/2022\/06\/IZDC3NEBZNEHDO5FNFSKG3QWYA-2.jpeg 800w, https:\/\/losperiodistas.com.mx\/portal\/wp-content\/uploads\/2022\/06\/IZDC3NEBZNEHDO5FNFSKG3QWYA-2-300x207.jpeg 300w, https:\/\/losperiodistas.com.mx\/portal\/wp-content\/uploads\/2022\/06\/IZDC3NEBZNEHDO5FNFSKG3QWYA-2-768x531.jpeg 768w\" sizes=\"(max-width: 800px) 100vw, 800px\" \/><figcaption>Ordenaron a Morena a retirar dos spots del partido en el que utilizaban frases como: \u201cLa historia los recordar\u00e1 como traidores a M\u00e9xico\u201d\u00a0(Cuartoscuro)<\/figcaption><\/figure>\n\n\n\n<p class=\"has-vivid-cyan-blue-color has-text-color has-medium-font-size\">EL FINANCIERO<\/p>\n\n\n\n<p>La&nbsp;<a href=\"https:\/\/www.elfinanciero.com.mx\/tags\/ine\/\" target=\"_blank\" rel=\"noreferrer noopener\">Comisi\u00f3n de Quejas y Denuncias del Instituto Nacional Electoral (INE)&nbsp;<\/a><strong>orden\u00f3 a Morena a retirar dos spots del partido<\/strong>&nbsp;en el que utilizaban frases como: \u201cLa historia los recordar\u00e1 como traidores a M\u00e9xico\u201d para referirse a sus contrincantes.<\/p>\n\n\n\n<p>La comisi\u00f3n concedi\u00f3 las medidas cautelares que antepusieron el Partido Revolucionario Institucional (PRI) y Movimiento Ciudadano, ya que los spots contienen \u201cexpresiones que&nbsp;<strong>ponen en riesgo la seguridad personal y patrimonial de las personas aludidas&nbsp;<\/strong>y podr\u00edan generar confusi\u00f3n, odio y rencor hacia ellos, al pronunciar la frase traidores a M\u00e9xico<em>\u201d<\/em>.<\/p>\n\n\n\n<p>El instituto mencion\u00f3 que la frase&nbsp;<strong>se relaciona con la forma en la que fueron se\u00f1alados los legisladores y partidos que votaron en contra de la reforma el\u00e9ctrica<\/strong>&nbsp;propuesta por el presidente, Andr\u00e9s Manuel L\u00f3pez Obrador.<\/p>\n\n\n\n<p>A pesar de que ambos promocionales denunciados no dicen textualmente \u201ctraidores a la patria\u201d sino \u201ctraidores a M\u00e9xico\u201d, la comisi\u00f3n del instituto concluy\u00f3 que al referirse al pa\u00eds&nbsp;<strong>este encuadra con la narraci\u00f3n de la patria.<\/strong><\/p>\n\n\n\n<p>Por otra parte, el INE consider\u00f3 que&nbsp;<strong>los spots no est\u00e1n amparadas en la libertad de expresi\u00f3n,<\/strong>&nbsp;al tratarse, desde una visi\u00f3n de propaganda en favor de la guerra y\/o apolog\u00eda del odio; lo que podr\u00eda incitar a la violencia hac\u00eda este grupo de personas.<\/p>\n\n\n\n<p>\u201cDe un an\u00e1lisis preliminar y contextual de los promocionales denunciados, su contenido no versa sobre un debate o confrontaci\u00f3n ideol\u00f3gica, t\u00e9cnica o sobre aspectos jur\u00eddicos en torno a la viabilidad o no de cierta propuesta legislativa, sino a la imputaci\u00f3n directa de un delito a personas legisladoras pertenecientes a los partidos de oposici\u00f3n que, como parte de sus atribuciones, votaron en contra de una propuesta legislativa y que, posteriormente, se realiz\u00f3 un llamado a la ciudadan\u00eda para que los identifique como traidores a M\u00e9xico, lo cual, en apariencia del buen derecho, no est\u00e1 amparado en el derecho a la libertad de expresi\u00f3n\u201d, precis\u00f3 la comisi\u00f3n.<\/p>\n\n\n\n<figure class=\"wp-block-embed is-type-video is-provider-youtube wp-block-embed-youtube wp-embed-aspect-16-9 wp-has-aspect-ratio\"><div class=\"wp-block-embed__wrapper\">\n<iframe title=\"Morena VA ARRASAR en las ELECCIONES 2022\ud83d\uddf3\ufe0f,  esto dice la encuesta de EF\" width=\"500\" height=\"281\" src=\"https:\/\/www.youtube.com\/embed\/Kjp1KJc8waw?feature=oembed\" frameborder=\"0\" allow=\"accelerometer; autoplay; clipboard-write; encrypted-media; gyroscope; picture-in-picture; web-share\" referrerpolicy=\"strict-origin-when-cross-origin\" allowfullscreen><\/iframe>\n<\/div><\/figure>\n\n\n\n<p><\/p>\n\n\n\n<p>Fuente: https:\/\/www.elfinanciero.com.mx\/nacional\/2022\/06\/02\/morena-vs-pri-guerra-sucia-arrecia-en-la-recta-final-de-las-campanas-electorales\/<\/p>\n","protected":false},"excerpt":{"rendered":"<p>Por su apolog\u00eda de odio la Comisi\u00f3n de Quejas y Denuncias del Instituto Nacional Electoral orden\u00f3 al partido a quitar [&hellip;]<\/p>\n","protected":false},"author":1,"featured_media":29210,"comment_status":"open","ping_status":"open","sticky":false,"template":"","format":"standard","meta":{"site-sidebar-layout":"default","site-content-layout":"","ast-site-content-layout":"default","site-content-style":"default","site-sidebar-style":"default","ast-global-header-display":"","ast-banner-title-visibility":"","ast-main-header-display":"","ast-hfb-above-header-display":"","ast-hfb-below-header-display":"","ast-hfb-mobile-header-display":"","site-post-title":"","ast-breadcrumbs-content":"","ast-featured-img":"","footer-sml-layout":"","theme-transparent-header-meta":"","adv-header-id-meta":"","stick-header-meta":"","header-above-stick-meta":"","header-main-stick-meta":"","header-below-stick-meta":"","astra-migrate-meta-layouts":"default","ast-page-background-enabled":"default","ast-page-background-meta":{"desktop":{"background-color":"var(--ast-global-color-4)","background-image":"","background-repeat":"repeat","background-position":"center center","background-size":"auto","background-attachment":"scroll","background-type":"","background-media":"","overlay-type":"","overlay-color":"","overlay-opacity":"","overlay-gradient":""},"tablet":{"background-color":"","background-image":"","background-repeat":"repeat","background-position":"center center","background-size":"auto","background-attachment":"scroll","background-type":"","background-media":"","overlay-type":"","overlay-color":"","overlay-opacity":"","overlay-gradient":""},"mobile":{"background-color":"","background-image":"","background-repeat":"repeat","background-position":"center center","background-size":"auto","background-attachment":"scroll","background-type":"","background-media":"","overlay-type":"","overlay-color":"","overlay-opacity":"","overlay-gradient":""}},"ast-content-background-meta":{"desktop":{"background-color":"var(--ast-global-color-5)","background-image":"","background-repeat":"repeat","background-position":"center center","background-size":"auto","background-attachment":"scroll","background-type":"","background-media":"","overlay-type":"","overlay-color":"","overlay-opacity":"","overlay-gradient":""},"tablet":{"background-color":"var(--ast-global-color-5)","background-image":"","background-repeat":"repeat","background-position":"center center","background-size":"auto","background-attachment":"scroll","background-type":"","background-media":"","overlay-type":"","overlay-color":"","overlay-opacity":"","overlay-gradient":""},"mobile":{"background-color":"var(--ast-global-color-5)","background-image":"","background-repeat":"repeat","background-position":"center center","background-size":"auto","background-attachment":"scroll","background-type":"","background-media":"","overlay-type":"","overlay-color":"","overlay-opacity":"","overlay-gradient":""}},"footnotes":""},"categories":[8],"tags":[885,247,2320,1978],"class_list":["post-29209","post","type-post","status-publish","format-standard","has-post-thumbnail","hentry","category-noticias","tag-ine","tag-morena","tag-movimiento-ciudadano","tag-pri"],"_links":{"self":[{"href":"https:\/\/losperiodistas.com.mx\/portal\/wp-json\/wp\/v2\/posts\/29209","targetHints":{"allow":["GET"]}}],"collection":[{"href":"https:\/\/losperiodistas.com.mx\/portal\/wp-json\/wp\/v2\/posts"}],"about":[{"href":"https:\/\/losperiodistas.com.mx\/portal\/wp-json\/wp\/v2\/types\/post"}],"author":[{"embeddable":true,"href":"https:\/\/losperiodistas.com.mx\/portal\/wp-json\/wp\/v2\/users\/1"}],"replies":[{"embeddable":true,"href":"https:\/\/losperiodistas.com.mx\/portal\/wp-json\/wp\/v2\/comments?post=29209"}],"version-history":[{"count":1,"href":"https:\/\/losperiodistas.com.mx\/portal\/wp-json\/wp\/v2\/posts\/29209\/revisions"}],"predecessor-version":[{"id":29211,"href":"https:\/\/losperiodistas.com.mx\/portal\/wp-json\/wp\/v2\/posts\/29209\/revisions\/29211"}],"wp:featuredmedia":[{"embeddable":true,"href":"https:\/\/losperiodistas.com.mx\/portal\/wp-json\/wp\/v2\/media\/29210"}],"wp:attachment":[{"href":"https:\/\/losperiodistas.com.mx\/portal\/wp-json\/wp\/v2\/media?parent=29209"}],"wp:term":[{"taxonomy":"category","embeddable":true,"href":"https:\/\/losperiodistas.com.mx\/portal\/wp-json\/wp\/v2\/categories?post=29209"},{"taxonomy":"post_tag","embeddable":true,"href":"https:\/\/losperiodistas.com.mx\/portal\/wp-json\/wp\/v2\/tags?post=29209"}],"curies":[{"name":"wp","href":"https:\/\/api.w.org\/{rel}","templated":true}]}}