{"id":29206,"date":"2022-06-03T08:21:57","date_gmt":"2022-06-03T13:21:57","guid":{"rendered":"http:\/\/losperiodistas.com.mx\/portal\/?p=29206"},"modified":"2022-06-03T08:21:59","modified_gmt":"2022-06-03T13:21:59","slug":"enciclopedia-catolica-lanza-el-catecismo-del-sagrado-corazon-de-jesus-aci","status":"publish","type":"post","link":"https:\/\/losperiodistas.com.mx\/portal\/enciclopedia-catolica-lanza-el-catecismo-del-sagrado-corazon-de-jesus-aci\/","title":{"rendered":"Enciclopedia Cat\u00f3lica lanza el Catecismo del Sagrado Coraz\u00f3n de Jes\u00fas\u00a0| ACI"},"content":{"rendered":"\n<figure class=\"wp-block-image size-full\"><img fetchpriority=\"high\" decoding=\"async\" width=\"900\" height=\"500\" src=\"https:\/\/losperiodistas.com.mx\/portal\/wp-content\/uploads\/2022\/06\/CorazondeJesus-DennisJarvis-CC-BY-SA-2.0-02062022.jpg\" alt=\"\" class=\"wp-image-29207\" srcset=\"https:\/\/losperiodistas.com.mx\/portal\/wp-content\/uploads\/2022\/06\/CorazondeJesus-DennisJarvis-CC-BY-SA-2.0-02062022.jpg 900w, https:\/\/losperiodistas.com.mx\/portal\/wp-content\/uploads\/2022\/06\/CorazondeJesus-DennisJarvis-CC-BY-SA-2.0-02062022-300x167.jpg 300w, https:\/\/losperiodistas.com.mx\/portal\/wp-content\/uploads\/2022\/06\/CorazondeJesus-DennisJarvis-CC-BY-SA-2.0-02062022-768x427.jpg 768w\" sizes=\"(max-width: 900px) 100vw, 900px\" \/><figcaption>Sagrado Coraz\u00f3n de Jes\u00fas. Cr\u00e9dito: Dennis Jarvis from Halifax, Canada (CC BY-SA 2.0)<\/figcaption><\/figure>\n\n\n\n<p><\/p>\n\n\n\n<p class=\"has-vivid-cyan-blue-color has-text-color has-medium-font-size\">WALTER S\u00c1NCHEZ SILVA \/ ACI PRENSA<\/p>\n\n\n\n<p>La Enciclopedia Cat\u00f3lica (EC) lanza en junio, mes dedicado al Sagrado Coraz\u00f3n, el&nbsp;<a href=\"https:\/\/ec.aciprensa.com\/wiki\/Catequesis_para_ni%C3%B1os:_Catecismo_del_Sagrado_Coraz%C3%B3n_de_Jes%C3%BAs\">Catecismo del Sagrado Coraz\u00f3n de Jes\u00fas<\/a>, un recurso para conocer y profundizar m\u00e1s en esta importante devoci\u00f3n de los cristianos.<\/p>\n\n\n\n<p>\u201cEl mes de junio en la Iglesia latina est\u00e1 consagrado al culto al Sagrado Coraz\u00f3n de Jes\u00fas. Este culto apunta a la contemplaci\u00f3n del Amor de Cristo, a diferencia de otras devociones que buscan honrarlo en sus estados particulares, o en sus misterios particulares\u201d, explica Jos\u00e9 G\u00e1lvez Kr\u00fcger, director de la EC.<\/p>\n\n\n\n<p>El 16 de junio de 1675 Jes\u00fas se apareci\u00f3 a Santa Mar\u00eda Margarita de Alacoque para alentar la devoci\u00f3n a su Sagrado Coraz\u00f3n, y con ello con el tiempo&nbsp;<a href=\"https:\/\/www.aciprensa.com\/noticias\/celebre-en-junio-el-mes-del-sagrado-corazon-de-jesus\">este mes se dedic\u00f3 a fomentar esta devoci\u00f3n en la Iglesia Cat\u00f3lica<\/a>.<\/p>\n\n\n\n<p>G\u00e1lvez resalt\u00f3 que \u201cesta devoci\u00f3n debe sernos especialmente querida, y debe ser fomentada por los pastores y propagada por los fieles, porque honrando al Coraz\u00f3n de Cristo, no es al Jes\u00fas Ni\u00f1o, adolescente o v\u00edctima que se dirigen nuestros homenajes, sino a la persona de Jes\u00fas en la plenitud de su amor\u201d.<\/p>\n\n\n\n<p>Por ello, continu\u00f3, \u201cla EC a lo largo del presente mes propondr\u00e1 a los lectores de ACI Prensa una selecci\u00f3n de&nbsp;<strong>materiales catequ\u00e9ticos devocionales, que les permita acceder a una catequesis superior<\/strong>, y a un entendimiento cabal de las ense\u00f1anzas de la Iglesia sobre estos asuntos\u201d.<\/p>\n\n\n\n<p>El Catecismo del Sagrado Coraz\u00f3n de Jes\u00fas, indic\u00f3 el director de la EC, permitir\u00e1 a los fieles \u201cconocer los&nbsp;<strong>antecedentes, historia y desarrollo de esta esta excelente devoci\u00f3n<\/strong>. Presenta y explica los s\u00edmbolos, y las connotaciones del culto dom\u00e9stico\u201d.<\/p>\n\n\n\n<p>\u201cLas publicaciones de este mes ser\u00e1n sin duda de mucha edificaci\u00f3n y crecimiento espiritual para todo aquel que las lea\u201d, concluy\u00f3.<\/p>\n\n\n\n<p>Para acceder al Catecismo del Sagrado Coraz\u00f3n de Jes\u00fas, puede ingresar a este enlace\u00a0<a href=\"https:\/\/ec.aciprensa.com\/wiki\/Catequesis_para_ni%C3%B1os:_Catecismo_del_Sagrado_Coraz%C3%B3n_de_Jes%C3%BAs\">https:\/\/ec.aciprensa.com\/wiki\/Catequesis_para_ni%C3%B1os:_Catecismo_del_Sa<\/a><\/p>\n\n\n\n<p>Fuente: https:\/\/www.aciprensa.com\/noticias\/enciclopedia-catolica-lanza-el-catecismo-del-sagrado-corazon-de-jesus-90164<\/p>\n","protected":false},"excerpt":{"rendered":"<p>WALTER S\u00c1NCHEZ SILVA \/ ACI PRENSA La Enciclopedia Cat\u00f3lica (EC) lanza en junio, mes dedicado al Sagrado Coraz\u00f3n, el&nbsp;Catecismo del [&hellip;]<\/p>\n","protected":false},"author":1,"featured_media":29207,"comment_status":"open","ping_status":"open","sticky":false,"template":"","format":"standard","meta":{"site-sidebar-layout":"default","site-content-layout":"","ast-site-content-layout":"default","site-content-style":"default","site-sidebar-style":"default","ast-global-header-display":"","ast-banner-title-visibility":"","ast-main-header-display":"","ast-hfb-above-header-display":"","ast-hfb-below-header-display":"","ast-hfb-mobile-header-display":"","site-post-title":"","ast-breadcrumbs-content":"","ast-featured-img":"","footer-sml-layout":"","theme-transparent-header-meta":"","adv-header-id-meta":"","stick-header-meta":"","header-above-stick-meta":"","header-main-stick-meta":"","header-below-stick-meta":"","astra-migrate-meta-layouts":"default","ast-page-background-enabled":"default","ast-page-background-meta":{"desktop":{"background-color":"var(--ast-global-color-4)","background-image":"","background-repeat":"repeat","background-position":"center center","background-size":"auto","background-attachment":"scroll","background-type":"","background-media":"","overlay-type":"","overlay-color":"","overlay-opacity":"","overlay-gradient":""},"tablet":{"background-color":"","background-image":"","background-repeat":"repeat","background-position":"center center","background-size":"auto","background-attachment":"scroll","background-type":"","background-media":"","overlay-type":"","overlay-color":"","overlay-opacity":"","overlay-gradient":""},"mobile":{"background-color":"","background-image":"","background-repeat":"repeat","background-position":"center center","background-size":"auto","background-attachment":"scroll","background-type":"","background-media":"","overlay-type":"","overlay-color":"","overlay-opacity":"","overlay-gradient":""}},"ast-content-background-meta":{"desktop":{"background-color":"var(--ast-global-color-5)","background-image":"","background-repeat":"repeat","background-position":"center center","background-size":"auto","background-attachment":"scroll","background-type":"","background-media":"","overlay-type":"","overlay-color":"","overlay-opacity":"","overlay-gradient":""},"tablet":{"background-color":"var(--ast-global-color-5)","background-image":"","background-repeat":"repeat","background-position":"center center","background-size":"auto","background-attachment":"scroll","background-type":"","background-media":"","overlay-type":"","overlay-color":"","overlay-opacity":"","overlay-gradient":""},"mobile":{"background-color":"var(--ast-global-color-5)","background-image":"","background-repeat":"repeat","background-position":"center center","background-size":"auto","background-attachment":"scroll","background-type":"","background-media":"","overlay-type":"","overlay-color":"","overlay-opacity":"","overlay-gradient":""}},"footnotes":""},"categories":[8],"tags":[10578,10579,10536],"class_list":["post-29206","post","type-post","status-publish","format-standard","has-post-thumbnail","hentry","category-noticias","tag-catecismo","tag-enciclopedia-catolica","tag-sagrado-corazon-de-jesus"],"_links":{"self":[{"href":"https:\/\/losperiodistas.com.mx\/portal\/wp-json\/wp\/v2\/posts\/29206","targetHints":{"allow":["GET"]}}],"collection":[{"href":"https:\/\/losperiodistas.com.mx\/portal\/wp-json\/wp\/v2\/posts"}],"about":[{"href":"https:\/\/losperiodistas.com.mx\/portal\/wp-json\/wp\/v2\/types\/post"}],"author":[{"embeddable":true,"href":"https:\/\/losperiodistas.com.mx\/portal\/wp-json\/wp\/v2\/users\/1"}],"replies":[{"embeddable":true,"href":"https:\/\/losperiodistas.com.mx\/portal\/wp-json\/wp\/v2\/comments?post=29206"}],"version-history":[{"count":1,"href":"https:\/\/losperiodistas.com.mx\/portal\/wp-json\/wp\/v2\/posts\/29206\/revisions"}],"predecessor-version":[{"id":29208,"href":"https:\/\/losperiodistas.com.mx\/portal\/wp-json\/wp\/v2\/posts\/29206\/revisions\/29208"}],"wp:featuredmedia":[{"embeddable":true,"href":"https:\/\/losperiodistas.com.mx\/portal\/wp-json\/wp\/v2\/media\/29207"}],"wp:attachment":[{"href":"https:\/\/losperiodistas.com.mx\/portal\/wp-json\/wp\/v2\/media?parent=29206"}],"wp:term":[{"taxonomy":"category","embeddable":true,"href":"https:\/\/losperiodistas.com.mx\/portal\/wp-json\/wp\/v2\/categories?post=29206"},{"taxonomy":"post_tag","embeddable":true,"href":"https:\/\/losperiodistas.com.mx\/portal\/wp-json\/wp\/v2\/tags?post=29206"}],"curies":[{"name":"wp","href":"https:\/\/api.w.org\/{rel}","templated":true}]}}