{"id":29202,"date":"2022-06-03T08:10:45","date_gmt":"2022-06-03T13:10:45","guid":{"rendered":"http:\/\/losperiodistas.com.mx\/portal\/?p=29202"},"modified":"2022-06-03T08:12:03","modified_gmt":"2022-06-03T13:12:03","slug":"abre-amlo-la-posibilidad-de-estar-presente-en-la-cumbre-la-jornad","status":"publish","type":"post","link":"https:\/\/losperiodistas.com.mx\/portal\/abre-amlo-la-posibilidad-de-estar-presente-en-la-cumbre-la-jornad\/","title":{"rendered":"Abre AMLO la posibilidad de estar presente en la cumbre\u00a0| La Jornada"},"content":{"rendered":"\n<figure class=\"wp-block-image size-large\"><img fetchpriority=\"high\" decoding=\"async\" width=\"1024\" height=\"580\" src=\"https:\/\/losperiodistas.com.mx\/portal\/wp-content\/uploads\/2022\/06\/Captura-de-Pantalla-2022-06-03-a-las-8.06.40-1024x580.jpg\" alt=\"\" class=\"wp-image-29203\" srcset=\"https:\/\/losperiodistas.com.mx\/portal\/wp-content\/uploads\/2022\/06\/Captura-de-Pantalla-2022-06-03-a-las-8.06.40-1024x580.jpg 1024w, https:\/\/losperiodistas.com.mx\/portal\/wp-content\/uploads\/2022\/06\/Captura-de-Pantalla-2022-06-03-a-las-8.06.40-300x170.jpg 300w, https:\/\/losperiodistas.com.mx\/portal\/wp-content\/uploads\/2022\/06\/Captura-de-Pantalla-2022-06-03-a-las-8.06.40-768x435.jpg 768w, https:\/\/losperiodistas.com.mx\/portal\/wp-content\/uploads\/2022\/06\/Captura-de-Pantalla-2022-06-03-a-las-8.06.40.jpg 1292w\" sizes=\"(max-width: 1024px) 100vw, 1024px\" \/><\/figure>\n\n\n\n<p><\/p>\n\n\n\n<p class=\"has-vivid-cyan-blue-color has-text-color has-medium-font-size\">EMIR OLIVARES \/ ALONSO URRUTIA \/ LA JORNADA<\/p>\n\n\n\n<p><em><br>Ciudad de M\u00e9xico.<\/em>\u00a0El presidente Andr\u00e9s Manuel L\u00f3pez Obrador se mantiene a la espera de que la Casa Blanca d\u00e9 respuesta a su planteamiento de no excluir a ning\u00fan pa\u00eds del hemisferio, aunque por primera ocasi\u00f3n esboz\u00f3 una ligera posibilidad de acudir al foro.<\/p>\n\n\n\n<p>\u201c\u00a1No hay prisa!\u201d, se\u00f1al\u00f3 ayer durante su conferencia de prensa ante una nueva pregunta sobre el encuentro, programado del 6 al 10 de junio en Los \u00c1ngeles, aunque los trabajos entre mandatarios arrancar\u00e1n el mi\u00e9rcoles. Y reiter\u00f3 su posici\u00f3n de que sean convocados los 35 pa\u00edses del continente.<\/p>\n\n\n\n<p>\u201cVamos a esperar la respuesta de lo que estamos planteando, pero no hay prisa. Estamos muy cerca (distancia), hay varios vuelos a Tijuana y de ah\u00ed en carretera a Los \u00c1ngeles (a unas tres horas por tierra) y es hasta la semana que viene. Es mi\u00e9rcoles, jueves y viernes. Termina el viernes por la tarde-noche y ya me quedar\u00eda all\u00e1 y regresar\u00eda hasta el s\u00e1bado, si voy\u201d, expuso.<\/p>\n\n\n\n<p>Consider\u00f3 que su hom\u00f3logo estadunidense Joe Biden \u201ces un buen gobernante\u201d y destac\u00f3 las relaciones hist\u00f3ricas de amistad y colaboraci\u00f3n no s\u00f3lo de los gobiernos de ambos pa\u00edses, sino de sus pueblos.<\/p>\n\n\n\n<p>El tema se toc\u00f3 de nuevo en la ma\u00f1anera despu\u00e9s de que el director del Consejo de Seguridad Nacional para el Hemisferio Occidental de Washington, Juan Gonz\u00e1lez, declar\u00f3 que Biden \u201cquiere personalmente\u201d que L\u00f3pez Obrador asista a la Cumbre.<\/p>\n\n\n\n<p>\u201cAyer un funcionario de Estados Unidos, muy cercano al presidente Biden, Juan Gonz\u00e1lez, habl\u00f3 que todav\u00eda no est\u00e1n terminadas las listas o hace falta distribuir algunas invitaciones. Vamos a esperarnos. Es muy buena la relaci\u00f3n con el gobierno del presidente Biden, con sus colaboradores (\u2026) Son gente que tiene experiencia, llevamos muy buena relaci\u00f3n, nos caemos bien, nos respetan, nosotros los respetamos y estamos en espera de que se tome una decisi\u00f3n\u201d, apunt\u00f3.<\/p>\n\n\n\n<p>Aunque no viaje a la cumbre, reafirm\u00f3 que \u201cM\u00e9xico va a estar presente\u201d, representado por el canciller, Marcelo Ebrard; pero no habl\u00f3 de la agenda que llevar\u00e1 su administraci\u00f3n a los debates.<\/p>\n\n\n\n<p>Horas m\u00e1s tarde, el titular del Ejecutivo mexicano tuvo una conversaci\u00f3n a distancia con el encargado para el clima de la Casa Blanca, John Kerry.<\/p>\n\n\n\n<p>\u201cPlaticamos acerca de energ\u00edas renovables y medio ambiente con el enviado presidencial especial de Estados Unidos para el clima. Hicimos compromisos que daremos a conocer de manera virtual el 17 de junio en el Foro de las Principales Econom\u00edas sobre Energ\u00eda y Cambio Clim\u00e1tico\u201d, inform\u00f3 en Twitter L\u00f3pez Obrador.<\/p>\n\n\n\n<p>Durante esa charla, el mandatario coment\u00f3 que M\u00e9xico es una de las naciones que tiene un porcentaje de energ\u00edas limpias superior a otras, en particular a las de mejores econom\u00edas a escala global, expuso el canciller Marcelo Ebrard en entrevista al salir de Palacio Nacional.<\/p>\n\n\n\n<p>El tabasque\u00f1o coment\u00f3 ante Kerry dos puntos relevantes: su proyecto para capturar gas en las plantas de producci\u00f3n de Pemex, con el objetivo reducir las emisiones contaminantes; y que 38.2 por ciento de la energ\u00eda el\u00e9ctrica producida por la CFE \u201ces limpia\u201d, apunt\u00f3 Ebrard.<\/p>\n\n\n\n<p>Fuente: https:\/\/www.jornada.com.mx\/notas\/2022\/06\/03\/politica\/abre-amlo-la-posibilidad-de-estar-presente-en-la-cumbre\/<\/p>\n","protected":false},"excerpt":{"rendered":"<p>EMIR OLIVARES \/ ALONSO URRUTIA \/ LA JORNADA Ciudad de M\u00e9xico.\u00a0El presidente Andr\u00e9s Manuel L\u00f3pez Obrador se mantiene a la [&hellip;]<\/p>\n","protected":false},"author":1,"featured_media":29203,"comment_status":"open","ping_status":"open","sticky":false,"template":"","format":"standard","meta":{"site-sidebar-layout":"default","site-content-layout":"","ast-site-content-layout":"default","site-content-style":"default","site-sidebar-style":"default","ast-global-header-display":"","ast-banner-title-visibility":"","ast-main-header-display":"","ast-hfb-above-header-display":"","ast-hfb-below-header-display":"","ast-hfb-mobile-header-display":"","site-post-title":"","ast-breadcrumbs-content":"","ast-featured-img":"","footer-sml-layout":"","theme-transparent-header-meta":"","adv-header-id-meta":"","stick-header-meta":"","header-above-stick-meta":"","header-main-stick-meta":"","header-below-stick-meta":"","astra-migrate-meta-layouts":"default","ast-page-background-enabled":"default","ast-page-background-meta":{"desktop":{"background-color":"var(--ast-global-color-4)","background-image":"","background-repeat":"repeat","background-position":"center center","background-size":"auto","background-attachment":"scroll","background-type":"","background-media":"","overlay-type":"","overlay-color":"","overlay-opacity":"","overlay-gradient":""},"tablet":{"background-color":"","background-image":"","background-repeat":"repeat","background-position":"center center","background-size":"auto","background-attachment":"scroll","background-type":"","background-media":"","overlay-type":"","overlay-color":"","overlay-opacity":"","overlay-gradient":""},"mobile":{"background-color":"","background-image":"","background-repeat":"repeat","background-position":"center center","background-size":"auto","background-attachment":"scroll","background-type":"","background-media":"","overlay-type":"","overlay-color":"","overlay-opacity":"","overlay-gradient":""}},"ast-content-background-meta":{"desktop":{"background-color":"var(--ast-global-color-5)","background-image":"","background-repeat":"repeat","background-position":"center center","background-size":"auto","background-attachment":"scroll","background-type":"","background-media":"","overlay-type":"","overlay-color":"","overlay-opacity":"","overlay-gradient":""},"tablet":{"background-color":"var(--ast-global-color-5)","background-image":"","background-repeat":"repeat","background-position":"center center","background-size":"auto","background-attachment":"scroll","background-type":"","background-media":"","overlay-type":"","overlay-color":"","overlay-opacity":"","overlay-gradient":""},"mobile":{"background-color":"var(--ast-global-color-5)","background-image":"","background-repeat":"repeat","background-position":"center center","background-size":"auto","background-attachment":"scroll","background-type":"","background-media":"","overlay-type":"","overlay-color":"","overlay-opacity":"","overlay-gradient":""}},"footnotes":""},"categories":[8],"tags":[199,10144],"class_list":["post-29202","post","type-post","status-publish","format-standard","has-post-thumbnail","hentry","category-noticias","tag-amlo","tag-cumbre-americas"],"_links":{"self":[{"href":"https:\/\/losperiodistas.com.mx\/portal\/wp-json\/wp\/v2\/posts\/29202","targetHints":{"allow":["GET"]}}],"collection":[{"href":"https:\/\/losperiodistas.com.mx\/portal\/wp-json\/wp\/v2\/posts"}],"about":[{"href":"https:\/\/losperiodistas.com.mx\/portal\/wp-json\/wp\/v2\/types\/post"}],"author":[{"embeddable":true,"href":"https:\/\/losperiodistas.com.mx\/portal\/wp-json\/wp\/v2\/users\/1"}],"replies":[{"embeddable":true,"href":"https:\/\/losperiodistas.com.mx\/portal\/wp-json\/wp\/v2\/comments?post=29202"}],"version-history":[{"count":2,"href":"https:\/\/losperiodistas.com.mx\/portal\/wp-json\/wp\/v2\/posts\/29202\/revisions"}],"predecessor-version":[{"id":29205,"href":"https:\/\/losperiodistas.com.mx\/portal\/wp-json\/wp\/v2\/posts\/29202\/revisions\/29205"}],"wp:featuredmedia":[{"embeddable":true,"href":"https:\/\/losperiodistas.com.mx\/portal\/wp-json\/wp\/v2\/media\/29203"}],"wp:attachment":[{"href":"https:\/\/losperiodistas.com.mx\/portal\/wp-json\/wp\/v2\/media?parent=29202"}],"wp:term":[{"taxonomy":"category","embeddable":true,"href":"https:\/\/losperiodistas.com.mx\/portal\/wp-json\/wp\/v2\/categories?post=29202"},{"taxonomy":"post_tag","embeddable":true,"href":"https:\/\/losperiodistas.com.mx\/portal\/wp-json\/wp\/v2\/tags?post=29202"}],"curies":[{"name":"wp","href":"https:\/\/api.w.org\/{rel}","templated":true}]}}