{"id":29186,"date":"2022-06-02T18:18:34","date_gmt":"2022-06-02T23:18:34","guid":{"rendered":"http:\/\/losperiodistas.com.mx\/portal\/?p=29186"},"modified":"2022-06-02T18:18:35","modified_gmt":"2022-06-02T23:18:35","slug":"antorcha-sera-el-partido-de-los-pobres","status":"publish","type":"post","link":"https:\/\/losperiodistas.com.mx\/portal\/antorcha-sera-el-partido-de-los-pobres\/","title":{"rendered":"Antorcha ser\u00e1 el partido de los pobres"},"content":{"rendered":"\n<p class=\"has-medium-font-size\">*Anuncian su creaci\u00f3n Eleusis C\u00f3rdova y Juan Manuel Celis<\/p>\n\n\n\n<p><\/p>\n\n\n\n<figure class=\"wp-block-image size-full\"><img fetchpriority=\"high\" decoding=\"async\" width=\"750\" height=\"450\" src=\"https:\/\/losperiodistas.com.mx\/portal\/wp-content\/uploads\/2022\/06\/SANTA-INE\u0301S-AHUATEMPAN.jpeg\" alt=\"\" class=\"wp-image-29187\" srcset=\"https:\/\/losperiodistas.com.mx\/portal\/wp-content\/uploads\/2022\/06\/SANTA-INE\u0301S-AHUATEMPAN.jpeg 750w, https:\/\/losperiodistas.com.mx\/portal\/wp-content\/uploads\/2022\/06\/SANTA-INE\u0301S-AHUATEMPAN-300x180.jpeg 300w\" sizes=\"(max-width: 750px) 100vw, 750px\" \/><\/figure>\n\n\n\n<p class=\"has-vivid-cyan-blue-color has-text-color\" style=\"font-size:26px\"><strong><em>Por Ra\u00fal Torres Salmer\u00f3n<\/em><\/strong><\/p>\n\n\n\n<p>El Movimiento Antorchista (MA), a trav\u00e9s de dos de sus dirigentes, en los \u00faltimos d\u00edas en diversos actos, han anunciado la creaci\u00f3n inmediata de un nuevo partido de los pobres.<\/p>\n\n\n\n<p>El pasado 25 de mayo en Santa In\u00e9s Ahuatempan, Eleusis C\u00f3rdova Mor\u00e1n, Presidente de la Comisi\u00f3n Nacional Campesina del Movimiento Antorchista, durante una conferencia ante campesinos, amas de casa, maestros y estudiantes, anunci\u00f3 que los pobres deben organizarse para formar su propio partido con el objetivo de tomar el poder pol\u00edtico de la naci\u00f3n para erradicar de fondo la pobreza y la desigualdad.<\/p>\n\n\n\n<p>Por su parte, Juan Manuel Celis Aguirre, l\u00edder estatal del MA, coment\u00f3 en entrevista en Puebla Capital al d\u00eda siguiente, que por los desbarajustes que como partido ha hecho MORENA, debe ser sustituida por un partido pol\u00edtico de los pobres.<\/p>\n\n\n\n<p>Eleusis C\u00f3rdova Moran se\u00f1al\u00f3 entre otras cosas en Ahuatempan:<\/p>\n\n\n\n<p>-El pueblo pobre y trabajador en M\u00e9xico no tiene partido pol\u00edtico. Ning\u00fan partido representa al pueblo trabajador, ni MORENA. Los pobres tienen que concientizarse y organizarse.<\/p>\n\n\n\n<p>-La pobreza y la desigualdad no son inventos, existen en la realidad a causa de la injusta distribuci\u00f3n de la riqueza social. Antorcha se propone terminar con esta situaci\u00f3n de injusticia, pero tomando como base la concientizaci\u00f3n y organizaci\u00f3n del pueblo.<\/p>\n\n\n\n<p>-AMLO y su partido MORENA tratan de enga\u00f1ar a la gente haci\u00e9ndoles creer que est\u00e1n con los pobres porque a algunos de ellos les dan dinero, pero ese dinero es de los impuestos de la misma gente, no salen del bolsillo de MORENA.<\/p>\n\n\n\n<p>-El reparto de ese dinero no sirve para sacar de la pobreza y del atraso al pa\u00eds, solo sirve para enga\u00f1ar a la gente, para que crean que el Presidente es muy bueno, con el propio dinero de los contribuyentes.<\/p>\n\n\n\n<p>-A cambio de eso, AMLO y MORENA quieren que la gente vuelva a votar por ellos, est\u00e1n comprando la conciencia de la gente, para seguir hundiendo al pa\u00eds.<\/p>\n\n\n\n<p>-Con MORENA se acab\u00f3 el Seguro Popular, la medicina para los ni\u00f1os con c\u00e1ncer, las obras p\u00fablicas para el pueblo, las guarder\u00edas infantiles, ahora hay m\u00e1s pobreza y desigualdad.<\/p>\n\n\n\n<p>-Invito a los ciudadanos para formar de inmediato el verdadero partido del pueblo trabajador para tomar el poder pol\u00edtico en forma pac\u00edfica y de acuerdo con la Constituci\u00f3n.<\/p>\n\n\n\n<p>El evento en Ahuatempan lo organiz\u00f3 y presidi\u00f3 Edith Villa Trujillo, lideresa del MA. Estuvieron presentes los dirigentes municipales Salvador Casta\u00f1eda Luna de San Juan Ixcaquixtla y Clemente Luna Camacho de Ahuatempan.<\/p>\n\n\n\n<p>En Puebla Capital, en entrevista, el dirigente estatal del MA, Celis Aguirre hizo las siguientes afirmaciones:<\/p>\n\n\n\n<p>-El partido de los pobres organizados debe sustituir a MORENA, porque la historia est\u00e1 del lado de lo que no tienen nada.<\/p>\n\n\n\n<p>-El Gobernador Miguel Barbosa ha pintado a Morena como lo que es, un partido pol\u00edtico que, como un pepenador, fue recogiendo lo peor de todos los partidos mexicanos desde la derecha y hasta la izquierda.<\/p>\n\n\n\n<p>-No tienen idea de qu\u00e9 hacer con un partido pol\u00edtico. Son los mismos y otros peores que llegaron de M\u00e9xico. MORENA tuvo que haberse consolidado desde 2018.<\/p>\n\n\n\n<p>-Hablan de refundar MORENA, palabrita que ni siquiera la conozco. Quieren refundar siempre a la izquierda los que la refundieron. Son malhechores, se reparten candidaturas, hacen a sus hijos diputados, alcaldes, a sus novias.<\/p>\n\n\n\n<p>-MORENA recogi\u00f3 los desechos de la pol\u00edtica mexicana, no tiene una filosof\u00eda clara, no sabe qu\u00e9 hacer en el Gobierno, reprime a sus cr\u00edticos, es un movimiento que se pudre desde adentro porque es la misma vieja escuela de la izquierda mexicana que jam\u00e1s ha encabezado al pueblo.<\/p>\n\n\n\n<p>Celis Aguirre se\u00f1al\u00f3 que urge quitar a MORENA de los gobiernos, por sus errores, se ir\u00e1 al bote de la basura mientras Antorcha avanza.<\/p>\n\n\n\n<p>En fin, como dice la copla flamenca:<\/p>\n\n\n\n<p>Aqu\u00e9l que nunca fue cosa<\/p>\n\n\n\n<p>y que cosa llega a ser,<\/p>\n\n\n\n<p>quiere ser cosa tan grande<\/p>\n\n\n\n<p>que no haya cosa como \u00e9l.<\/p>\n\n\n\n<p>raultorress@hotmail.com<\/p>\n","protected":false},"excerpt":{"rendered":"<p>*Anuncian su creaci\u00f3n Eleusis C\u00f3rdova y Juan Manuel Celis Por Ra\u00fal Torres Salmer\u00f3n El Movimiento Antorchista (MA), a trav\u00e9s de [&hellip;]<\/p>\n","protected":false},"author":1,"featured_media":29187,"comment_status":"open","ping_status":"open","sticky":false,"template":"","format":"standard","meta":{"site-sidebar-layout":"default","site-content-layout":"","ast-site-content-layout":"default","site-content-style":"default","site-sidebar-style":"default","ast-global-header-display":"","ast-banner-title-visibility":"","ast-main-header-display":"","ast-hfb-above-header-display":"","ast-hfb-below-header-display":"","ast-hfb-mobile-header-display":"","site-post-title":"","ast-breadcrumbs-content":"","ast-featured-img":"","footer-sml-layout":"","theme-transparent-header-meta":"","adv-header-id-meta":"","stick-header-meta":"","header-above-stick-meta":"","header-main-stick-meta":"","header-below-stick-meta":"","astra-migrate-meta-layouts":"default","ast-page-background-enabled":"default","ast-page-background-meta":{"desktop":{"background-color":"var(--ast-global-color-4)","background-image":"","background-repeat":"repeat","background-position":"center center","background-size":"auto","background-attachment":"scroll","background-type":"","background-media":"","overlay-type":"","overlay-color":"","overlay-opacity":"","overlay-gradient":""},"tablet":{"background-color":"","background-image":"","background-repeat":"repeat","background-position":"center center","background-size":"auto","background-attachment":"scroll","background-type":"","background-media":"","overlay-type":"","overlay-color":"","overlay-opacity":"","overlay-gradient":""},"mobile":{"background-color":"","background-image":"","background-repeat":"repeat","background-position":"center center","background-size":"auto","background-attachment":"scroll","background-type":"","background-media":"","overlay-type":"","overlay-color":"","overlay-opacity":"","overlay-gradient":""}},"ast-content-background-meta":{"desktop":{"background-color":"var(--ast-global-color-5)","background-image":"","background-repeat":"repeat","background-position":"center center","background-size":"auto","background-attachment":"scroll","background-type":"","background-media":"","overlay-type":"","overlay-color":"","overlay-opacity":"","overlay-gradient":""},"tablet":{"background-color":"var(--ast-global-color-5)","background-image":"","background-repeat":"repeat","background-position":"center center","background-size":"auto","background-attachment":"scroll","background-type":"","background-media":"","overlay-type":"","overlay-color":"","overlay-opacity":"","overlay-gradient":""},"mobile":{"background-color":"var(--ast-global-color-5)","background-image":"","background-repeat":"repeat","background-position":"center center","background-size":"auto","background-attachment":"scroll","background-type":"","background-media":"","overlay-type":"","overlay-color":"","overlay-opacity":"","overlay-gradient":""}},"footnotes":""},"categories":[8,19],"tags":[10576,10577,10575],"class_list":["post-29186","post","type-post","status-publish","format-standard","has-post-thumbnail","hentry","category-noticias","category-sin-limites-2","tag-eleusis-cordova","tag-juan-manuel-celis","tag-movimiento-antorchista"],"_links":{"self":[{"href":"https:\/\/losperiodistas.com.mx\/portal\/wp-json\/wp\/v2\/posts\/29186","targetHints":{"allow":["GET"]}}],"collection":[{"href":"https:\/\/losperiodistas.com.mx\/portal\/wp-json\/wp\/v2\/posts"}],"about":[{"href":"https:\/\/losperiodistas.com.mx\/portal\/wp-json\/wp\/v2\/types\/post"}],"author":[{"embeddable":true,"href":"https:\/\/losperiodistas.com.mx\/portal\/wp-json\/wp\/v2\/users\/1"}],"replies":[{"embeddable":true,"href":"https:\/\/losperiodistas.com.mx\/portal\/wp-json\/wp\/v2\/comments?post=29186"}],"version-history":[{"count":1,"href":"https:\/\/losperiodistas.com.mx\/portal\/wp-json\/wp\/v2\/posts\/29186\/revisions"}],"predecessor-version":[{"id":29188,"href":"https:\/\/losperiodistas.com.mx\/portal\/wp-json\/wp\/v2\/posts\/29186\/revisions\/29188"}],"wp:featuredmedia":[{"embeddable":true,"href":"https:\/\/losperiodistas.com.mx\/portal\/wp-json\/wp\/v2\/media\/29187"}],"wp:attachment":[{"href":"https:\/\/losperiodistas.com.mx\/portal\/wp-json\/wp\/v2\/media?parent=29186"}],"wp:term":[{"taxonomy":"category","embeddable":true,"href":"https:\/\/losperiodistas.com.mx\/portal\/wp-json\/wp\/v2\/categories?post=29186"},{"taxonomy":"post_tag","embeddable":true,"href":"https:\/\/losperiodistas.com.mx\/portal\/wp-json\/wp\/v2\/tags?post=29186"}],"curies":[{"name":"wp","href":"https:\/\/api.w.org\/{rel}","templated":true}]}}