{"id":29178,"date":"2022-06-02T07:40:28","date_gmt":"2022-06-02T12:40:28","guid":{"rendered":"http:\/\/losperiodistas.com.mx\/portal\/?p=29178"},"modified":"2022-06-02T11:11:07","modified_gmt":"2022-06-02T16:11:07","slug":"la-seguridad-de-las-mujeres-periodistas","status":"publish","type":"post","link":"https:\/\/losperiodistas.com.mx\/portal\/la-seguridad-de-las-mujeres-periodistas\/","title":{"rendered":"La Seguridad de las Mujeres Periodistas"},"content":{"rendered":"\n<p><\/p>\n\n\n\n<p><\/p>\n\n\n\n<p class=\"has-vivid-cyan-blue-color has-text-color\" style=\"font-size:26px\"><strong><em>Por Laura Liliam Garc\u00eda L\u00f3pez<\/em><\/strong><\/p>\n\n\n\n<p><strong>Las mujeres periodistas <\/strong>corren un doble riesgo, 7 de cada 10 sufren violencia por lo que es prioridad garantizar su seguridad y mecanismos de protecci\u00f3n.<\/p>\n\n\n\n<p><strong>Las mujeres periodistas, <\/strong>tienen el poder en sus plumas para hacer visible lo invisible, la incorporaci\u00f3n de m\u00e1s mujeres en los medios de comunicaci\u00f3n genera un mayor compromiso de los medios para <strong>comunicar con perspectiva de g\u00e9nero<\/strong> y para la difusi\u00f3n de campa\u00f1as para prevenir la violencia contra las mujeres. Sin embargo, para lograr estos avances <strong>las mujeres periodistas, comunicadoras<\/strong> y trabajadoras de las empresas de comunicaci\u00f3n enfrentan todo tipo de violencias que ponen en riesgo <strong>su seguridad<\/strong>.<\/p>\n\n\n\n<p><strong>Periodismo y g\u00e9nero<\/strong> han sido poderosos significantes para que en <strong>la comunicaci\u00f3n<\/strong> se incorpore <strong>la perspectiva de g\u00e9nero<\/strong> como una metodolog\u00eda para globalizar la informaci\u00f3n para promover un periodismo con pol\u00edticas incluyentes, no sexistas, sin violencia y sin discriminaci\u00f3n hacia las mujeres. La dimensi\u00f3n de g\u00e9nero permite que los medios de comunicaci\u00f3n desarrollen tem\u00e1ticas hacia la igualdad de g\u00e9nero, pero esto solo queda en el tintero cuando nos enteramos que agreden o <strong>matan mujeres periodistas<\/strong>.<\/p>\n\n\n\n<p>El empoderamiento de las mujeres y el impulso de la igualdad de g\u00e9nero en el periodismo, nos hace reflexionar lo que significa <strong>ser mujer periodista<\/strong> como sujeto de&nbsp;<strong>comunicaci\u00f3n&nbsp;<\/strong>y de los retos y peligros que tienen d\u00eda con d\u00eda al hace su trabajo. Las periodistas enfrentan doble riesgo ante la violencia, 7 de cada 10 mujeres periodistas sufren violencia en l\u00ednea seg\u00fan la ONU, por lo que urgen estrategias para informar de manera m\u00e1s segura.<\/p>\n\n\n\n<p><strong>La violencia contra mujeres periodistas, <\/strong>se refleja en diferentes tipos de violencia tanto f\u00edsica como virtual, son v\u00edctimas de violencia econ\u00f3mica y patrimonial, psicol\u00f3gica, amenazas digitales y verbales, agresiones f\u00edsicas, acoso, abuso sexual y violaciones y violencia feminicida. Sumado a esto la violencia estructural en el gremio, manifiesta que 9 de cada 10 periodistas mujeres sufre alg\u00fan tipo de violencia y que el 53% es agredida al realizar su labor informativa.<\/p>\n\n\n\n<p>Recientemente fueron asesinadas dos periodistas en Veracruz, <strong>Yessenia Mollinedo Falconi y Sheila Johana Garc\u00eda Olivera<\/strong>, directora y reportera del sitio de noticias en l\u00ednea El Veraz, el Gobernador del Estado y la Fiscal\u00eda hasta el momento no han podido resolver esta investigaci\u00f3n ni dar con los responsables. A esto se suma el asesinato de la periodista <strong>Lourdes Maldonado<\/strong> ocurrido en enero en Tijuana.<\/p>\n\n\n\n<p>La organizaci\u00f3n Art\u00edculo 19, reporto que van en esta administraci\u00f3n 1,945 agresiones contra la prensa en el pa\u00eds, incluyendo 33 asesinatos, 9 en lo que va de este a\u00f1o y 2 desapariciones, un 85 % m\u00e1s que en la administraci\u00f3n anterior, y que <strong>van 21 mujeres periodistas asesinadas desde 2005 en M\u00e9xico. <\/strong>Estas cifras reflejan la arbitrariedad contra la libertad de expresi\u00f3n y el panorama de violencia hacia esta profesi\u00f3n.<\/p>\n\n\n\n<p>Parece contradictorio, ya que M\u00e9xico se convirti\u00f3 en el segundo pa\u00eds, en adoptar un mecanismo especializado de protecci\u00f3n de periodistas en riesgo recomendado de la ONU. La creaci\u00f3n del <strong>Mecanismo de&nbsp;Protecci\u00f3n&nbsp;para Personas Defensoras de Derechos Humanos y&nbsp;Periodistas<\/strong>, fue creado para recibir solicitudes de protecci\u00f3n, definir y dar seguimiento a medidas de prevenci\u00f3n y protecci\u00f3n para periodistas y facilitar la implementaci\u00f3n de dichas medidas a nivel federal y local.<\/p>\n\n\n\n<h2 class=\"wp-block-heading\">CIMAC organizo en Mayo <strong>la <\/strong><strong>Semana Internacional por el Derecho Humano a la Libertad de Expresi\u00f3n de las Mujeres<\/strong>, con temas: Frente a la violencia machista en los medios, periodismo de paz, \u00bfAcab\u00f3 la pandemia?: \u00bfy las mujeres periodistas?, Por nuestra vida, irnos. Mujeres periodistas desplazadas, Hasta encontrarlas. Mujeres periodistas desaparecidas, Participaci\u00f3n, representaci\u00f3n y violencia.<\/h2>\n\n\n\n<h2 class=\"wp-block-heading\">&nbsp;<\/h2>\n\n\n\n<h2 class=\"wp-block-heading\">Adem\u00e1s, se presentaron los resultados del observatorio:&nbsp;<a href=\"https:\/\/cimac.org.mx\/descarga-la-violencia-contra-las-mujeres-durante-la-pandemia-por-covid-19-vista-desde-los-medios-de-comunicacion\/\">Tratamiento de la violencia machista en los medios<\/a>, en el que se concluy\u00f3 que las \u201c<a href=\"https:\/\/cimac.org.mx\/2022\/05\/30\/semana-internacional-por-el-derecho-humano-a-la-libertad-de-expresion-de-las-mujeres\/\"><strong>Fiscal\u00edas y la prensa deben dejar de violentar derechos de las mujeres en coberturas de casos violencia y feminicidio<\/strong><\/a><strong>\u201d.<\/strong><strong><\/strong><\/h2>\n\n\n\n<p>La UNESCO, la Fundaci\u00f3n Thomson Reuters y la International Women&#8217;s Media Foundation (IWMF) han lanzado a nivel mundial&nbsp;<a href=\"https:\/\/safetyofjournalists.trust.org\/\" target=\"_blank\" rel=\"noreferrer noopener\">&nbsp;<strong>Pol\u00edticas de seguridad con perspectiva de g\u00e9nero para las salas de redacci\u00f3n y una Gu\u00eda pr\u00e1ctica para mujeres periodistas sobre c\u00f3mo responder al acoso en l\u00ednea <\/strong>(link is external)<\/a>. As\u00ed como una gu\u00eda jur\u00eddica sobre el acoso en l\u00ednea creado con el Instituto Internacional para la Seguridad de la Prensa (INSI), que son herramientas para las mujeres periodistas.<\/p>\n\n\n\n<p><strong>Irene Khan <\/strong>es laRelatora Especial sobre la Promoci\u00f3n y Protecci\u00f3n del Derecho a la Libertad de Opini\u00f3n y de Expresi\u00f3n de periodistas, y ha publicado la colecci\u00f3n de ensayos&nbsp;<a href=\"https:\/\/srfreedex.org\/journalists-too\/\" target=\"_blank\" rel=\"noreferrer noopener\"><strong>\u201c##JournalistsToo \u2013 Las Periodistas Toman la Palabra\u201d<\/strong><\/a>, que relata las experiencias personales <strong>de acoso de<\/strong> <strong>once periodistas mujeres<\/strong> en diez pa\u00edses. La publicaci\u00f3n cuenta con el apoyo de la UNESCO y del Consejo de Seguridad de ONU, en donde expone la violencia de g\u00e9nero hacia las periodistas cuando realizan su trabajo, <strong>#LasPeriodistasTambi\u00e9n<\/strong>.<\/p>\n\n\n\n<p>Hay una campa\u00f1a global sobre\u201d <strong>violencia en l\u00ednea contra las periodistas nos perjudica a todos\u201d #Callate\u00f3TeCalloYo,<\/strong> <em>financiada por la Fundaci\u00f3n del C\u00f3digo Postal de Suecia, ONU y UNESCO, en el que exponen que <\/em>el <strong>83% de las mujeres periodistas<\/strong> encuestadas enfrentan&nbsp;&nbsp; violencia en l\u00ednea por hacer su trabajo de informar, por lo que crearon acciones contundentes para las plataformas de medios sociales, las autoridades y los medios de comunicaci\u00f3n.<\/p>\n\n\n\n<p><strong>No est\u00e1s sola<\/strong>, es otra campa\u00f1a para erradicar la violencia contra las mujeres periodistas en l\u00ednea, <a href=\"https:\/\/www.ifj.org\/es\/actividades\/campanas-de-la-fip\/las-mujeres-al-frente.html\"><strong>\u00a1Las mujeres al frente!<\/strong>, tambi\u00e9n fue creada para visibilizar la violencia y acoso contra las mujeres en el gremio. As\u00ed mismo se han lanzado cursos sobre seguridad para mujeres periodistas <strong>\u00bfC\u00f3mo informar de manera segura?<\/strong>. Todo esto refirma que las colaboradoras de los medios reciben ataques en todo el mundo, estos ataques buscan silenciar sus investigaciones y suprimir su visibilidad en los discursos p\u00fablicos, y van desde agresiones f\u00edsicas y virtuales hasta asesinatos contra mujeres periodistas.<\/a><\/p>\n\n\n\n<p><a href=\"https:\/\/www.ifj.org\/es\/actividades\/campanas-de-la-fip\/las-mujeres-al-frente.html\">&nbsp;<\/a><\/p>\n\n\n\n<p>Por todo esto, <strong>los medios de comunicaci\u00f3n<\/strong>, los gobiernos y las ONG\u00b4S tienen un rol importante para <strong>prevenir, evitar y sancionar la violencia contra mujeres periodistas<\/strong>. Los medios deben de proveer la seguridad a las periodistas, incluyendo <strong>protocolos de seguridad<\/strong> y capacitaci\u00f3n para aminorar los riesgos, el <strong>Estado<\/strong>&nbsp;desde el sistema de procuraci\u00f3n de justicia garantizar las medias de protecci\u00f3n y actuar en derechos humanos, as\u00ed como investigar con perspectiva de g\u00e9nero los actos de violencia y discriminaci\u00f3n, y <strong>las organizaciones<\/strong> tienen que apoyar con campa\u00f1as de seguridad y prevenci\u00f3n.<\/p>\n\n\n\n<p>Definitivamente <strong>la Agenda de G\u00e9nero<\/strong> debe visibilizar la violencia hacia las mujeres periodistas, y todas organizaciones tienen que promover que el estado y las empresas de comunicaci\u00f3n adopten mecanismos, pol\u00edticas p\u00fablicas y acciones legislativas sensibles al genero que generen estrategias para brindar <strong>seguridad de las mujeres<\/strong> que trabajan en este gremio, as\u00ed como facilitar herramientas para que puedan tener acceso a la justicia y a las medidas de protecci\u00f3n.\u00a0<\/p>\n\n\n\n<p><\/p>\n\n\n\n<p>@liliangarciax7<\/p>\n","protected":false},"excerpt":{"rendered":"<p>Por Laura Liliam Garc\u00eda L\u00f3pez Las mujeres periodistas corren un doble riesgo, 7 de cada 10 sufren violencia por lo [&hellip;]<\/p>\n","protected":false},"author":1,"featured_media":29179,"comment_status":"open","ping_status":"open","sticky":false,"template":"","format":"standard","meta":{"site-sidebar-layout":"default","site-content-layout":"","ast-site-content-layout":"default","site-content-style":"default","site-sidebar-style":"default","ast-global-header-display":"","ast-banner-title-visibility":"","ast-main-header-display":"","ast-hfb-above-header-display":"","ast-hfb-below-header-display":"","ast-hfb-mobile-header-display":"","site-post-title":"","ast-breadcrumbs-content":"","ast-featured-img":"","footer-sml-layout":"","theme-transparent-header-meta":"","adv-header-id-meta":"","stick-header-meta":"","header-above-stick-meta":"","header-main-stick-meta":"","header-below-stick-meta":"","astra-migrate-meta-layouts":"default","ast-page-background-enabled":"default","ast-page-background-meta":{"desktop":{"background-color":"var(--ast-global-color-4)","background-image":"","background-repeat":"repeat","background-position":"center center","background-size":"auto","background-attachment":"scroll","background-type":"","background-media":"","overlay-type":"","overlay-color":"","overlay-opacity":"","overlay-gradient":""},"tablet":{"background-color":"","background-image":"","background-repeat":"repeat","background-position":"center center","background-size":"auto","background-attachment":"scroll","background-type":"","background-media":"","overlay-type":"","overlay-color":"","overlay-opacity":"","overlay-gradient":""},"mobile":{"background-color":"","background-image":"","background-repeat":"repeat","background-position":"center center","background-size":"auto","background-attachment":"scroll","background-type":"","background-media":"","overlay-type":"","overlay-color":"","overlay-opacity":"","overlay-gradient":""}},"ast-content-background-meta":{"desktop":{"background-color":"var(--ast-global-color-5)","background-image":"","background-repeat":"repeat","background-position":"center center","background-size":"auto","background-attachment":"scroll","background-type":"","background-media":"","overlay-type":"","overlay-color":"","overlay-opacity":"","overlay-gradient":""},"tablet":{"background-color":"var(--ast-global-color-5)","background-image":"","background-repeat":"repeat","background-position":"center center","background-size":"auto","background-attachment":"scroll","background-type":"","background-media":"","overlay-type":"","overlay-color":"","overlay-opacity":"","overlay-gradient":""},"mobile":{"background-color":"var(--ast-global-color-5)","background-image":"","background-repeat":"repeat","background-position":"center center","background-size":"auto","background-attachment":"scroll","background-type":"","background-media":"","overlay-type":"","overlay-color":"","overlay-opacity":"","overlay-gradient":""}},"footnotes":""},"categories":[8,22],"tags":[],"class_list":["post-29178","post","type-post","status-publish","format-standard","has-post-thumbnail","hentry","category-noticias","category-opinion-invitada"],"_links":{"self":[{"href":"https:\/\/losperiodistas.com.mx\/portal\/wp-json\/wp\/v2\/posts\/29178","targetHints":{"allow":["GET"]}}],"collection":[{"href":"https:\/\/losperiodistas.com.mx\/portal\/wp-json\/wp\/v2\/posts"}],"about":[{"href":"https:\/\/losperiodistas.com.mx\/portal\/wp-json\/wp\/v2\/types\/post"}],"author":[{"embeddable":true,"href":"https:\/\/losperiodistas.com.mx\/portal\/wp-json\/wp\/v2\/users\/1"}],"replies":[{"embeddable":true,"href":"https:\/\/losperiodistas.com.mx\/portal\/wp-json\/wp\/v2\/comments?post=29178"}],"version-history":[{"count":2,"href":"https:\/\/losperiodistas.com.mx\/portal\/wp-json\/wp\/v2\/posts\/29178\/revisions"}],"predecessor-version":[{"id":29181,"href":"https:\/\/losperiodistas.com.mx\/portal\/wp-json\/wp\/v2\/posts\/29178\/revisions\/29181"}],"wp:featuredmedia":[{"embeddable":true,"href":"https:\/\/losperiodistas.com.mx\/portal\/wp-json\/wp\/v2\/media\/29179"}],"wp:attachment":[{"href":"https:\/\/losperiodistas.com.mx\/portal\/wp-json\/wp\/v2\/media?parent=29178"}],"wp:term":[{"taxonomy":"category","embeddable":true,"href":"https:\/\/losperiodistas.com.mx\/portal\/wp-json\/wp\/v2\/categories?post=29178"},{"taxonomy":"post_tag","embeddable":true,"href":"https:\/\/losperiodistas.com.mx\/portal\/wp-json\/wp\/v2\/tags?post=29178"}],"curies":[{"name":"wp","href":"https:\/\/api.w.org\/{rel}","templated":true}]}}