{"id":29162,"date":"2022-06-02T09:33:22","date_gmt":"2022-06-02T14:33:22","guid":{"rendered":"http:\/\/losperiodistas.com.mx\/portal\/?p=29162"},"modified":"2022-06-02T10:45:04","modified_gmt":"2022-06-02T15:45:04","slug":"fallece-jose-abed-promotor-inmobiliario-y-deportivo-de-mexico","status":"publish","type":"post","link":"https:\/\/losperiodistas.com.mx\/portal\/fallece-jose-abed-promotor-inmobiliario-y-deportivo-de-mexico\/","title":{"rendered":"Fallece Jos\u00e9 Abed empresario inmobiliario, textilero y deportivo de M\u00e9xico"},"content":{"rendered":"\n<figure class=\"wp-block-image size-large\"><img fetchpriority=\"high\" decoding=\"async\" width=\"1024\" height=\"757\" src=\"https:\/\/losperiodistas.com.mx\/portal\/wp-content\/uploads\/2022\/06\/FUQOCMrWQAAw92E-1024x757.jpeg\" alt=\"\" class=\"wp-image-29163\" srcset=\"https:\/\/losperiodistas.com.mx\/portal\/wp-content\/uploads\/2022\/06\/FUQOCMrWQAAw92E-1024x757.jpeg 1024w, https:\/\/losperiodistas.com.mx\/portal\/wp-content\/uploads\/2022\/06\/FUQOCMrWQAAw92E-300x222.jpeg 300w, https:\/\/losperiodistas.com.mx\/portal\/wp-content\/uploads\/2022\/06\/FUQOCMrWQAAw92E-768x568.jpeg 768w, https:\/\/losperiodistas.com.mx\/portal\/wp-content\/uploads\/2022\/06\/FUQOCMrWQAAw92E.jpeg 1272w\" sizes=\"(max-width: 1024px) 100vw, 1024px\" \/><\/figure>\n\n\n\n<p><\/p>\n\n\n\n<p>REDACCI\u00d3N<\/p>\n\n\n\n<p>El empresario Jos\u00e9 Abed Rouanet ha fallecido hoy luego de padecer Covid 19 y haberse repuesto.<\/p>\n\n\n\n<p>Fue un hombre de negocios dedicado a servicios tur\u00edsticos, hoteler\u00eda, accionista de la cadena Aristos, constructor y un ejemplar promotor del automovilismo.<\/p>\n\n\n\n<p>En Puebla desarroll\u00f3 varios proyectos incluso fue due\u00f1o de Club Puebla FC, concesionario del relleno sanitario de Chiltepeque, inversor en el CIS y desarrollador de muchos proyectos en beneficio de M\u00e9xico.<\/p>\n\n\n\n<p><strong>Jos\u00e9 Abed<\/strong> fund\u00f3  la Organizaci\u00f3n Mexicana de Automovilismo y fue vicepresidente deportivo de la Federaci\u00f3n Internacional de Automovilismo del 2005 al 2021.<\/p>\n\n\n\n<p>Mohammed Ben Sulayem, presidente de la FIA escribi\u00f3 en su cuenta de Twitter <strong>\u00abMe siento profundamente entristecido al saber que Jos\u00e9 Abed,\u00a0<\/strong>vicepresidente honorario de la FIA y presidente de OMDAI,\u00a0<strong>ha fallecido.\u00a0<\/strong>La familia de la FIA le rinde homenaje y nuestros pensamientos est\u00e1n con sus seres queridos\u00bb.<\/p>\n\n\n\n<p><a href=\"https:\/\/twitter.com\/Ben_Sulayem\/status\/1532356750610944000?s=20&amp;t=qp7ebiKAgsH4zjCUAfQPwA\">https:\/\/twitter.com\/Ben_Sulayem\/status\/1532356750610944000?s=20&amp;t=qp7ebiKAgsH4zjCUAfQPwA<\/a><\/p>\n\n\n\n<figure class=\"wp-block-embed is-type-rich is-provider-twitter wp-block-embed-twitter\"><div class=\"wp-block-embed__wrapper\">\n<blockquote class=\"twitter-tweet\" data-width=\"500\" data-dnt=\"true\"><p lang=\"es\" dir=\"ltr\">M\u00e9xico y Latinoam\u00e9rica lamentan el fallecimiento de Jos\u00e9 Abed.<br><br>Nuestros pensamientos est\u00e1n con sus familiares y amigos. <a href=\"https:\/\/t.co\/g7Rs1iTDtt\">https:\/\/t.co\/g7Rs1iTDtt<\/a><\/p>&mdash; Motorsport LATAM (@Motorsport_LAT) <a href=\"https:\/\/twitter.com\/Motorsport_LAT\/status\/1532368373341949958?ref_src=twsrc%5Etfw\">June 2, 2022<\/a><\/blockquote><script async src=\"https:\/\/platform.twitter.com\/widgets.js\" charset=\"utf-8\"><\/script>\n<\/div><\/figure>\n\n\n\n<figure class=\"wp-block-embed is-type-rich is-provider-twitter wp-block-embed-twitter\"><div class=\"wp-block-embed__wrapper\">\n<blockquote class=\"twitter-tweet\" data-width=\"500\" data-dnt=\"true\"><p lang=\"es\" dir=\"ltr\"><a href=\"https:\/\/twitter.com\/hashtag\/%C3%9ALTIMAHORA?src=hash&amp;ref_src=twsrc%5Etfw\">#\u00daLTIMAHORA<\/a> <br><br>Falleci\u00f3 Jos\u00e9 Abed, impulsor del automovilismo en M\u00e9xico.<br><br>QEPD \ud83d\ude4f<a href=\"https:\/\/t.co\/sUjtLW6xNo\">https:\/\/t.co\/sUjtLW6xNo<\/a><\/p>&mdash; Sportscenter en espa\u00f1ol (@SportsCenter_nt) <a href=\"https:\/\/twitter.com\/SportsCenter_nt\/status\/1532367747358801922?ref_src=twsrc%5Etfw\">June 2, 2022<\/a><\/blockquote><script async src=\"https:\/\/platform.twitter.com\/widgets.js\" charset=\"utf-8\"><\/script>\n<\/div><\/figure>\n\n\n\n<figure class=\"wp-block-embed is-type-rich is-provider-twitter wp-block-embed-twitter\"><div class=\"wp-block-embed__wrapper\">\nhttps:\/\/twitter.com\/e_deportivo\/status\/1532367661262426113?s=20&#038;t=4Z5onSaEx1Dhl27FQ8y_Ww\n<\/div><\/figure>\n\n\n\n<figure class=\"wp-block-embed is-type-rich is-provider-twitter wp-block-embed-twitter\"><div class=\"wp-block-embed__wrapper\">\nhttps:\/\/twitter.com\/escuderiatelmex\/status\/1532365078699425794?s=20&#038;t=4Z5onSaEx1Dhl27FQ8y_Ww\n<\/div><\/figure>\n\n\n\n<figure class=\"wp-block-embed is-type-rich is-provider-twitter wp-block-embed-twitter\"><div class=\"wp-block-embed__wrapper\">\n<blockquote class=\"twitter-tweet\" data-width=\"500\" data-dnt=\"true\"><p lang=\"es\" dir=\"ltr\">Con profund\u00edsima pena me entero del inesperado fallecimiento de Don Jos\u00e9 Abed, gran mexicano, empresario hotelero, constructor, apasionado del automovilismo y su gran promotor, vicepresidente de <a href=\"https:\/\/twitter.com\/fia?ref_src=twsrc%5Etfw\">@FIA<\/a>. Mis sinceras condolencias a su querida familia y a la afici\u00f3n a la que sirvi\u00f3. <a href=\"https:\/\/t.co\/7eaRhXbGzn\">pic.twitter.com\/7eaRhXbGzn<\/a><\/p>&mdash; Felipe Calder\u00f3n \ud83c\uddf2\ud83c\uddfd\ud83c\uddfa\ud83c\udde6 (@FelipeCalderon) <a href=\"https:\/\/twitter.com\/FelipeCalderon\/status\/1532364480516173824?ref_src=twsrc%5Etfw\">June 2, 2022<\/a><\/blockquote><script async src=\"https:\/\/platform.twitter.com\/widgets.js\" charset=\"utf-8\"><\/script>\n<\/div><\/figure>\n","protected":false},"excerpt":{"rendered":"<p>REDACCI\u00d3N El empresario Jos\u00e9 Abed Rouanet ha fallecido hoy luego de padecer Covid 19 y haberse repuesto. Fue un hombre [&hellip;]<\/p>\n","protected":false},"author":1,"featured_media":29164,"comment_status":"open","ping_status":"open","sticky":false,"template":"","format":"standard","meta":{"site-sidebar-layout":"default","site-content-layout":"","ast-site-content-layout":"default","site-content-style":"default","site-sidebar-style":"default","ast-global-header-display":"","ast-banner-title-visibility":"","ast-main-header-display":"","ast-hfb-above-header-display":"","ast-hfb-below-header-display":"","ast-hfb-mobile-header-display":"","site-post-title":"","ast-breadcrumbs-content":"","ast-featured-img":"","footer-sml-layout":"","theme-transparent-header-meta":"","adv-header-id-meta":"","stick-header-meta":"","header-above-stick-meta":"","header-main-stick-meta":"","header-below-stick-meta":"","astra-migrate-meta-layouts":"default","ast-page-background-enabled":"default","ast-page-background-meta":{"desktop":{"background-color":"var(--ast-global-color-4)","background-image":"","background-repeat":"repeat","background-position":"center center","background-size":"auto","background-attachment":"scroll","background-type":"","background-media":"","overlay-type":"","overlay-color":"","overlay-opacity":"","overlay-gradient":""},"tablet":{"background-color":"","background-image":"","background-repeat":"repeat","background-position":"center center","background-size":"auto","background-attachment":"scroll","background-type":"","background-media":"","overlay-type":"","overlay-color":"","overlay-opacity":"","overlay-gradient":""},"mobile":{"background-color":"","background-image":"","background-repeat":"repeat","background-position":"center center","background-size":"auto","background-attachment":"scroll","background-type":"","background-media":"","overlay-type":"","overlay-color":"","overlay-opacity":"","overlay-gradient":""}},"ast-content-background-meta":{"desktop":{"background-color":"var(--ast-global-color-5)","background-image":"","background-repeat":"repeat","background-position":"center center","background-size":"auto","background-attachment":"scroll","background-type":"","background-media":"","overlay-type":"","overlay-color":"","overlay-opacity":"","overlay-gradient":""},"tablet":{"background-color":"var(--ast-global-color-5)","background-image":"","background-repeat":"repeat","background-position":"center center","background-size":"auto","background-attachment":"scroll","background-type":"","background-media":"","overlay-type":"","overlay-color":"","overlay-opacity":"","overlay-gradient":""},"mobile":{"background-color":"var(--ast-global-color-5)","background-image":"","background-repeat":"repeat","background-position":"center center","background-size":"auto","background-attachment":"scroll","background-type":"","background-media":"","overlay-type":"","overlay-color":"","overlay-opacity":"","overlay-gradient":""}},"footnotes":""},"categories":[8],"tags":[10571,10570],"class_list":["post-29162","post","type-post","status-publish","format-standard","has-post-thumbnail","hentry","category-noticias","tag-gran-premio-de-mexico","tag-pepe-abed"],"_links":{"self":[{"href":"https:\/\/losperiodistas.com.mx\/portal\/wp-json\/wp\/v2\/posts\/29162","targetHints":{"allow":["GET"]}}],"collection":[{"href":"https:\/\/losperiodistas.com.mx\/portal\/wp-json\/wp\/v2\/posts"}],"about":[{"href":"https:\/\/losperiodistas.com.mx\/portal\/wp-json\/wp\/v2\/types\/post"}],"author":[{"embeddable":true,"href":"https:\/\/losperiodistas.com.mx\/portal\/wp-json\/wp\/v2\/users\/1"}],"replies":[{"embeddable":true,"href":"https:\/\/losperiodistas.com.mx\/portal\/wp-json\/wp\/v2\/comments?post=29162"}],"version-history":[{"count":4,"href":"https:\/\/losperiodistas.com.mx\/portal\/wp-json\/wp\/v2\/posts\/29162\/revisions"}],"predecessor-version":[{"id":29173,"href":"https:\/\/losperiodistas.com.mx\/portal\/wp-json\/wp\/v2\/posts\/29162\/revisions\/29173"}],"wp:featuredmedia":[{"embeddable":true,"href":"https:\/\/losperiodistas.com.mx\/portal\/wp-json\/wp\/v2\/media\/29164"}],"wp:attachment":[{"href":"https:\/\/losperiodistas.com.mx\/portal\/wp-json\/wp\/v2\/media?parent=29162"}],"wp:term":[{"taxonomy":"category","embeddable":true,"href":"https:\/\/losperiodistas.com.mx\/portal\/wp-json\/wp\/v2\/categories?post=29162"},{"taxonomy":"post_tag","embeddable":true,"href":"https:\/\/losperiodistas.com.mx\/portal\/wp-json\/wp\/v2\/tags?post=29162"}],"curies":[{"name":"wp","href":"https:\/\/api.w.org\/{rel}","templated":true}]}}