{"id":29157,"date":"2022-06-02T09:05:46","date_gmt":"2022-06-02T14:05:46","guid":{"rendered":"http:\/\/losperiodistas.com.mx\/portal\/?p=29157"},"modified":"2022-06-02T09:05:50","modified_gmt":"2022-06-02T14:05:50","slug":"la-reina-isabel-ii-reaparece-en-publico-en-la-celebracion-de-su-jubileo-de-platino-rtve","status":"publish","type":"post","link":"https:\/\/losperiodistas.com.mx\/portal\/la-reina-isabel-ii-reaparece-en-publico-en-la-celebracion-de-su-jubileo-de-platino-rtve\/","title":{"rendered":"La reina Isabel II reaparece en p\u00fablico en la celebraci\u00f3n de su Jubileo de platino\u00a0| RTVE"},"content":{"rendered":"\n<p><em>El desfile de los regimientos brit\u00e1nicos ha dado inicio al primero de los cuatro d\u00edas de festejos<\/em><\/p>\n\n\n\n<p><\/p>\n\n\n\n<figure class=\"wp-block-image size-large\"><img fetchpriority=\"high\" decoding=\"async\" width=\"1024\" height=\"572\" src=\"https:\/\/losperiodistas.com.mx\/portal\/wp-content\/uploads\/2022\/06\/Captura-de-Pantalla-2022-06-02-a-las-9.00.07-1024x572.jpg\" alt=\"\" class=\"wp-image-29158\" srcset=\"https:\/\/losperiodistas.com.mx\/portal\/wp-content\/uploads\/2022\/06\/Captura-de-Pantalla-2022-06-02-a-las-9.00.07-1024x572.jpg 1024w, https:\/\/losperiodistas.com.mx\/portal\/wp-content\/uploads\/2022\/06\/Captura-de-Pantalla-2022-06-02-a-las-9.00.07-300x168.jpg 300w, https:\/\/losperiodistas.com.mx\/portal\/wp-content\/uploads\/2022\/06\/Captura-de-Pantalla-2022-06-02-a-las-9.00.07-768x429.jpg 768w, https:\/\/losperiodistas.com.mx\/portal\/wp-content\/uploads\/2022\/06\/Captura-de-Pantalla-2022-06-02-a-las-9.00.07.jpg 1078w\" sizes=\"(max-width: 1024px) 100vw, 1024px\" \/><\/figure>\n\n\n\n<p><\/p>\n\n\n\n<p class=\"has-vivid-cyan-blue-color has-text-color has-medium-font-size\">AGENCIAS \/ RTVE<\/p>\n\n\n\n<p>El&nbsp;<strong>conocido como&nbsp;<em>\u00abTrooping the Colour\u00bb<\/em><\/strong>, el desfile de los regimientos brit\u00e1nicos, ha arrancado este jueves en Londres para dar inicio al&nbsp;<strong>primero de los cuatro d\u00edas de festejos oficiales<\/strong>&nbsp;por el&nbsp;<a href=\"https:\/\/www.rtve.es\/noticias\/20220206\/jubileo-platino-isabel-ii-cumple-70-anos-trono\/2273201.shtml\">Jubileo de Platino<\/a>, los 70 a\u00f1os del reinado de&nbsp;<a href=\"https:\/\/www.rtve.es\/temas\/isabel-ii\/18090\/#:~:text=Isabel%20II%20lleva%20sobre%20sus,nueras%20egoc%C3%A9ntricas%2C%20nietas%20pol%C3%ADticas%20contestonas.\">Isabel II<\/a>.<\/p>\n\n\n\n<p>La monarca, de 96 a\u00f1os, ha aparecido en el<strong>\u00a0balc\u00f3n del Palacio de Buckingham<\/strong>\u00a0como parte de las celebraciones de su Jubileo de Platino. Desde el palacio, Isabel II ha observado c\u00f3mo las tropas regresaban del desfile junto a su primo, el duque de Kent.<\/p>\n\n\n\n<figure class=\"wp-block-embed is-type-rich is-provider-twitter wp-block-embed-twitter\"><div class=\"wp-block-embed__wrapper\">\nhttps:\/\/twitter.com\/rtvenoticias\/status\/1532323465411317760?ref_src=twsrc%5Etfw%7Ctwcamp%5Etweetembed%7Ctwterm%5E1532323465411317760%7Ctwgr%5E%7Ctwcon%5Es1_c10&#038;ref_url=https%3A%2F%2Fwww.rtve.es%2Fnoticias%2F20220602%2Fdesfile-militar-inicio-festejos-jubileo-platino-isabel-ii%2F2357836.shtml\n<\/div><\/figure>\n\n\n\n<p>Con uniformes rojos y altos sombreros rojos cubiertos por piel de oso, los guardias reales han iniciado el recorrido&nbsp;<strong>desde el palacio de Buckingham hasta la sede del regimiento de caballer\u00eda<\/strong>, donde se celebra el desfile.<\/p>\n\n\n\n<p>La reina Isabel II es la&nbsp;<strong>primera monarca brit\u00e1nica en celebrar sus 70 a\u00f1os de reinado<\/strong>, aunque el r\u00e9cord lo super\u00f3 en 2015, cuando se consolid\u00f3 como la soberana que m\u00e1s tiempo ha permanecido en el trono de su pa\u00eds.<\/p>\n\n\n\n<figure class=\"wp-block-image\"><img decoding=\"async\" src=\"https:\/\/img2.rtve.es\/im\/6566296\/?w=900\" alt=\" Miembros de la banda de la guardia real durante la celebraci\u00f3n del Jubileo de Platino de Isabel II\"\/><figcaption>Miembros de la banda de la guardia real durante la celebraci\u00f3n del Jubileo de Platino de Isabel II&nbsp;<em>CHRIS JACKSON \/ POOL \/ AFP<\/em><\/figcaption><\/figure>\n\n\n\n<h3 class=\"wp-block-heading\"><strong>La familia real se suma al desfile<\/strong><\/h3>\n\n\n\n<p>La&nbsp;<strong>familia real brit\u00e1nica se ha unido al tradicional desfile militar<\/strong>. El heredero al trono, el pr\u00edncipe Carlos, quien ha representado este jueves a su madre durante la procesi\u00f3n, su primog\u00e9nito, Guillermo, y la princesa Ana, se han sumado a los militares a caballo. Por su parte, Camilla, la duquesa de Cornualles, y Catalina, mujer de Guillermo y duquesa de Cambridge, han asistido en carroza.<\/p>\n\n\n\n<p>Los guardias han desfilado por la avenida \u00ab<em>The Mall\u00bb<\/em>, que une el palacio de Buckingham con Whitehall y que ha sido decorada con grandes banderas brit\u00e1nicas. La m\u00fasica del evento la ofrecen las bandas de los guardias a pie y la banda de caballer\u00eda, junto con el Cuerpo de Tambores. En total<strong>&nbsp;se estima que participan alrededor de 400 m\u00fasicos.<\/strong><img decoding=\"async\" src=\"https:\/\/img2.rtve.es\/v\/6566266?w=800&amp;preview=1654163012870.jpg\" alt=\"La Reina Isabel II inaugura los actos de celebraci\u00f3n de su jubileo saludando desde Buckingham Palace - Ver ahora\"><a href=\"https:\/\/www.rtve.es\/play\/videos\/la-hora-de-la-1\/isabel-ii-inaugura-actos-celebracion-su-jubileo\/6566266\/\">01.28 min<\/a>La Reina Isabel II inaugura los actos de celebraci\u00f3n de su jubileo saludando desde Buckingham Palace &#8211; Ver ahora<\/p>\n\n\n\n<p>Miles de personas se han congregado en las aceras de \u00ab<em>The Mall\u00bb&nbsp;<\/em>con sombreros y banderas de Reino Unido y&nbsp;<strong>no han dejado de jalear a la familia real a su paso por la avenida.<\/strong><\/p>\n\n\n\n<p>Varios miembros de la familia real, entre ellos el pr\u00edncipe Carlos y los duques de Cambridge, han aparecido en el balc\u00f3n del Palacio de Buckingham para&nbsp;<strong>acompa\u00f1ar a la reina en el saludo oficial<\/strong>. Desde ah\u00ed han observado c\u00f3mo alrededor de 70 aviones militares han sobrevolado el palacio. En el vuelo rasante han tomado parte aeronaves de la Royal Navy, el Ej\u00e9rcito y la Real Fuerza A\u00e9rea, entre ellos helic\u00f3pteros Apache, aviones de combate Typhoons y los Red Arrows, el equipo de exhibici\u00f3n de acrobacias a\u00e9reas.<\/p>\n\n\n\n<h3 class=\"wp-block-heading\"><strong>Dos hombres detenidos<\/strong><\/h3>\n\n\n\n<p>Al menos dos hombres han sido<strong>&nbsp;detenidos por saltarse las barreras<\/strong>&nbsp;y tratar de introducirse en la ruta ceremonial justo antes de que arrancara el desfile.<\/p>\n\n\n\n<p>La Polic\u00eda Metropolitana de Londres ha informado de que las detenciones estaban relacionadas con<strong>&nbsp;incidentes de \u00abdesorden p\u00fablico\u00bb<\/strong>&nbsp;por obstrucci\u00f3n a la v\u00eda p\u00fablica sin ofrecer m\u00e1s detalles.<a href=\"https:\/\/www.rtve.es\/noticias\/20220206\/jubileo-platino-isabel-ii-cumple-70-anos-trono\/2273201.shtml\"><strong>Isabel II cumple 70 a\u00f1os en el trono, la primera reina brit\u00e1nica en celebrar un Jubileo de Platino<\/strong><em>ALBERTO LE\u00d3N<\/em><\/a><\/p>\n\n\n\n<p>\u00abGracias a los congregados que mostraron su apoyo aplaudiendo a los agentes que ya han regresado a sus puestos tras haber gestionado el incidente con rapidez\u00bb, ha indicado la Met a trav\u00e9s de su cuenta en Twitter.<\/p>\n\n\n\n<p>Fuente: https:\/\/www.rtve.es\/noticias\/20220602\/desfile-militar-inicio-festejos-jubileo-platino-isabel-ii\/2357836.shtml<\/p>\n","protected":false},"excerpt":{"rendered":"<p>El desfile de los regimientos brit\u00e1nicos ha dado inicio al primero de los cuatro d\u00edas de festejos AGENCIAS \/ RTVE [&hellip;]<\/p>\n","protected":false},"author":1,"featured_media":29158,"comment_status":"open","ping_status":"open","sticky":false,"template":"","format":"standard","meta":{"site-sidebar-layout":"default","site-content-layout":"","ast-site-content-layout":"default","site-content-style":"default","site-sidebar-style":"default","ast-global-header-display":"","ast-banner-title-visibility":"","ast-main-header-display":"","ast-hfb-above-header-display":"","ast-hfb-below-header-display":"","ast-hfb-mobile-header-display":"","site-post-title":"","ast-breadcrumbs-content":"","ast-featured-img":"","footer-sml-layout":"","theme-transparent-header-meta":"","adv-header-id-meta":"","stick-header-meta":"","header-above-stick-meta":"","header-main-stick-meta":"","header-below-stick-meta":"","astra-migrate-meta-layouts":"default","ast-page-background-enabled":"default","ast-page-background-meta":{"desktop":{"background-color":"var(--ast-global-color-4)","background-image":"","background-repeat":"repeat","background-position":"center center","background-size":"auto","background-attachment":"scroll","background-type":"","background-media":"","overlay-type":"","overlay-color":"","overlay-opacity":"","overlay-gradient":""},"tablet":{"background-color":"","background-image":"","background-repeat":"repeat","background-position":"center center","background-size":"auto","background-attachment":"scroll","background-type":"","background-media":"","overlay-type":"","overlay-color":"","overlay-opacity":"","overlay-gradient":""},"mobile":{"background-color":"","background-image":"","background-repeat":"repeat","background-position":"center center","background-size":"auto","background-attachment":"scroll","background-type":"","background-media":"","overlay-type":"","overlay-color":"","overlay-opacity":"","overlay-gradient":""}},"ast-content-background-meta":{"desktop":{"background-color":"var(--ast-global-color-5)","background-image":"","background-repeat":"repeat","background-position":"center center","background-size":"auto","background-attachment":"scroll","background-type":"","background-media":"","overlay-type":"","overlay-color":"","overlay-opacity":"","overlay-gradient":""},"tablet":{"background-color":"var(--ast-global-color-5)","background-image":"","background-repeat":"repeat","background-position":"center center","background-size":"auto","background-attachment":"scroll","background-type":"","background-media":"","overlay-type":"","overlay-color":"","overlay-opacity":"","overlay-gradient":""},"mobile":{"background-color":"var(--ast-global-color-5)","background-image":"","background-repeat":"repeat","background-position":"center center","background-size":"auto","background-attachment":"scroll","background-type":"","background-media":"","overlay-type":"","overlay-color":"","overlay-opacity":"","overlay-gradient":""}},"footnotes":""},"categories":[8],"tags":[10564],"class_list":["post-29157","post","type-post","status-publish","format-standard","has-post-thumbnail","hentry","category-noticias","tag-jubileo-isabel-ii"],"_links":{"self":[{"href":"https:\/\/losperiodistas.com.mx\/portal\/wp-json\/wp\/v2\/posts\/29157","targetHints":{"allow":["GET"]}}],"collection":[{"href":"https:\/\/losperiodistas.com.mx\/portal\/wp-json\/wp\/v2\/posts"}],"about":[{"href":"https:\/\/losperiodistas.com.mx\/portal\/wp-json\/wp\/v2\/types\/post"}],"author":[{"embeddable":true,"href":"https:\/\/losperiodistas.com.mx\/portal\/wp-json\/wp\/v2\/users\/1"}],"replies":[{"embeddable":true,"href":"https:\/\/losperiodistas.com.mx\/portal\/wp-json\/wp\/v2\/comments?post=29157"}],"version-history":[{"count":1,"href":"https:\/\/losperiodistas.com.mx\/portal\/wp-json\/wp\/v2\/posts\/29157\/revisions"}],"predecessor-version":[{"id":29159,"href":"https:\/\/losperiodistas.com.mx\/portal\/wp-json\/wp\/v2\/posts\/29157\/revisions\/29159"}],"wp:featuredmedia":[{"embeddable":true,"href":"https:\/\/losperiodistas.com.mx\/portal\/wp-json\/wp\/v2\/media\/29158"}],"wp:attachment":[{"href":"https:\/\/losperiodistas.com.mx\/portal\/wp-json\/wp\/v2\/media?parent=29157"}],"wp:term":[{"taxonomy":"category","embeddable":true,"href":"https:\/\/losperiodistas.com.mx\/portal\/wp-json\/wp\/v2\/categories?post=29157"},{"taxonomy":"post_tag","embeddable":true,"href":"https:\/\/losperiodistas.com.mx\/portal\/wp-json\/wp\/v2\/tags?post=29157"}],"curies":[{"name":"wp","href":"https:\/\/api.w.org\/{rel}","templated":true}]}}