{"id":29147,"date":"2022-06-02T07:36:13","date_gmt":"2022-06-02T12:36:13","guid":{"rendered":"http:\/\/losperiodistas.com.mx\/portal\/?p=29147"},"modified":"2022-06-02T07:36:15","modified_gmt":"2022-06-02T12:36:15","slug":"capulin-el-oro-negro-de-domingo-arenas-la-campina","status":"publish","type":"post","link":"https:\/\/losperiodistas.com.mx\/portal\/capulin-el-oro-negro-de-domingo-arenas-la-campina\/","title":{"rendered":"Capul\u00edn, el \u201coro negro\u201d de Domingo Arenas | La Campi\u00f1a"},"content":{"rendered":"\n<p>Gra<em>cias a la comercializaci\u00f3n del \u00abcerezo nacional\u00bb los productores del municipio tienen una oportunidad de generar ingresos econ\u00f3micos para sus familias<\/em><\/p>\n\n\n\n<p><\/p>\n\n\n\n<figure class=\"wp-block-image size-full\"><img fetchpriority=\"high\" decoding=\"async\" width=\"650\" height=\"433\" src=\"https:\/\/losperiodistas.com.mx\/portal\/wp-content\/uploads\/2022\/06\/capulin.jpeg\" alt=\"\" class=\"wp-image-29148\" srcset=\"https:\/\/losperiodistas.com.mx\/portal\/wp-content\/uploads\/2022\/06\/capulin.jpeg 650w, https:\/\/losperiodistas.com.mx\/portal\/wp-content\/uploads\/2022\/06\/capulin-300x200.jpeg 300w\" sizes=\"(max-width: 650px) 100vw, 650px\" \/><figcaption>Internet<\/figcaption><\/figure>\n\n\n\n<p><\/p>\n\n\n\n<p class=\"has-vivid-cyan-blue-color has-text-color has-medium-font-size\">MAGDIEL OLANO \/ LA CAMPI\u00d1A<\/p>\n\n\n\n<p><strong>PUEBLA, M\u00c9XICO.-<\/strong>&nbsp;Adornando las calles de la capital de Puebla en peque\u00f1os puestos improvisados, a mediados de a\u00f1o suelen verse los frutos de capul\u00edn cuidadosamente acomodados en baldes de fierro. El color rojizo oscuro de estas peque\u00f1as frutillas, marca el inicio de la temporada de cosecha de lo que productores han denominado \u201coro negro\u201d.<\/p>\n\n\n\n<p>Y es que durante los meses de mayo y junio, gracias a la comercializaci\u00f3n del tambi\u00e9n llamado \u201ccerezo nacional\u201d, productores del municipio de Domingo Arenas tienen una oportunidad de generar ingresos econ\u00f3micos para sus familias.<\/p>\n\n\n\n<figure class=\"wp-block-image size-large\"><img decoding=\"async\" width=\"1024\" height=\"715\" src=\"https:\/\/losperiodistas.com.mx\/portal\/wp-content\/uploads\/2022\/06\/Captura-de-Pantalla-2022-06-02-a-las-7.30.58-1024x715.jpg\" alt=\"\" class=\"wp-image-29149\" srcset=\"https:\/\/losperiodistas.com.mx\/portal\/wp-content\/uploads\/2022\/06\/Captura-de-Pantalla-2022-06-02-a-las-7.30.58-1024x715.jpg 1024w, https:\/\/losperiodistas.com.mx\/portal\/wp-content\/uploads\/2022\/06\/Captura-de-Pantalla-2022-06-02-a-las-7.30.58-300x210.jpg 300w, https:\/\/losperiodistas.com.mx\/portal\/wp-content\/uploads\/2022\/06\/Captura-de-Pantalla-2022-06-02-a-las-7.30.58-768x536.jpg 768w, https:\/\/losperiodistas.com.mx\/portal\/wp-content\/uploads\/2022\/06\/Captura-de-Pantalla-2022-06-02-a-las-7.30.58.jpg 1320w\" sizes=\"(max-width: 1024px) 100vw, 1024px\" \/><\/figure>\n\n\n\n<p><\/p>\n\n\n\n<p>Cultivados en esta regi\u00f3n poblana localizada dentro de la zona del Izta-Popo, los capulines son fuente principal de ingresos para los pobladores, pues al menos el 70 por ciento de ellos se dedica a sembrar, cuidar y cosechar las bayas.<\/p>\n\n\n\n<p>All\u00ed existen al menos unos 5 mil \u00e1rboles de capul\u00edn, los cuales cada temporada brindan unas 500 toneladas de fruta fresca, tal como coment\u00f3 a\u00a0<strong>LA CAMPI\u00d1A<\/strong>\u00a0Te\u00f3dulo Meneses Munive, representante del Grupo de Fruticultores Innovaci\u00f3n al Campo de Domingo Arenas.<\/p>\n\n\n\n<figure class=\"wp-block-image size-large\"><img decoding=\"async\" width=\"1024\" height=\"731\" src=\"https:\/\/losperiodistas.com.mx\/portal\/wp-content\/uploads\/2022\/06\/Captura-de-Pantalla-2022-06-02-a-las-7.31.31-1024x731.jpg\" alt=\"\" class=\"wp-image-29150\" srcset=\"https:\/\/losperiodistas.com.mx\/portal\/wp-content\/uploads\/2022\/06\/Captura-de-Pantalla-2022-06-02-a-las-7.31.31-1024x731.jpg 1024w, https:\/\/losperiodistas.com.mx\/portal\/wp-content\/uploads\/2022\/06\/Captura-de-Pantalla-2022-06-02-a-las-7.31.31-300x214.jpg 300w, https:\/\/losperiodistas.com.mx\/portal\/wp-content\/uploads\/2022\/06\/Captura-de-Pantalla-2022-06-02-a-las-7.31.31-768x548.jpg 768w, https:\/\/losperiodistas.com.mx\/portal\/wp-content\/uploads\/2022\/06\/Captura-de-Pantalla-2022-06-02-a-las-7.31.31.jpg 1320w\" sizes=\"(max-width: 1024px) 100vw, 1024px\" \/><\/figure>\n\n\n\n<p>Desde hace m\u00e1s de cien a\u00f1os, generaci\u00f3n tras generaci\u00f3n, la mayor\u00eda de los habitantes del municipio se ha reunido cada temporada con un mismo prop\u00f3sito: tratar de posicionar las frutillas en mercados cada vez m\u00e1s amplios.<\/p>\n\n\n\n<blockquote class=\"wp-block-quote is-layout-flow wp-block-quote-is-layout-flow\"><p><strong><em>\u201cYa tiene un historial desde los abuelitos, algunos \u00e1rboles ya tienen arriba de cien a\u00f1os que los abuelitos dejaron plantados. Ahorita por eso andamos en tema de podas y rejuveneciendo los \u00e1rboles frutales, (porque) hay que darle seguimiento\u201d.<\/em><\/strong><\/p><\/blockquote>\n\n\n\n<p>De sabor \u00e1cido y dulce, estos \u201cprimos\u201d de las cerezas suelen consumirse en fresco y venderse por \u201ccubetas\u201d (10 kilos) con costo de 200 pesos al inicio de la cosecha y baja hasta unos 80 pesos cuando incrementa el producto ya bien entrada la temporada.<\/p>\n\n\n\n<p>La creaci\u00f3n de jaleas, mermeladas, conservas, cristalizados, licores y \u201cmole de capul\u00edn\u201d, son algunos de los productos que se elaboran con la fruta para darle valor agregado, pues como se\u00f1ala Te\u00f3dulo Meneses, en el mercado las frutillas no tienen el valor que merecen.<\/p>\n\n\n\n<figure class=\"wp-block-image size-large\"><img loading=\"lazy\" decoding=\"async\" width=\"1024\" height=\"738\" src=\"https:\/\/losperiodistas.com.mx\/portal\/wp-content\/uploads\/2022\/06\/Captura-de-Pantalla-2022-06-02-a-las-7.32.27-1024x738.jpg\" alt=\"\" class=\"wp-image-29151\" srcset=\"https:\/\/losperiodistas.com.mx\/portal\/wp-content\/uploads\/2022\/06\/Captura-de-Pantalla-2022-06-02-a-las-7.32.27-1024x738.jpg 1024w, https:\/\/losperiodistas.com.mx\/portal\/wp-content\/uploads\/2022\/06\/Captura-de-Pantalla-2022-06-02-a-las-7.32.27-300x216.jpg 300w, https:\/\/losperiodistas.com.mx\/portal\/wp-content\/uploads\/2022\/06\/Captura-de-Pantalla-2022-06-02-a-las-7.32.27-768x554.jpg 768w, https:\/\/losperiodistas.com.mx\/portal\/wp-content\/uploads\/2022\/06\/Captura-de-Pantalla-2022-06-02-a-las-7.32.27.jpg 1312w\" sizes=\"(max-width: 1024px) 100vw, 1024px\" \/><\/figure>\n\n\n\n<p>Otra de las tradiciones es comer los huesitos como botana salada, para aprovecharlos una vez que ha pasado la temporada y contin\u00fae siendo una fuente de ingresos.<\/p>\n\n\n\n<p>A decir de Meneses Munive, el 50 por ciento de la producci\u00f3n se designa para este prop\u00f3sito, por lo cual en meses posteriores la gente de la comunidad tambi\u00e9n se emplea en despulpar, juntar y darle sabor a los huesitos con sal y variedad de chiles.<\/p>\n\n\n\n<p>Actualmente la mayor parte del producto se comercializa en el mercado local y apenas un 30 por ciento logra llegar al mercado estatal y en algunos casos al Estado de M\u00e9xico, por lo que los productores trabajan en nuevas estrategias para alcanzar otros mercados, entre ellas la Feria del Capul\u00edn, que a inicios de mayo tuvo su segunda edici\u00f3n.<\/p>\n\n\n\n<blockquote class=\"wp-block-quote is-layout-flow wp-block-quote-is-layout-flow\"><p><strong><em>\u201cNosotros lo que estamos haciendo es que nuestros productos pueden estar presentes en algunos centros comerciales, cadenas restauranteras, trabajar con el mercado estatal, nacional y, por qu\u00e9 no, intentar con el extranjero. Mientras estamos trabajando con lo b\u00e1sico, comenzando a mover producto para, poco a poco, empezar a buscar otras alternativas de mercado\u201d.<\/em><\/strong><\/p><\/blockquote>\n\n\n\n<p>Por el momento, el Grupo de Fruticultores busca capacitaciones para poder tener certificaciones, hacer registro de envasado,\u00a0 y tener una marca registrada y crear otros productos que puedan generarles mayor econom\u00eda.<\/p>\n\n\n\n<figure class=\"wp-block-image size-large\"><img loading=\"lazy\" decoding=\"async\" width=\"1024\" height=\"736\" src=\"https:\/\/losperiodistas.com.mx\/portal\/wp-content\/uploads\/2022\/06\/Captura-de-Pantalla-2022-06-02-a-las-7.33.53-1024x736.jpg\" alt=\"\" class=\"wp-image-29152\" srcset=\"https:\/\/losperiodistas.com.mx\/portal\/wp-content\/uploads\/2022\/06\/Captura-de-Pantalla-2022-06-02-a-las-7.33.53-1024x736.jpg 1024w, https:\/\/losperiodistas.com.mx\/portal\/wp-content\/uploads\/2022\/06\/Captura-de-Pantalla-2022-06-02-a-las-7.33.53-300x216.jpg 300w, https:\/\/losperiodistas.com.mx\/portal\/wp-content\/uploads\/2022\/06\/Captura-de-Pantalla-2022-06-02-a-las-7.33.53-768x552.jpg 768w, https:\/\/losperiodistas.com.mx\/portal\/wp-content\/uploads\/2022\/06\/Captura-de-Pantalla-2022-06-02-a-las-7.33.53.jpg 1308w\" sizes=\"(max-width: 1024px) 100vw, 1024px\" \/><\/figure>\n\n\n\n<p>Por ello, los productores de Domingo Arenas invitan a consumir el capul\u00edn en fruta o los huesitos como botana, pues de su venta dependen cerca de 2 mil 500 familias de la localidad.<\/p>\n\n\n\n<blockquote class=\"wp-block-quote is-layout-flow wp-block-quote-is-layout-flow\"><p><strong><em>\u201cIntentamos buscar otro tipo de mercado para que el campo poblano empiece a motivarse porque hay un rezago econ\u00f3mico, vienen los intermediarios y nos amuelan el precio. Entonces queremos darle un seguimiento, un plus donde la gente del municipio sienta que es rentable su trabajo y le den seguimiento al campo\u201d.<\/em><\/strong><\/p><\/blockquote>\n\n\n\n<p>Fuente: https:\/\/revistalacampina.mx\/2022\/06\/01\/capulin-el-oro-negro-de-domingo-arenas\/<\/p>\n","protected":false},"excerpt":{"rendered":"<p>Gracias a la comercializaci\u00f3n del \u00abcerezo nacional\u00bb los productores del municipio tienen una oportunidad de generar ingresos econ\u00f3micos para sus [&hellip;]<\/p>\n","protected":false},"author":1,"featured_media":29148,"comment_status":"open","ping_status":"open","sticky":false,"template":"","format":"standard","meta":{"site-sidebar-layout":"default","site-content-layout":"","ast-site-content-layout":"default","site-content-style":"default","site-sidebar-style":"default","ast-global-header-display":"","ast-banner-title-visibility":"","ast-main-header-display":"","ast-hfb-above-header-display":"","ast-hfb-below-header-display":"","ast-hfb-mobile-header-display":"","site-post-title":"","ast-breadcrumbs-content":"","ast-featured-img":"","footer-sml-layout":"","theme-transparent-header-meta":"","adv-header-id-meta":"","stick-header-meta":"","header-above-stick-meta":"","header-main-stick-meta":"","header-below-stick-meta":"","astra-migrate-meta-layouts":"default","ast-page-background-enabled":"default","ast-page-background-meta":{"desktop":{"background-color":"var(--ast-global-color-4)","background-image":"","background-repeat":"repeat","background-position":"center center","background-size":"auto","background-attachment":"scroll","background-type":"","background-media":"","overlay-type":"","overlay-color":"","overlay-opacity":"","overlay-gradient":""},"tablet":{"background-color":"","background-image":"","background-repeat":"repeat","background-position":"center center","background-size":"auto","background-attachment":"scroll","background-type":"","background-media":"","overlay-type":"","overlay-color":"","overlay-opacity":"","overlay-gradient":""},"mobile":{"background-color":"","background-image":"","background-repeat":"repeat","background-position":"center center","background-size":"auto","background-attachment":"scroll","background-type":"","background-media":"","overlay-type":"","overlay-color":"","overlay-opacity":"","overlay-gradient":""}},"ast-content-background-meta":{"desktop":{"background-color":"var(--ast-global-color-5)","background-image":"","background-repeat":"repeat","background-position":"center center","background-size":"auto","background-attachment":"scroll","background-type":"","background-media":"","overlay-type":"","overlay-color":"","overlay-opacity":"","overlay-gradient":""},"tablet":{"background-color":"var(--ast-global-color-5)","background-image":"","background-repeat":"repeat","background-position":"center center","background-size":"auto","background-attachment":"scroll","background-type":"","background-media":"","overlay-type":"","overlay-color":"","overlay-opacity":"","overlay-gradient":""},"mobile":{"background-color":"var(--ast-global-color-5)","background-image":"","background-repeat":"repeat","background-position":"center center","background-size":"auto","background-attachment":"scroll","background-type":"","background-media":"","overlay-type":"","overlay-color":"","overlay-opacity":"","overlay-gradient":""}},"footnotes":""},"categories":[8],"tags":[10568,10569,10567],"class_list":["post-29147","post","type-post","status-publish","format-standard","has-post-thumbnail","hentry","category-noticias","tag-domingo-arenas","tag-huesitos-de-capulin","tag-produccion-capulin"],"_links":{"self":[{"href":"https:\/\/losperiodistas.com.mx\/portal\/wp-json\/wp\/v2\/posts\/29147","targetHints":{"allow":["GET"]}}],"collection":[{"href":"https:\/\/losperiodistas.com.mx\/portal\/wp-json\/wp\/v2\/posts"}],"about":[{"href":"https:\/\/losperiodistas.com.mx\/portal\/wp-json\/wp\/v2\/types\/post"}],"author":[{"embeddable":true,"href":"https:\/\/losperiodistas.com.mx\/portal\/wp-json\/wp\/v2\/users\/1"}],"replies":[{"embeddable":true,"href":"https:\/\/losperiodistas.com.mx\/portal\/wp-json\/wp\/v2\/comments?post=29147"}],"version-history":[{"count":1,"href":"https:\/\/losperiodistas.com.mx\/portal\/wp-json\/wp\/v2\/posts\/29147\/revisions"}],"predecessor-version":[{"id":29153,"href":"https:\/\/losperiodistas.com.mx\/portal\/wp-json\/wp\/v2\/posts\/29147\/revisions\/29153"}],"wp:featuredmedia":[{"embeddable":true,"href":"https:\/\/losperiodistas.com.mx\/portal\/wp-json\/wp\/v2\/media\/29148"}],"wp:attachment":[{"href":"https:\/\/losperiodistas.com.mx\/portal\/wp-json\/wp\/v2\/media?parent=29147"}],"wp:term":[{"taxonomy":"category","embeddable":true,"href":"https:\/\/losperiodistas.com.mx\/portal\/wp-json\/wp\/v2\/categories?post=29147"},{"taxonomy":"post_tag","embeddable":true,"href":"https:\/\/losperiodistas.com.mx\/portal\/wp-json\/wp\/v2\/tags?post=29147"}],"curies":[{"name":"wp","href":"https:\/\/api.w.org\/{rel}","templated":true}]}}