{"id":29141,"date":"2022-06-02T07:04:48","date_gmt":"2022-06-02T12:04:48","guid":{"rendered":"http:\/\/losperiodistas.com.mx\/portal\/?p=29141"},"modified":"2022-06-02T07:04:50","modified_gmt":"2022-06-02T12:04:50","slug":"felicitaciones-a-la-reina-isabel-ii-por-el-70o-aniversario-de-su-reinado-vatican-news","status":"publish","type":"post","link":"https:\/\/losperiodistas.com.mx\/portal\/felicitaciones-a-la-reina-isabel-ii-por-el-70o-aniversario-de-su-reinado-vatican-news\/","title":{"rendered":"Felicitaciones a la Reina Isabel II por el 70\u00ba aniversario de su reinado | Vatican News"},"content":{"rendered":"\n<p><em>El Papa Francisco escribe a la Soberana del Reino Unido en el d\u00eda de las celebraciones del jubileo de platino de su acceso al trono y de su 96\u00ba cumplea\u00f1os para asegurarle oraciones de prosperidad y de paz. El pasado mes de marzo una carta de buenos deseos acompa\u00f1ada del don de un cedro del L\u00edbano como muestra de agradecimiento por su compromiso dedicado al cuidado de la Creaci\u00f3n<\/em><\/p>\n\n\n\n<p><\/p>\n\n\n\n<figure class=\"wp-block-image size-large\"><img fetchpriority=\"high\" decoding=\"async\" width=\"1024\" height=\"576\" src=\"https:\/\/losperiodistas.com.mx\/portal\/wp-content\/uploads\/2022\/06\/cq5dam.thumbnail.cropped.1500.844-1024x576.jpeg\" alt=\"\" class=\"wp-image-29142\" srcset=\"https:\/\/losperiodistas.com.mx\/portal\/wp-content\/uploads\/2022\/06\/cq5dam.thumbnail.cropped.1500.844-1024x576.jpeg 1024w, https:\/\/losperiodistas.com.mx\/portal\/wp-content\/uploads\/2022\/06\/cq5dam.thumbnail.cropped.1500.844-300x169.jpeg 300w, https:\/\/losperiodistas.com.mx\/portal\/wp-content\/uploads\/2022\/06\/cq5dam.thumbnail.cropped.1500.844-768x432.jpeg 768w, https:\/\/losperiodistas.com.mx\/portal\/wp-content\/uploads\/2022\/06\/cq5dam.thumbnail.cropped.1500.844.jpeg 1500w\" sizes=\"(max-width: 1024px) 100vw, 1024px\" \/><figcaption>El Papa Francisco con la Reina Isabel II en una foto de archivo \u00a0<\/figcaption><\/figure>\n\n\n\n<p class=\"has-vivid-cyan-blue-color has-text-color has-medium-font-size\">TIZIANA CAMPISI \/ VATICAN NEWS<\/p>\n\n\n\n<p>Cercan\u00eda a trav\u00e9s de la oraci\u00f3n \u00abpara que Dios Todopoderoso le conceda a usted, a los miembros de la familia real y a todo el pueblo de la naci\u00f3n las bendiciones de unidad, prosperidad y paz\u00bb. Es el deseo que el Santo Padre formula en un telegrama enviado a la Reina Isabel II en el 70\u00ba aniversario de su reinado y con motivo de las celebraciones p\u00fablicas por su 96\u00ba cumplea\u00f1os.<\/p>\n\n\n\n<h2 class=\"wp-block-heading\"><strong>La carta a la Reina Isabel II<\/strong><\/h2>\n\n\n\n<p>Francisco ya se hab\u00eda manifestado el pasado 29 de marzo en una carta dirigida al Palacio de Buckingham en la que, uni\u00e9ndose a los buenos deseos para el Reino Unido, subrayaba tambi\u00e9n su agradecimiento por el \u00abperseverante y constante servicio\u00bb prestado por la monarca brit\u00e1nica \u00abpara el bien de la naci\u00f3n, el progreso de su pueblo y la conservaci\u00f3n de su ilustre herencia espiritual, cultural y pol\u00edtico\u00bb.<\/p>\n\n\n\n<p>Y como muestra de especial reconocimiento por su compromiso con el cuidado de la Creaci\u00f3n \u00abcomo un don que debe ser cultivado por el bien de las generaciones futuras\u00bb, el Papa Francisco hab\u00eda escrito en la carta que hab\u00eda donado a la Reina Isabel \u00abun cedro del L\u00edbano\u00bb vinculado a la iniciativa\u00a0<em>Queen&#8217;s Green Canopy<\/em>. Y conclu\u00eda: \u00abQue este \u00e1rbol, que en la Biblia simboliza el florecimiento de la fortaleza, de la justicia y de la prosperidad, sea prenda de abundantes bendiciones divinas sobre su reino\u00bb.<\/p>\n\n\n\n<p>Fuente: https:\/\/www.vaticannews.va\/es\/papa\/news\/2022-06\/felicitaciones-a-la-reina-isabel-ii-en-el-70-aniversario-de-su.html<\/p>\n","protected":false},"excerpt":{"rendered":"<p>El Papa Francisco escribe a la Soberana del Reino Unido en el d\u00eda de las celebraciones del jubileo de platino [&hellip;]<\/p>\n","protected":false},"author":1,"featured_media":29142,"comment_status":"open","ping_status":"open","sticky":false,"template":"","format":"standard","meta":{"site-sidebar-layout":"default","site-content-layout":"","ast-site-content-layout":"default","site-content-style":"default","site-sidebar-style":"default","ast-global-header-display":"","ast-banner-title-visibility":"","ast-main-header-display":"","ast-hfb-above-header-display":"","ast-hfb-below-header-display":"","ast-hfb-mobile-header-display":"","site-post-title":"","ast-breadcrumbs-content":"","ast-featured-img":"","footer-sml-layout":"","theme-transparent-header-meta":"","adv-header-id-meta":"","stick-header-meta":"","header-above-stick-meta":"","header-main-stick-meta":"","header-below-stick-meta":"","astra-migrate-meta-layouts":"default","ast-page-background-enabled":"default","ast-page-background-meta":{"desktop":{"background-color":"var(--ast-global-color-4)","background-image":"","background-repeat":"repeat","background-position":"center center","background-size":"auto","background-attachment":"scroll","background-type":"","background-media":"","overlay-type":"","overlay-color":"","overlay-opacity":"","overlay-gradient":""},"tablet":{"background-color":"","background-image":"","background-repeat":"repeat","background-position":"center center","background-size":"auto","background-attachment":"scroll","background-type":"","background-media":"","overlay-type":"","overlay-color":"","overlay-opacity":"","overlay-gradient":""},"mobile":{"background-color":"","background-image":"","background-repeat":"repeat","background-position":"center center","background-size":"auto","background-attachment":"scroll","background-type":"","background-media":"","overlay-type":"","overlay-color":"","overlay-opacity":"","overlay-gradient":""}},"ast-content-background-meta":{"desktop":{"background-color":"var(--ast-global-color-5)","background-image":"","background-repeat":"repeat","background-position":"center center","background-size":"auto","background-attachment":"scroll","background-type":"","background-media":"","overlay-type":"","overlay-color":"","overlay-opacity":"","overlay-gradient":""},"tablet":{"background-color":"var(--ast-global-color-5)","background-image":"","background-repeat":"repeat","background-position":"center center","background-size":"auto","background-attachment":"scroll","background-type":"","background-media":"","overlay-type":"","overlay-color":"","overlay-opacity":"","overlay-gradient":""},"mobile":{"background-color":"var(--ast-global-color-5)","background-image":"","background-repeat":"repeat","background-position":"center center","background-size":"auto","background-attachment":"scroll","background-type":"","background-media":"","overlay-type":"","overlay-color":"","overlay-opacity":"","overlay-gradient":""}},"footnotes":""},"categories":[8],"tags":[10564,196],"class_list":["post-29141","post","type-post","status-publish","format-standard","has-post-thumbnail","hentry","category-noticias","tag-jubileo-isabel-ii","tag-papa-francisco"],"_links":{"self":[{"href":"https:\/\/losperiodistas.com.mx\/portal\/wp-json\/wp\/v2\/posts\/29141","targetHints":{"allow":["GET"]}}],"collection":[{"href":"https:\/\/losperiodistas.com.mx\/portal\/wp-json\/wp\/v2\/posts"}],"about":[{"href":"https:\/\/losperiodistas.com.mx\/portal\/wp-json\/wp\/v2\/types\/post"}],"author":[{"embeddable":true,"href":"https:\/\/losperiodistas.com.mx\/portal\/wp-json\/wp\/v2\/users\/1"}],"replies":[{"embeddable":true,"href":"https:\/\/losperiodistas.com.mx\/portal\/wp-json\/wp\/v2\/comments?post=29141"}],"version-history":[{"count":1,"href":"https:\/\/losperiodistas.com.mx\/portal\/wp-json\/wp\/v2\/posts\/29141\/revisions"}],"predecessor-version":[{"id":29143,"href":"https:\/\/losperiodistas.com.mx\/portal\/wp-json\/wp\/v2\/posts\/29141\/revisions\/29143"}],"wp:featuredmedia":[{"embeddable":true,"href":"https:\/\/losperiodistas.com.mx\/portal\/wp-json\/wp\/v2\/media\/29142"}],"wp:attachment":[{"href":"https:\/\/losperiodistas.com.mx\/portal\/wp-json\/wp\/v2\/media?parent=29141"}],"wp:term":[{"taxonomy":"category","embeddable":true,"href":"https:\/\/losperiodistas.com.mx\/portal\/wp-json\/wp\/v2\/categories?post=29141"},{"taxonomy":"post_tag","embeddable":true,"href":"https:\/\/losperiodistas.com.mx\/portal\/wp-json\/wp\/v2\/tags?post=29141"}],"curies":[{"name":"wp","href":"https:\/\/api.w.org\/{rel}","templated":true}]}}