{"id":29133,"date":"2022-06-02T06:23:55","date_gmt":"2022-06-02T11:23:55","guid":{"rendered":"http:\/\/losperiodistas.com.mx\/portal\/?p=29133"},"modified":"2022-06-02T06:23:57","modified_gmt":"2022-06-02T11:23:57","slug":"un-partido-islamista-echa-raices-en-espana-y-capta-a-jovenes-para-que-sean-soldados-de-ala-el-confidencial","status":"publish","type":"post","link":"https:\/\/losperiodistas.com.mx\/portal\/un-partido-islamista-echa-raices-en-espana-y-capta-a-jovenes-para-que-sean-soldados-de-ala-el-confidencial\/","title":{"rendered":"Un partido islamista echa ra\u00edces en Espa\u00f1a y capta a j\u00f3venes para que sean \u00absoldados de Al\u00e1\u00bb | El Confidencial"},"content":{"rendered":"\n<p><em>La organizaci\u00f3n lleva a\u00f1os en el radar de las fuerzas de seguridad y tiene su epicentro en Barcelona. Est\u00e1 detr\u00e1s del env\u00edo de terroristas para hacer la yihad en Siria. En Alemania, fueron ilegalizados<\/em><\/p>\n\n\n\n<p><\/p>\n\n\n\n<figure class=\"wp-block-image size-large\"><img fetchpriority=\"high\" decoding=\"async\" width=\"1024\" height=\"576\" src=\"https:\/\/losperiodistas.com.mx\/portal\/wp-content\/uploads\/2022\/06\/f.elconfidencial.com_original_588_44b_62d_58844b62db8575922c3bf569645d51a4-1024x576.jpg\" alt=\"\" class=\"wp-image-29134\" srcset=\"https:\/\/losperiodistas.com.mx\/portal\/wp-content\/uploads\/2022\/06\/f.elconfidencial.com_original_588_44b_62d_58844b62db8575922c3bf569645d51a4-1024x576.jpg 1024w, https:\/\/losperiodistas.com.mx\/portal\/wp-content\/uploads\/2022\/06\/f.elconfidencial.com_original_588_44b_62d_58844b62db8575922c3bf569645d51a4-300x169.jpg 300w, https:\/\/losperiodistas.com.mx\/portal\/wp-content\/uploads\/2022\/06\/f.elconfidencial.com_original_588_44b_62d_58844b62db8575922c3bf569645d51a4-768x432.jpg 768w, https:\/\/losperiodistas.com.mx\/portal\/wp-content\/uploads\/2022\/06\/f.elconfidencial.com_original_588_44b_62d_58844b62db8575922c3bf569645d51a4.jpg 1440w\" sizes=\"(max-width: 1024px) 100vw, 1024px\" \/><figcaption>Acto de la organizaci\u00f3n isl\u00e1mica Hizb ut Tharir en Copenhague, Dinamarca, en 2019. (Getty\/Ole Jensen)<\/figcaption><\/figure>\n\n\n\n<p><\/p>\n\n\n\n<p class=\"has-vivid-cyan-blue-color has-text-color has-medium-font-size\">ALEJANDRO REQUEIJO \/ BEATRIZ PARERA \/ EL CONFIDENCIAL<\/p>\n\n\n\n<p>Un partido pol\u00edtico radical llamado Hizb Ut Tahrir&nbsp;<strong>(Partido de Liberaci\u00f3n Isl\u00e1mica) ha echado ra\u00edces en Espa\u00f1a<\/strong>&nbsp;y preocupa a las fuerzas de seguridad del Estado. Es un movimiento que se ha extendido por diversas partes del mundo, especialmente tras<a href=\"https:\/\/www.elconfidencial.com\/mundo\/2021-03-10\/12000-ninos-mueren-sufren-heridas-guerra-siria_2986667\/\">&nbsp;la guerra en Siria<\/a>, y los expertos en la lucha antiterrorista lo acusan de estar detr\u00e1s de&nbsp;<strong>la captaci\u00f3n y el env\u00edo de m\u00faltiples j\u00f3venes a combatir&nbsp;<\/strong>como terroristas a lugares en conflicto. Su objetivo es establecer un califato mundial bajo el mandato de la &#8216;sharia&#8217;. Su presencia ha provocado ya intensos debates en pa\u00edses como Reino Unido o Dinamarca y en Alemania ha sido ilegalizado.<\/p>\n\n\n\n<p>\u201cHizb Ut Tahrir promueve con sus mensajes un fuerte sectarismo antioccidental que genera intolerancia y odio hacia los que se\u00f1alan como los enemigos del islam y&nbsp;<strong>alienta a la comisi\u00f3n de comportamientos violentos<\/strong>\u201d, advierte la Fiscal\u00eda en un escrito remitido a la Audiencia Nacional. Tuvieron una participaci\u00f3n activa en el conflicto sirio, que comenz\u00f3 con un movimiento para derrocar al presidente Bashar al Asad y termin\u00f3 conformando un avispero de grupos radicales. La marca con la que combati\u00f3 este partido se llam\u00f3&nbsp;<strong>Brigada Ansar al-Khilafah<\/strong>&nbsp;y estableci\u00f3 conexiones con grupos yihadistas de la contienda como el&nbsp;<a href=\"https:\/\/www.elconfidencial.com\/mundo\/2016-02-11\/por-que-el-frente-al-nusra-es-mas-peligroso-que-el-estado-islamico_1149523\/\">Frente Al Nusra, la filial de Al Qaeda<\/a>.<\/p>\n\n\n\n<p>El Partido de Liberaci\u00f3n Isl\u00e1mica&nbsp;<strong>tiene una fuerte presencia, especialmente en Barcelona,<\/strong>&nbsp;donde se han detectado integrantes dedicados a&nbsp;<a href=\"https:\/\/www.elconfidencial.com\/sucesos\/2020-07-08\/policia-celula-yihadista-reclutadores-jovenes_2673399\/\">captar y adoctrinar adeptos<\/a>&nbsp;con los que nutrir grupos terroristas. El perfil de los nuevos miembros es de<strong>&nbsp;j\u00f3venes musulmanes vulnerables&nbsp;<\/strong>relacionados con la delincuencia com\u00fan o pertenecientes a familias desestructuradas. \u201cUna vez seleccionados los candidatos, les ofrecen su ayuda y comienzan a controlar su modo de vida. En un primer momento, les inculcan un odio visceral hacia la sociedad occidental, a la que culpabilizan de todos sus problemas, y poco a poco les van introduciendo en su versi\u00f3n totalitaria de la religi\u00f3n isl\u00e1mica\u201d, sostiene la Fiscal\u00eda. Su organizaci\u00f3n y comportamiento son como los de un partido, si bien no participan en elecciones. Sus objetivos son m\u00e1s a largo plazo. En algunos pa\u00edses como Reino Unido ya han hecho concentraciones y actos de cierta envergadura.<\/p>\n\n\n\n<p>\u00abHizb ut Tahrir tiene como objetivo restaurar el Estado isl\u00e1mico para que regrese el gobierno de lo que Al\u00e1 revel\u00f3\u00bb<\/p>\n\n\n\n<p>Fuentes policiales&nbsp;<strong>cifran en torno a 150 los miembros activos del partido en Espa\u00f1a<\/strong>, aunque advierten de que alrededor suyo hay m\u00e1s gente que simpatiza con ellos. Todav\u00eda no tienen la misma implantaci\u00f3n que en Reino Unido, donde tienen su base de operaciones europea y han llegado a realizar manifestaciones. \u00abEl estado mayor, por as\u00ed decirlo, son casi todos palestinos o sirios, pero luego la infanter\u00eda media son la mayor\u00eda marroqu\u00edes en Espa\u00f1a, porque es el principal foco de migraci\u00f3n, igual que en Reino Unido son pakistan\u00edes\u00bb, describen desde la Comisar\u00eda General de Informaci\u00f3n de la&nbsp;<a href=\"https:\/\/www.elconfidencial.com\/tags\/organismos\/policia-nacional-8342\/\">Polic\u00eda Nacional<\/a>.<\/p>\n\n\n\n<p>\u00abNo tienen un carn\u00e9 de partido \u2014explican las mismas fuentes policiales\u2014, pero forman&nbsp;<strong>c\u00e9lulas independientes de entre cinco y siete personas<\/strong>&nbsp;para no llamar la atenci\u00f3n\u00bb. Celebran reuniones y estudian los textos de su fundador, un erudito palestino que contemplaba&nbsp;<a href=\"https:\/\/www.elconfidencial.com\/espana\/2017-12-18\/detenido-yihadista-majadahonda-madrid_1494355\/\">la yihad violenta<\/a>&nbsp;como herramienta v\u00e1lida para conseguir el califato. Est\u00e1n considerados un eslab\u00f3n m\u00e1s del movimiento yihadista global y su principal peligro son los mensajes de odio que se comparten en sus reuniones para las que captan a posibles nuevos miembros.<\/p>\n\n\n\n<figure class=\"wp-block-image\"><img decoding=\"async\" src=\"https:\/\/images.ecestaticos.com\/xTWRxN0yJ_d9s2XrHKjJCNZ-T8k=\/0x0:1920x1080\/1200x900\/filters:fill(white):format(jpg)\/f.elconfidencial.com%2Foriginal%2F9ec%2F45f%2Fb3c%2F9ec45fb3cdc9922b20e69a3b789fde5e.jpg\" alt=\"Foto: Ilustraci\u00f3n: Learte.\"\/><\/figure>\n\n\n\n<p><a href=\"https:\/\/www.elconfidencial.com\/espana\/2022-03-22\/hilos-yihad-libia-espana_3394056\/\">Los hilos de la yihad libia en Espa\u00f1a: atenci\u00f3n m\u00e9dica, tr\u00e1fico de petr\u00f3leo y dinero chino<\/a>Alejandro Requeijo&nbsp;Beatriz Parera&nbsp;Ilustraci\u00f3n: Learte<\/p>\n\n\n\n<p>Cuentan con&nbsp;<a href=\"https:\/\/www.hizb-ut-tahrir.info\/en\/\">una p\u00e1gina web<\/a>&nbsp;en la que no esconden su objetivo de \u201crevivir\u201d los tiempos gloriosos del califato y despertarlo del \u201csevero declive que hab\u00eda alcanzado\u201d. Defienden la obligaci\u00f3n de liberar a la comunidad musulmana de \u201clas leyes de los infieles y la dominaci\u00f3n de los Estados\u201d. \u201cHizb ut Tahrir tambi\u00e9n tiene como objetivo restaurar el Estado isl\u00e1mico para que regrese el gobierno de lo que Al\u00e1 revel\u00f3\u201d. \u201cEl partido tiene como objetivo el renacimiento correcto de la Ummah [comunidad musulmana] a trav\u00e9s del pensamiento ilustrado. Tambi\u00e9n se esfuerza por devolverla a su poder y gloria anteriores, de modo que&nbsp;<strong>arrebate las riendas de la iniciativa de otros Estados y naciones<\/strong>, y regrese al lugar que le corresponde como el primer Estado del mundo, como lo fue en el pasado\u201d, a\u00f1aden.<\/p>\n\n\n\n<h2 class=\"wp-block-heading\">Infraestructura medi\u00e1tica<\/h2>\n\n\n\n<p>Las fuerzas de seguridad tienen acreditadas esas reuniones peri\u00f3dicas en Espa\u00f1a en que\u00a0<a href=\"https:\/\/www.elconfidencial.com\/espana\/cataluna\/2017-08-27\/yihad-mediatica-atentados-cataluna_1433602\/\">se comparten libros o v\u00eddeos con una narrativa atractiva<\/a>. Poco a poco les acaban convenciendo de que la violencia es un recurso leg\u00edtimo y les presentan las bondades de convertirse en &#8216;soldados de Al\u00e1&#8217; para recuperar los territorios que \u201chist\u00f3ricamente les pertenecen\u201d. La p\u00e1gina web ofrece contenidos en ingl\u00e9s, turco, urdu (Pakist\u00e1n e India), farsi (idioma persa) y alem\u00e1n. Adem\u00e1s, cuenta con enlaces a\u00a0<strong>sucursales medi\u00e1ticas del partido en 32 pa\u00edses de todo el mundo,<\/strong>\u00a0donde se centran en tem\u00e1ticas de inter\u00e9s local. Se dividen entre pa\u00edses musulmanes y occidentales.<\/p>\n\n\n\n<figure class=\"wp-block-image size-large\"><img decoding=\"async\" width=\"1024\" height=\"656\" src=\"https:\/\/losperiodistas.com.mx\/portal\/wp-content\/uploads\/2022\/06\/Captura-de-Pantalla-2022-06-02-a-las-6.21.50-1024x656.jpg\" alt=\"\" class=\"wp-image-29136\" srcset=\"https:\/\/losperiodistas.com.mx\/portal\/wp-content\/uploads\/2022\/06\/Captura-de-Pantalla-2022-06-02-a-las-6.21.50-1024x656.jpg 1024w, https:\/\/losperiodistas.com.mx\/portal\/wp-content\/uploads\/2022\/06\/Captura-de-Pantalla-2022-06-02-a-las-6.21.50-300x192.jpg 300w, https:\/\/losperiodistas.com.mx\/portal\/wp-content\/uploads\/2022\/06\/Captura-de-Pantalla-2022-06-02-a-las-6.21.50-768x492.jpg 768w, https:\/\/losperiodistas.com.mx\/portal\/wp-content\/uploads\/2022\/06\/Captura-de-Pantalla-2022-06-02-a-las-6.21.50.jpg 1298w\" sizes=\"(max-width: 1024px) 100vw, 1024px\" \/><\/figure>\n\n\n\n<p>Algunos de sus miembros&nbsp;<a href=\"https:\/\/www.elconfidencial.com\/espana\/2019-11-01\/oleada-de-absoluciones-yihadistas-en-la-audiencia_2305364\/\">ya han pasado por la Audiencia Nacional<\/a>&nbsp;para ser juzgados por terrorismo. El caso m\u00e1s reciente es el de tres hermanos que se sentaron en el banquillo el mes pasado acusados de un delito de integraci\u00f3n en organizaci\u00f3n terrorista por el que les piden nueve a\u00f1os de c\u00e1rcel. Son los hermanos Khalid, Ben Gacem y Hicham Lamghari. Tienen 48, 60 y 46 a\u00f1os, respectivamente. Los tres nacieron en Marruecos, pero se trasladaron a vivir a Barcelona. All\u00ed fueron detenidos el 5 de julio de 2020. Se encuentran a la espera de sentencia. Ante los jueces negaron ser terroristas,&nbsp;<strong>pero reconocieron las reuniones clandestinas en Barcelona.<\/strong><\/p>\n\n\n\n<p>A uno de esos encuentros acudi\u00f3 un joven marroqu\u00ed llamado&nbsp;<strong>Mohamed Kaouch<\/strong>, vecino suyo que comenz\u00f3 a radicalizarse en 2008 tras un paso&nbsp;<a href=\"https:\/\/www.elconfidencial.com\/cultura\/2017-06-17\/historias-la-modelo-carcel-cierre-el-vaquilla-jordi-pujol_1400261\/\">por la c\u00e1rcel Modelo<\/a>. Le permitieron seguir cumpliendo condena en r\u00e9gimen abierto y ah\u00ed fue cuando conoci\u00f3 a l<strong>os hermanos Lamghari,<\/strong>&nbsp;con los que se citaba en lugares de la ciudad junto a otros j\u00f3venes. En 2014 viaj\u00f3 hasta Marruecos en coche junto a otro habitual de los encuentros llamado&nbsp;<strong>Yaseen Tauil<\/strong>. Desde su pa\u00eds natal se desplaz\u00f3 a Turqu\u00eda y de ah\u00ed pas\u00f3 a Siria para unirse a las filas de Estado Isl\u00e1mico. Kaouch sigui\u00f3 manteniendo contacto telef\u00f3nico con Espa\u00f1a y en 2018 fue procesado en la Audiencia Nacional al conocer su situaci\u00f3n. Para entonces llevaba un a\u00f1o y medio muerto, fruto de un bombardeo. La familia fue avisada por el joven que se march\u00f3 con \u00e9l en coche desde Barcelona.<\/p>\n\n\n\n<h2 class=\"wp-block-heading\">Enviados a hacer la yihad desde Espa\u00f1a<\/h2>\n\n\n\n<p>Las fuerzas de seguridad espa\u00f1olas arrestaron en marzo de 2015 a dos hermanos menores de edad llamados&nbsp;<strong>Chakir y Chakib Achataoui<\/strong>&nbsp;cuando estaban iniciando el&nbsp;<a href=\"https:\/\/www.elconfidencial.com\/espana\/comunidad-valenciana\/2022-05-19\/valenciana-fallera-condenada-yihadismo-movil_3426271\/\">viaje a Siria para hacer la yihad<\/a>. Residentes en Barcelona, ellos y su familia tambi\u00e9n eran del partido. Fueron condenados un a\u00f1o despu\u00e9s por el Juzgado de Menores de la Audiencia Nacional. En este mismo tribunal fue juzgada y condenada en 2017 su madre,&nbsp;<strong>Rihmouy<\/strong>. Los hermanos&nbsp;<strong>Zakaria Ben Fatina y Hamza Ben Fatina<\/strong>&nbsp;tambi\u00e9n marcharon a Siria junto al joven&nbsp;<strong>Bilal Chaoui<\/strong>. Del primero no se sabe nada, el segundo muri\u00f3 en junio de 2016 combatiendo, el tercero fue arrestado en Marruecos tras dejar Siria. Tambi\u00e9n est\u00e1n vinculados a Hizb ut Tahrir, como&nbsp;<strong>Axharaf Jouied<\/strong>, en paradero desconocido. Desde 2016, al menos 21 individuos relacionados con este movimiento han sido investigados, juzgados o condenados por su relaci\u00f3n con el yihadismo.<\/p>\n\n\n\n<figure class=\"wp-block-image\"><img decoding=\"async\" src=\"https:\/\/images.ecestaticos.com\/Q_n30QDcccxbXNlCxl-NDRwvtFc=\/0x0:1920x1080\/1200x900\/filters:fill(white):format(jpg)\/f.elconfidencial.com%2Foriginal%2F014%2Ff48%2Ff62%2F014f48f621baa90e6fa3db043e525f2e.jpg\" alt=\"Foto:  \"\/><\/figure>\n\n\n\n<p><a href=\"https:\/\/www.elconfidencial.com\/espana\/2021-10-04\/la-fiesta-de-la-aristocracia-yihadista-en-madrid-con-abu-dahdah-de-invitado-de-honor_3299738\/\">La fiesta de la &#8216;aristocracia&#8217; yihadista en Madrid con Abu Dahdah de invitado de honor<\/a>Alejandro Requeijo&nbsp;EC Dise\u00f1o<\/p>\n\n\n\n<p>En julio del a\u00f1o pasado, el Tribunal Supremo&nbsp;<a href=\"https:\/\/www.elconfidencial.com\/ultima-hora-en-vivo\/2019-03-18\/acusados-de-unirse-al-daesh-dicen-que-no-comparten-la-ideologia-de-matar_2071690\/\">confirm\u00f3 la condena contra otros dos por adoctrinamiento<\/a>. Se llaman&nbsp;<strong>Anouar Bensaddik y Abdelmounaim Bennassar<\/strong>. El primero de ellos lleg\u00f3 a emprender tambi\u00e9n el viaje a Siria, pero se tuvo que volver antes de llegar por falta de financiaci\u00f3n. El alto tribunal confirm\u00f3 la sentencia de la Audiencia Nacional y relat\u00f3 los contactos que el grupo ten\u00eda entre sus miembros y su manera de retroalimentarse a trav\u00e9s de las redes sociales. En sus recursos, ambos denunciaron que se hab\u00eda vulnerado su libertad religiosa. \u201cCuando sobre la base de esta creencia se camina hacia el denominado fen\u00f3meno yihadista, se produce un cambio cualitativo relevante que es lo que justifica la acci\u00f3n penal\u201d, contestaron los jueces del Supremo.<\/p>\n\n\n\n<p>Estas investigaciones y condenas recientes han confirmado las teor\u00edas de expertos en la materia como los investigadores Javier Jord\u00e1n y Sol Tarr\u00e9s, profesores de la Universidad de Granada y Huelva respectivamente. En 2007 ya advert\u00edan de la presencia de esta corriente en Espa\u00f1a y del riesgo de ir a m\u00e1s en los a\u00f1os siguientes. Las fuentes de la lucha antiterrorista destacan su impulso\u00a0<a href=\"https:\/\/www.elconfidencial.com\/espana\/2021-09-08\/estado-islamico-video-guerra-talibanes_3278302\/\">tras la guerra siria<\/a>, pero el a\u00f1o de su fundaci\u00f3n fue 1953 en Jerusal\u00e9n, por\u00a0<strong>Muhammad Taqi al-Din<\/strong>. Su l\u00edder actual se llama\u00a0<strong>Ata Abu Rashta<\/strong>, quien se cree vive en L\u00edbano.<\/p>\n\n\n\n<figure class=\"wp-block-image size-large\"><img decoding=\"async\" width=\"1024\" height=\"630\" src=\"https:\/\/losperiodistas.com.mx\/portal\/wp-content\/uploads\/2022\/06\/Captura-de-Pantalla-2022-06-02-a-las-6.21.05-1024x630.jpg\" alt=\"\" class=\"wp-image-29135\" srcset=\"https:\/\/losperiodistas.com.mx\/portal\/wp-content\/uploads\/2022\/06\/Captura-de-Pantalla-2022-06-02-a-las-6.21.05-1024x630.jpg 1024w, https:\/\/losperiodistas.com.mx\/portal\/wp-content\/uploads\/2022\/06\/Captura-de-Pantalla-2022-06-02-a-las-6.21.05-300x185.jpg 300w, https:\/\/losperiodistas.com.mx\/portal\/wp-content\/uploads\/2022\/06\/Captura-de-Pantalla-2022-06-02-a-las-6.21.05-768x473.jpg 768w, https:\/\/losperiodistas.com.mx\/portal\/wp-content\/uploads\/2022\/06\/Captura-de-Pantalla-2022-06-02-a-las-6.21.05.jpg 1290w\" sizes=\"(max-width: 1024px) 100vw, 1024px\" \/><\/figure>\n\n\n\n<h2 class=\"wp-block-heading\">Un movimiento pol\u00edtico<\/h2>\n\n\n\n<p>En Alemania, en cambio, el Ministerio del Interior proh\u00edbe las actividades del grupo desde 2008, a partir de una reforma para ello de&nbsp;<a href=\"https:\/\/www.boe.es\/buscar\/doc.php?id=BOE-A-2002-5852\" target=\"_blank\" rel=\"noreferrer noopener\">la Ley de Asociaciones<\/a>. Para justificar la ilegalizaci\u00f3n se alegaba que las actividades de esta organizaci\u00f3n atentaban&nbsp;<strong>contra la idea del entendimiento entre los pueblos<\/strong>&nbsp;y que con ellas se defend\u00eda la utilizaci\u00f3n de la fuerza como medio para lograr objetivos pol\u00edticos.<\/p>\n\n\n\n<p>No es f\u00e1cil descifrar este movimiento. La Justicia espa\u00f1ola vincula a sus seguidores con el terrorismo yihadista, pero estudios sobre Hizbt ut Tahrir apuntaban m\u00e1s a un grupo pol\u00edtico contrario al concepto de estado-naci\u00f3n, seg\u00fan advierte otro estudio del doctor en Ciencia Pol\u00edtica y profesor de la Universidad CEU San Pablo Antonio Alonso. Este experto\u00a0<a href=\"https:\/\/www.files.ethz.ch\/isn\/58202\/Vol%203%20-%20No%202%20-%20Art%20Z.pdf\">analiz\u00f3 en 2008 sus discursos<\/a>\u00a0y lleg\u00f3 a la conclusi\u00f3n de que, al menos en ese momento, se deber\u00eda calificar como\u00a0<strong>un movimiento social islamista revolucionario<\/strong>, con m\u00e1s de medio siglo de historia y con una estructura de mando piramidal. Coincide Antonio Alonso con la peligrosa ambig\u00fcedad de sus mensajes ante la violencia o las relaciones con grupos yihadistas. El Ministerio de Defensa,\u00a0<a href=\"https:\/\/www.ieee.es\/Galerias\/fichero\/cuadernos\/CE_141_Inteligencia.pdf\">en un informe de 2009<\/a>, tambi\u00e9n se\u00f1al\u00f3 al Partido de la Liberaci\u00f3n como un movimiento en auge en Espa\u00f1a y\u00a0<strong>\u201cpuerta de entrada\u201d hacia la radicalizaci\u00f3n<\/strong>.<\/p>\n\n\n\n<p>Fuente: https:\/\/www.elconfidencial.com\/espana\/2022-06-02\/partido-islamista-echa-raices-espana-capta-jovenes-soldados-ala_3432190\/<\/p>\n","protected":false},"excerpt":{"rendered":"<p>La organizaci\u00f3n lleva a\u00f1os en el radar de las fuerzas de seguridad y tiene su epicentro en Barcelona. Est\u00e1 detr\u00e1s [&hellip;]<\/p>\n","protected":false},"author":1,"featured_media":29134,"comment_status":"open","ping_status":"open","sticky":false,"template":"","format":"standard","meta":{"site-sidebar-layout":"default","site-content-layout":"","ast-site-content-layout":"default","site-content-style":"default","site-sidebar-style":"default","ast-global-header-display":"","ast-banner-title-visibility":"","ast-main-header-display":"","ast-hfb-above-header-display":"","ast-hfb-below-header-display":"","ast-hfb-mobile-header-display":"","site-post-title":"","ast-breadcrumbs-content":"","ast-featured-img":"","footer-sml-layout":"","theme-transparent-header-meta":"","adv-header-id-meta":"","stick-header-meta":"","header-above-stick-meta":"","header-main-stick-meta":"","header-below-stick-meta":"","astra-migrate-meta-layouts":"default","ast-page-background-enabled":"default","ast-page-background-meta":{"desktop":{"background-color":"var(--ast-global-color-4)","background-image":"","background-repeat":"repeat","background-position":"center center","background-size":"auto","background-attachment":"scroll","background-type":"","background-media":"","overlay-type":"","overlay-color":"","overlay-opacity":"","overlay-gradient":""},"tablet":{"background-color":"","background-image":"","background-repeat":"repeat","background-position":"center center","background-size":"auto","background-attachment":"scroll","background-type":"","background-media":"","overlay-type":"","overlay-color":"","overlay-opacity":"","overlay-gradient":""},"mobile":{"background-color":"","background-image":"","background-repeat":"repeat","background-position":"center center","background-size":"auto","background-attachment":"scroll","background-type":"","background-media":"","overlay-type":"","overlay-color":"","overlay-opacity":"","overlay-gradient":""}},"ast-content-background-meta":{"desktop":{"background-color":"var(--ast-global-color-5)","background-image":"","background-repeat":"repeat","background-position":"center center","background-size":"auto","background-attachment":"scroll","background-type":"","background-media":"","overlay-type":"","overlay-color":"","overlay-opacity":"","overlay-gradient":""},"tablet":{"background-color":"var(--ast-global-color-5)","background-image":"","background-repeat":"repeat","background-position":"center center","background-size":"auto","background-attachment":"scroll","background-type":"","background-media":"","overlay-type":"","overlay-color":"","overlay-opacity":"","overlay-gradient":""},"mobile":{"background-color":"var(--ast-global-color-5)","background-image":"","background-repeat":"repeat","background-position":"center center","background-size":"auto","background-attachment":"scroll","background-type":"","background-media":"","overlay-type":"","overlay-color":"","overlay-opacity":"","overlay-gradient":""}},"footnotes":""},"categories":[8],"tags":[10563,10561,10560,10562],"class_list":["post-29133","post","type-post","status-publish","format-standard","has-post-thumbnail","hentry","category-noticias","tag-espana-islam","tag-hiz-ut-tahrir","tag-partido-de-liberacion-islamica","tag-sharia"],"_links":{"self":[{"href":"https:\/\/losperiodistas.com.mx\/portal\/wp-json\/wp\/v2\/posts\/29133","targetHints":{"allow":["GET"]}}],"collection":[{"href":"https:\/\/losperiodistas.com.mx\/portal\/wp-json\/wp\/v2\/posts"}],"about":[{"href":"https:\/\/losperiodistas.com.mx\/portal\/wp-json\/wp\/v2\/types\/post"}],"author":[{"embeddable":true,"href":"https:\/\/losperiodistas.com.mx\/portal\/wp-json\/wp\/v2\/users\/1"}],"replies":[{"embeddable":true,"href":"https:\/\/losperiodistas.com.mx\/portal\/wp-json\/wp\/v2\/comments?post=29133"}],"version-history":[{"count":1,"href":"https:\/\/losperiodistas.com.mx\/portal\/wp-json\/wp\/v2\/posts\/29133\/revisions"}],"predecessor-version":[{"id":29137,"href":"https:\/\/losperiodistas.com.mx\/portal\/wp-json\/wp\/v2\/posts\/29133\/revisions\/29137"}],"wp:featuredmedia":[{"embeddable":true,"href":"https:\/\/losperiodistas.com.mx\/portal\/wp-json\/wp\/v2\/media\/29134"}],"wp:attachment":[{"href":"https:\/\/losperiodistas.com.mx\/portal\/wp-json\/wp\/v2\/media?parent=29133"}],"wp:term":[{"taxonomy":"category","embeddable":true,"href":"https:\/\/losperiodistas.com.mx\/portal\/wp-json\/wp\/v2\/categories?post=29133"},{"taxonomy":"post_tag","embeddable":true,"href":"https:\/\/losperiodistas.com.mx\/portal\/wp-json\/wp\/v2\/tags?post=29133"}],"curies":[{"name":"wp","href":"https:\/\/api.w.org\/{rel}","templated":true}]}}