{"id":29125,"date":"2022-06-02T06:03:41","date_gmt":"2022-06-02T11:03:41","guid":{"rendered":"http:\/\/losperiodistas.com.mx\/portal\/?p=29125"},"modified":"2022-06-02T06:04:55","modified_gmt":"2022-06-02T11:04:55","slug":"covid-en-corea-del-norte-habra-un-numero-de-muertes-mayor-al-habitual-pero-sus-ciudadanos-no-van-a-iniciar-una-rebelion-porque-estan-desorganizados-aterrorizados-y-aislados-bbc","status":"publish","type":"post","link":"https:\/\/losperiodistas.com.mx\/portal\/covid-en-corea-del-norte-habra-un-numero-de-muertes-mayor-al-habitual-pero-sus-ciudadanos-no-van-a-iniciar-una-rebelion-porque-estan-desorganizados-aterrorizados-y-aislados-bbc\/","title":{"rendered":"Covid en Corea del Norte: \u00abHabr\u00e1 un n\u00famero de muertes mayor al habitual, pero sus ciudadanos no van a iniciar una rebeli\u00f3n porque est\u00e1n desorganizados, aterrorizados y aislados\u00bb\u00a0| BBC"},"content":{"rendered":"\n<figure class=\"wp-block-image size-full\"><img fetchpriority=\"high\" decoding=\"async\" width=\"800\" height=\"450\" src=\"https:\/\/losperiodistas.com.mx\/portal\/wp-content\/uploads\/2022\/06\/124934907_0510301c-65f1-4596-b4fc-c4c4c0d71853.jpg\" alt=\"\" class=\"wp-image-29126\" srcset=\"https:\/\/losperiodistas.com.mx\/portal\/wp-content\/uploads\/2022\/06\/124934907_0510301c-65f1-4596-b4fc-c4c4c0d71853.jpg 800w, https:\/\/losperiodistas.com.mx\/portal\/wp-content\/uploads\/2022\/06\/124934907_0510301c-65f1-4596-b4fc-c4c4c0d71853-300x169.jpg 300w, https:\/\/losperiodistas.com.mx\/portal\/wp-content\/uploads\/2022\/06\/124934907_0510301c-65f1-4596-b4fc-c4c4c0d71853-768x432.jpg 768w\" sizes=\"(max-width: 800px) 100vw, 800px\" \/><figcaption>Andrei Lankov, que vive en Se\u00fal desde 2004, es considerado el mayor experto en Corea del Norte.<\/figcaption><\/figure>\n\n\n\n<p class=\"has-vivid-cyan-blue-color has-text-color has-medium-font-size\">ATAHUALPA AMERISE \/ BBC NEWS MUNDO<\/p>\n\n\n\n<p><strong>El l\u00edder de Corea del Norte, Kim Jong-un, se enfrenta a su mayor reto desde que asumi\u00f3 el poder hace una d\u00e9cada.<\/strong><\/p>\n\n\n\n<p>Tras dos a\u00f1os sin reportar un solo caso, la covid-19 se propaga sin control con m\u00e1s de 3,5 millones de contagios y 70 muertes reportadas, aunque expertos estiman la cifra real en miles.<\/p>\n\n\n\n<p>Con el pa\u00eds en emergencia sanitaria, Kim ha intensificado sus lanzamientos de misiles: 17 este a\u00f1o y tres recientemente, entre ellos uno intercontinental que&nbsp;<strong>pone a Estados Unidos al alcance de un ataque nuclear<\/strong>.<\/p>\n\n\n\n<p>Y la tensi\u00f3n con Corea del Sur se ha elevado en los \u00faltimos meses, en los que Pyongyang ha amenzado a su vecino con un ataque nuclear preventivo.<\/p>\n\n\n\n<p>Corea del Norte, un pa\u00eds comunista con armas at\u00f3micas cuyo gasto militar es de un tercio del PIB, donde&nbsp;<strong>el servicio militar dura&nbsp;10&nbsp;a\u00f1os<\/strong>, acusado de tener una brigada de hackers dedicada a robar activos y criptomonedas, donde es obligatorio lucir un pin con el retrato de los Kim y criticar al l\u00edder se paga con la vida seg\u00fan relatan los que logran salir, nunca deja de estar en el foco ni de despertar un fuerte inter\u00e9s, curiosidad o fascinaci\u00f3n.<\/p>\n\n\n\n<p>Pero es tan herm\u00e9tico que muy pocos saben qu\u00e9 ocurre dentro o, al menos, poseen conocimiento, medios y fuentes privilegiadas para asomarse a su realidad e interpretarla.<\/p>\n\n\n\n<p>Uno de ellos es&nbsp;<strong>el acad\u00e9mico ruso Andrei Lankov<\/strong>, profesor de Estudios Coreanos de la Universidad Kookmin en Se\u00fal y director del medio especializado NK News.<\/p>\n\n\n\n<p>Lankov, que en la d\u00e9cada de 1980 estudi\u00f3 en la Universidad Kim Il-sung de Pyongyang,<strong>&nbsp;ha escrito ocho libros sobre Corea del Norte&nbsp;<\/strong>y muchos lo consideran el mayor experto en este pa\u00eds.<\/p>\n\n\n\n<p>En esta entrevista telef\u00f3nica nos ofrece importantes claves sobre la actualidad norcoreana, sus retos e intenciones en un momento crucial en su historia.<\/p>\n\n\n\n<figure class=\"wp-block-image\"><img decoding=\"async\" src=\"https:\/\/ichef.bbci.co.uk\/news\/640\/cpsprodpb\/2EA7\/production\/_124934911_epahi075346807.jpg\" alt=\"Kim Jong-un en un desfile\"\/><\/figure>\n\n\n\n<p><strong>\u00bfC\u00f3mo<\/strong><strong>&nbsp;cree que<\/strong><strong>&nbsp;pudo Corea del Norte contener la covid-19 hasta hace poco?<\/strong><\/p>\n\n\n\n<p>Con el aislamiento total. Ning\u00fan otro pa\u00eds se aisl\u00f3 tanto del mundo exterior. Desde la primavera de 2020 nadie pudo ingresar a Corea del Norte y solo se permiti\u00f3 salir a un peque\u00f1o n\u00famero de diplom\u00e1ticos extranjeros y expatriados. El comercio se redujo al m\u00ednimo y cerraron las conexiones de tren con China y Rusia.<\/p>\n\n\n\n<p>Su estrategia era mantener ese aislamiento durante algunos a\u00f1os hasta que acabara la pandemia en el mundo, luego obtener vacunas gratuitas para los 25 millones de norcoreanos y que el asunto quedara solucionado.<\/p>\n\n\n\n<p><strong>\u00bfQu\u00e9 fue lo que fall\u00f3?<\/strong><\/p>\n\n\n\n<p>En alg\u00fan lugar, de alguna manera, alguien con covid logr\u00f3 pasar. Probablemente nunca sabremos qui\u00e9n fue el \u00abpaciente cero\u00bb. \u00bfUn contrabandista? \u00bfUn esp\u00eda de regreso de una misi\u00f3n? \u00bfUn trabajador ferroviario que visit\u00f3 China? La cosa es que alguien trajo la infecci\u00f3n y comenz\u00f3 a extenderse como la p\u00f3lvora entre una poblaci\u00f3n desnutrida y no vacunada.<\/p>\n\n\n\n<p><strong>\u00bfQui\u00e9n es culpable de la situaci\u00f3n actual?<\/strong><\/p>\n\n\n\n<p>En realidad, nadie. Los altos mandos de Corea del Norte hicieron una apuesta. Sab\u00edan que pod\u00edan permitirse un nivel de autoaislamiento que ser\u00eda inaceptable en cualquier otro pa\u00eds y trataron de aprovechar esta ventaja. Podr\u00edan haber tenido \u00e9xito, pero no fue as\u00ed.<\/p>\n\n\n\n<p><strong>Pero Kim Jong-un culp\u00f3 a trabajadores \u00abirresponsables\u00bb, entre otros.<\/strong><\/p>\n\n\n\n<p>Si eres un pol\u00edtico, necesitas chivos expiatorios, \u00bfverdad? Especialmente si diriges un r\u00e9gimen autoritario. Si hay alguien a quien culpar ser\u00eda al propio Kim y sus asesores cercanos, pero yo no los culpar\u00eda, ya que su estrategia no necesariamente parec\u00eda incorrecta. Apostaron al todo o nada y perdieron.<\/p>\n\n\n\n<figure class=\"wp-block-image\"><img decoding=\"async\" src=\"https:\/\/ichef.bbci.co.uk\/news\/640\/cpsprodpb\/4D1F\/production\/_124934791_pic0060780.jpg\" alt=\"Kim Jong-un\"\/><figcaption>Pie de foto,A Kim Jong-un le funcion\u00f3 su estrategia de aislamiento total por dos a\u00f1os.<\/figcaption><\/figure>\n\n\n\n<p><strong>\u00bfPor qu\u00e9 nadie est\u00e1 vacunado en Corea del Norte?<\/strong><\/p>\n\n\n\n<p>Tengo firmes sospechas de que el 0,01% de la \u00e9lite s\u00ed se ha vacunado.<\/p>\n\n\n\n<p>Pero, en general, su l\u00f3gica es clara: no quer\u00edan invitar a extranjeros para que no trajeran la enfermedad, ni siquiera de pa\u00edses aliados, y sin extranjeros no es posible realizar campa\u00f1as de vacunaci\u00f3n a gran escala. Y tampoco tienen capital, equipos ni experiencia para desarrollar una vacuna propia.<\/p>\n\n\n\n<p><strong>\u00bfC<\/strong><strong>u\u00e1n<\/strong><strong>&nbsp;grave cree que es la situaci\u00f3n real de la covid en Corea del Norte?<\/strong><\/p>\n\n\n\n<p>Creo que las cifras reportadas por los medios estatales son correctas, con una excepci\u00f3n importante: subestiman las muertes. Si la tasa de mortalidad normal de \u00f3micron se estima en el 0,015% deber\u00edan tener miles de muertes, y m\u00e1s teniendo en cuenta el lamentable estado de salud de la poblaci\u00f3n.<\/p>\n\n\n\n<p><strong>\u00bfEn qu\u00e9 condiciones se encuentra el sistema de salud norcoreano?<\/strong><\/p>\n\n\n\n<p>Si comparas a Corea del Norte con otros pa\u00edses con el mismo nivel de ingreso per c\u00e1pita, est\u00e1 bastante bien. El problema es que hablamos de pa\u00edses muy pobres.<\/p>\n\n\n\n<p>Corea del Norte tiene muchos m\u00e9dicos pero carece de suministros y equipos. Sus hospitales rurales funcionan esencialmente con tecnolog\u00eda de principios del siglo XX. Esto significa que si surge un brote, como es el caso, casi no hay acceso a recursos como ventiladores pulmonares.<\/p>\n\n\n\n<figure class=\"wp-block-image\"><img decoding=\"async\" src=\"https:\/\/ichef.bbci.co.uk\/news\/640\/cpsprodpb\/EE0F\/production\/_124934906_gettyimages-1126346957.jpg\" alt=\"Hospital norcoreano en 2002\"\/><figcaption>Pie de foto,Aunque esta foto de un hospital de Sinuiju (norte del pa\u00eds) es de 2002, el acad\u00e9mico asegura que las condiciones en los centros de salud de las zonas rurales no han cambiado mucho desde entonces.<\/figcaption><\/figure>\n\n\n\n<p><strong>\u00bfDe qu\u00e9 modo la pandemia ha cambiado Corea del Norte?<\/strong><\/p>\n\n\n\n<p>Corea del Norte ha sufrido el doble impacto de pandemia y sanciones. En 2017 le impusieron sanciones inusualmente duras que dificultan o imposibilitan la mayor\u00eda de transacciones con el exterior.<\/p>\n\n\n\n<p>Cuando lleg\u00f3 la pandemia su comercio exterior se hab\u00eda reducido casi a la mitad del nivel normal. La pandemia fue un golpe adicional, por lo que hoy pr\u00e1cticamente no tiene intercambios econ\u00f3micos con el mundo exterior.<\/p>\n\n\n\n<p><strong>\u00bfY c\u00f3mo afecta esto a los norcoreanos de a pie?<\/strong><\/p>\n\n\n\n<p>A menudo se pasa por alto o se subestima que los primeros 6 a\u00f1os de Kim Jong-un (2012-2017) fueron bastante exitosos y la econom\u00eda creci\u00f3 r\u00e1pido.<\/p>\n\n\n\n<p>Esta mejora ces\u00f3 por las sanciones y luego la pandemia. Ha bajado el nivel de vida. Si no hay una hambruna generalizada es porque China est\u00e1 decidida a mantener a flote a Corea del Norte: le env\u00eda cereales, fertilizantes y combustible, en peque\u00f1as cantidades pero suficientes para evitar un desastre humanitario grave.<\/p>\n\n\n\n<p><strong>\u00bfPor qu\u00e9 China hace eso?<\/strong><\/p>\n\n\n\n<p>Pek\u00edn tiene sus diferencias con Corea del Norte y no ve con buenos ojos su desarrollo de armas nucleares. Sin embargo, la ve como un colch\u00f3n que mantiene a las fuerzas estadounidenses alejadas de las fronteras chinas.<\/p>\n\n\n\n<p>Y ahora que China mantiene una confrontaci\u00f3n abierta con EE. UU., el valor estrat\u00e9gico de Corea del Norte se ha incrementado dr\u00e1sticamente.<\/p>\n\n\n\n<figure class=\"wp-block-image\"><img decoding=\"async\" src=\"https:\/\/ichef.bbci.co.uk\/news\/640\/cpsprodpb\/181B7\/production\/_124934789_pic0066879.jpg\" alt=\"misil intercontinental Hwasongpho-17\"\/><figcaption>Pie de foto,Corea del Norte asegura que en su lanzamiento de prueba el nuevo misil intercontinental Hwasongpho-17 recorri\u00f3 m\u00e1s de 6.000 kil\u00f3metros.<\/figcaption><\/figure>\n\n\n\n<p><strong>Adem\u00e1s de China, \u00bfcu\u00e1les han sido las principales fuentes de ingresos de Corea del Norte en los \u00faltimos dos a\u00f1os?<\/strong><\/p>\n\n\n\n<p>Su gobierno est\u00e1 involucrado en todo tipo de actividades ilegales. Tenemos informes recientes sobre operaciones de crimen cibern\u00e9tico dirigidas a los principales bancos y empresas de todo el mundo.<\/p>\n\n\n\n<p><strong>\u00bfQu\u00e9 evidencias apuntan al gobierno de Corea del Norte como autor de estas operaciones de ciberdelincuencia?<\/strong><\/p>\n\n\n\n<p>La pirater\u00eda es conocida por los problemas a la hora de rastrear a los autores. Sin embargo, creo en los informes de los expertos en seguridad inform\u00e1tica. Tal vez influya&nbsp;<strong>que mis propias computadoras sufran frecuentes ataques de pirater\u00eda<\/strong>&nbsp;organizados por algunas personas que hablan mal ingl\u00e9s pero que est\u00e1n muy, muy, interesadas en robar datos relacionados con Corea del Norte.<\/p>\n\n\n\n<p><strong>\u00bfEs el cibercrimen una fuente de ingresos importante para Pyongyang?<\/strong><\/p>\n\n\n\n<p>Es una contribuci\u00f3n significativa pero nadie, excepto un peque\u00f1o grupo de personas en el gobierno de Corea del Norte, puede decir cu\u00e1nto ganan con estas actividades.<\/p>\n\n\n\n<p>Hemos sabido de atracos masivos, como el robo al banco central de Bangladesh o recientemente a una empresa vietnamita de juegos online. Sin embargo, es dif\u00edcil lavar y usar ese dinero. Que yo sepa, no han logrado acceder a la mayor parte del dinero que han robado.<\/p>\n\n\n\n<p><strong>\u00bfQu\u00e9 sabe sobre esos dos ataques cibern\u00e9ticos en espec\u00edfico y la implicaci\u00f3n del gobierno de Corea del Norte?<\/strong><\/p>\n\n\n\n<p>Nada, aparte de lo que leo en peri\u00f3dicos y en los informes de acceso libre.<\/p>\n\n\n\n<p><strong>Kim Jong-un describi\u00f3 el brote de covid-19 como la mayor convulsi\u00f3n en 70 a\u00f1os. \u00bfCree que podr\u00eda conducir a cambios pol\u00edticos o de otro tipo en Corea del Norte?<\/strong><\/p>\n\n\n\n<p>Corea del Norte tiene una gran cantidad de poblaci\u00f3n vulnerable y habr\u00e1 un n\u00famero de muertes mayor al habitual.<\/p>\n\n\n\n<p>Sin embargo, sus ciudadanos no van a iniciar una rebeli\u00f3n porque est\u00e1n desorganizados, aterrorizados y aislados. Si nos ponemos en el peor de los casos morir\u00e1 el 0,5% de su poblaci\u00f3n, pero hace 20 a\u00f1os tuvieron una hambruna masiva donde muri\u00f3 el 2 o 3% de la poblaci\u00f3n y apenas hubo impacto pol\u00edtico.<\/p>\n\n\n\n<figure class=\"wp-block-image\"><img decoding=\"async\" src=\"https:\/\/ichef.bbci.co.uk\/news\/640\/cpsprodpb\/15AA7\/production\/_124934788_gettyimages-1024265670.jpg\" alt=\"Personas en Pyongyang\"\/><figcaption>Pie de foto,El culto a los l\u00edderes de la dinast\u00eda Kim es casi una religi\u00f3n en Corea del Norte y la disidencia se paga con prisi\u00f3n o muerte.<\/figcaption><\/figure>\n\n\n\n<p>As\u00ed, la amenaza no es la pandemia en s\u00ed sino una reacci\u00f3n extrema del gobierno: por ejemplo, si hacen como China y confinan las principales ciudades se podr\u00eda paralizar lo poco que a\u00fan funciona en la econom\u00eda, provocando graves dificultades econ\u00f3micas y tal vez descontento pol\u00edtico.<\/p>\n\n\n\n<p><strong>Corea del Norte ha apoyado incondicionalmente a Rusia en la invasi\u00f3n de Ucrania. \u00bfVe alguna motivaci\u00f3n en particular?<\/strong><\/p>\n\n\n\n<p>La diplomacia de Corea del Norte no tiene una motivaci\u00f3n ideol\u00f3gica sino muy pragm\u00e1tica. Quieren que Rusia, que es miembro permanente del Consejo de Seguridad de la ONU, les devuelva el favor vetando en ese \u00f3rgano las resoluciones para sancionar a Corea del Norte por sus pruebas nucleares y de misiles.<\/p>\n\n\n\n<p><strong>\u00bfQu\u00e9 opina de la hip\u00f3tesis&nbsp;<\/strong><strong>planteada en algunos medios<\/strong><strong>&nbsp;de que Corea del Norte refuerza sus capacidades nucleares y de misiles para invadir el Sur?<\/strong><\/p>\n\n\n\n<p>No es algo realista. Corea del Norte sue\u00f1a con eso, pero no lo va a hacer en el corto plazo. Sin embargo, en el fondo, para Pyongyang la invasi\u00f3n de Ucrania es una buena lecci\u00f3n: nunca, jam\u00e1s, entregues tus armas at\u00f3micas.<\/p>\n\n\n\n<p>Ucrania ten\u00eda muchos dispositivos nucleares tras el colapso de la Uni\u00f3n Sovi\u00e9tica y accedi\u00f3 a entregarlos a cambio de promesas de seguridad e integridad territorial. Estas promesas se rompieron y nadie movi\u00f3 un dedo para defender a Ucrania.<\/p>\n\n\n\n<p><strong>Hablemos de Kim Jong-un, \u00bfhay alg\u00fan desaf\u00edo o amenaza a su liderazgo dentro del pa\u00eds?<\/strong><\/p>\n\n\n\n<figure class=\"wp-block-image\"><img decoding=\"async\" src=\"https:\/\/ichef.bbci.co.uk\/news\/640\/cpsprodpb\/13397\/production\/_124934787_hi075940069.jpg\" alt=\"Kim Jong-un\"\/><\/figure>\n\n\n\n<p>Pienso que hoy es el l\u00edder indiscutible. La \u00e9lite de Corea del Norte quiz\u00e1 nunca ha o\u00eddo hablar de los padres fundadores de EE.UU. pero sus pol\u00edticas se definen con una frase de Benjamin Franklin: \u00abDebemos mantenernos unidos o, con toda certeza, nos ahorcar\u00e1n por separado\u00bb.<\/p>\n\n\n\n<p>Los altos mandos norcoreanos entienden que han de mantenerse unidos porque la inestabilidad podr\u00eda causar el colapso del r\u00e9gimen y el pa\u00eds probablemente ser\u00eda absorbido por el Sur como le sucedi\u00f3 a Alemania Oriental. La \u00e9lite de Corea del Norte entiende que est\u00e1 no ya en un barco, sino en un submarino, sin opci\u00f3n de escape.<\/p>\n\n\n\n<p>Y, si est\u00e1s en un submarino, no vas a matar a tu capit\u00e1n.<\/p>\n\n\n\n<p>Fuente: https:\/\/www.bbc.com\/mundo\/noticias-internacional-61599757<\/p>\n","protected":false},"excerpt":{"rendered":"<p>ATAHUALPA AMERISE \/ BBC NEWS MUNDO El l\u00edder de Corea del Norte, Kim Jong-un, se enfrenta a su mayor reto [&hellip;]<\/p>\n","protected":false},"author":1,"featured_media":29126,"comment_status":"open","ping_status":"open","sticky":false,"template":"","format":"standard","meta":{"site-sidebar-layout":"default","site-content-layout":"","ast-site-content-layout":"default","site-content-style":"default","site-sidebar-style":"default","ast-global-header-display":"","ast-banner-title-visibility":"","ast-main-header-display":"","ast-hfb-above-header-display":"","ast-hfb-below-header-display":"","ast-hfb-mobile-header-display":"","site-post-title":"","ast-breadcrumbs-content":"","ast-featured-img":"","footer-sml-layout":"","theme-transparent-header-meta":"","adv-header-id-meta":"","stick-header-meta":"","header-above-stick-meta":"","header-main-stick-meta":"","header-below-stick-meta":"","astra-migrate-meta-layouts":"default","ast-page-background-enabled":"default","ast-page-background-meta":{"desktop":{"background-color":"var(--ast-global-color-4)","background-image":"","background-repeat":"repeat","background-position":"center center","background-size":"auto","background-attachment":"scroll","background-type":"","background-media":"","overlay-type":"","overlay-color":"","overlay-opacity":"","overlay-gradient":""},"tablet":{"background-color":"","background-image":"","background-repeat":"repeat","background-position":"center center","background-size":"auto","background-attachment":"scroll","background-type":"","background-media":"","overlay-type":"","overlay-color":"","overlay-opacity":"","overlay-gradient":""},"mobile":{"background-color":"","background-image":"","background-repeat":"repeat","background-position":"center center","background-size":"auto","background-attachment":"scroll","background-type":"","background-media":"","overlay-type":"","overlay-color":"","overlay-opacity":"","overlay-gradient":""}},"ast-content-background-meta":{"desktop":{"background-color":"var(--ast-global-color-5)","background-image":"","background-repeat":"repeat","background-position":"center center","background-size":"auto","background-attachment":"scroll","background-type":"","background-media":"","overlay-type":"","overlay-color":"","overlay-opacity":"","overlay-gradient":""},"tablet":{"background-color":"var(--ast-global-color-5)","background-image":"","background-repeat":"repeat","background-position":"center center","background-size":"auto","background-attachment":"scroll","background-type":"","background-media":"","overlay-type":"","overlay-color":"","overlay-opacity":"","overlay-gradient":""},"mobile":{"background-color":"var(--ast-global-color-5)","background-image":"","background-repeat":"repeat","background-position":"center center","background-size":"auto","background-attachment":"scroll","background-type":"","background-media":"","overlay-type":"","overlay-color":"","overlay-opacity":"","overlay-gradient":""}},"footnotes":""},"categories":[8],"tags":[10139,38],"class_list":["post-29125","post","type-post","status-publish","format-standard","has-post-thumbnail","hentry","category-noticias","tag-corea-del-norte","tag-covid-19"],"_links":{"self":[{"href":"https:\/\/losperiodistas.com.mx\/portal\/wp-json\/wp\/v2\/posts\/29125","targetHints":{"allow":["GET"]}}],"collection":[{"href":"https:\/\/losperiodistas.com.mx\/portal\/wp-json\/wp\/v2\/posts"}],"about":[{"href":"https:\/\/losperiodistas.com.mx\/portal\/wp-json\/wp\/v2\/types\/post"}],"author":[{"embeddable":true,"href":"https:\/\/losperiodistas.com.mx\/portal\/wp-json\/wp\/v2\/users\/1"}],"replies":[{"embeddable":true,"href":"https:\/\/losperiodistas.com.mx\/portal\/wp-json\/wp\/v2\/comments?post=29125"}],"version-history":[{"count":2,"href":"https:\/\/losperiodistas.com.mx\/portal\/wp-json\/wp\/v2\/posts\/29125\/revisions"}],"predecessor-version":[{"id":29129,"href":"https:\/\/losperiodistas.com.mx\/portal\/wp-json\/wp\/v2\/posts\/29125\/revisions\/29129"}],"wp:featuredmedia":[{"embeddable":true,"href":"https:\/\/losperiodistas.com.mx\/portal\/wp-json\/wp\/v2\/media\/29126"}],"wp:attachment":[{"href":"https:\/\/losperiodistas.com.mx\/portal\/wp-json\/wp\/v2\/media?parent=29125"}],"wp:term":[{"taxonomy":"category","embeddable":true,"href":"https:\/\/losperiodistas.com.mx\/portal\/wp-json\/wp\/v2\/categories?post=29125"},{"taxonomy":"post_tag","embeddable":true,"href":"https:\/\/losperiodistas.com.mx\/portal\/wp-json\/wp\/v2\/tags?post=29125"}],"curies":[{"name":"wp","href":"https:\/\/api.w.org\/{rel}","templated":true}]}}