{"id":29122,"date":"2022-06-02T05:58:33","date_gmt":"2022-06-02T10:58:33","guid":{"rendered":"http:\/\/losperiodistas.com.mx\/portal\/?p=29122"},"modified":"2022-06-02T05:58:35","modified_gmt":"2022-06-02T10:58:35","slug":"venecia-otorga-el-leon-de-oro-a-la-trayectoria-a-la-francesa-catherine-deneuve-dw","status":"publish","type":"post","link":"https:\/\/losperiodistas.com.mx\/portal\/venecia-otorga-el-leon-de-oro-a-la-trayectoria-a-la-francesa-catherine-deneuve-dw\/","title":{"rendered":"Venecia otorga el Le\u00f3n de Oro a la trayectoria a la francesa Catherine Deneuve\u00a0| DW"},"content":{"rendered":"\n<figure class=\"wp-block-image size-full\"><img fetchpriority=\"high\" decoding=\"async\" width=\"700\" height=\"394\" src=\"https:\/\/losperiodistas.com.mx\/portal\/wp-content\/uploads\/2022\/06\/51159349_303.jpeg\" alt=\"\" class=\"wp-image-29123\" srcset=\"https:\/\/losperiodistas.com.mx\/portal\/wp-content\/uploads\/2022\/06\/51159349_303.jpeg 700w, https:\/\/losperiodistas.com.mx\/portal\/wp-content\/uploads\/2022\/06\/51159349_303-300x169.jpeg 300w\" sizes=\"(max-width: 700px) 100vw, 700px\" \/><figcaption>Catherine Deneuve, en el Festival de Venecia de 2019.<\/figcaption><\/figure>\n\n\n\n<p class=\"has-vivid-cyan-blue-color has-text-color has-medium-font-size\">DW<\/p>\n\n\n\n<p>La estrella del cine franc\u00e9s Catherine Deneuve recibir\u00e1 el Le\u00f3n de Oro a la trayectoria en la 79\u00aa edici\u00f3n del Festival de Cine de Venecia, que se celebrar\u00e1 del 31 de agosto al 10 de septiembre, anunci\u00f3 este mi\u00e9rcoles (01.06.2022) el festival de cine m\u00e1s antiguo del mundo.<\/p>\n\n\n\n<p>\u00abEs una alegr\u00eda recibir este prestigioso premio en el Festival de Cine de Venecia, que amo y conozco desde hace mucho tiempo, desde que particip\u00e9 con el filme &#8216;Belle de jour&#8217; de Luis Bu\u00f1uel, premiado con el Le\u00f3n de Oro\u00bb, declar\u00f3 la actriz, de 78 a\u00f1os, seg\u00fan el comunicado de prensa del festival.<\/p>\n\n\n\n<p>Para el director de la Mostra veneciana, el cr\u00edtico italiano Alberto Barbera, el festival quiere rendir homenaje a \u00abla eterna diva, un verdadero icono de la gran pantalla (&#8230;)&nbsp; entre las mayores int\u00e9rpretes de la historia del cine\u00bb, escribi\u00f3. Barbera recuerda tambi\u00e9n que la actriz gan\u00f3 la copa Volpi a la mejor actriz por \u00abPlace Vend\u00f4me\u00bb de Nicole Garcia en 1998.<\/p>\n\n\n\n<p>Deneuve, cuya belleza y elegancia cautivaron el p\u00fablico de medio mundo, ha trabajado con algunos de los actores y directores europeos m\u00e1s importantes: Roger Vadim, Jacques Demy, Luis Bu\u00f1uel, Fran\u00e7ois Truffaut, Roman Polanski, Marco Ferreri, Marcello Mastroianni y G\u00e9rard Depardieu.<\/p>\n\n\n\n<p>Durante su extraordinaria carrera, Catherine Deneuve ha recibido numerosos premios, entre ellos dos C\u00e9sar a la mejor actriz (en 1981 por \u00abLe Dernier M\u00e9tro\u00bb y en 1993 por \u00abIndochine\u00bb), as\u00ed como el Oscar a la mejor pel\u00edcula extranjera, una Palma de oro en Cannes en 2005, y el Oso de Plata a la Mejor Contribuci\u00f3n Art\u00edstica en Berl\u00edn en 2002 por \u00abOcho mujeres\u00bb de Fran\u00e7ois Ozon. (afp)<img decoding=\"async\" src=\"https:\/\/static.dw.com\/image\/15516391_7.jpg\" width=\"-1\" height=\"-1\" alt=\"Catherine Deneuve junto a Yves Montand en M\u00fanich en la gala de los premios Bambi en enero de 1976.\"><\/p>\n\n\n\n<p>Catherine Deneuve junto a Yves Montand en M\u00fanich en la gala de los premios Bambi en enero de 1976.<\/p>\n\n\n\n<p>Fuente: https:\/\/www.dw.com\/es\/venecia-otorga-el-le%C3%B3n-de-oro-a-la-trayectoria-a-la-francesa-catherine-deneuve\/a-62002055<\/p>\n","protected":false},"excerpt":{"rendered":"<p>DW La estrella del cine franc\u00e9s Catherine Deneuve recibir\u00e1 el Le\u00f3n de Oro a la trayectoria en la 79\u00aa edici\u00f3n [&hellip;]<\/p>\n","protected":false},"author":1,"featured_media":29123,"comment_status":"open","ping_status":"open","sticky":false,"template":"","format":"standard","meta":{"site-sidebar-layout":"default","site-content-layout":"","ast-site-content-layout":"default","site-content-style":"default","site-sidebar-style":"default","ast-global-header-display":"","ast-banner-title-visibility":"","ast-main-header-display":"","ast-hfb-above-header-display":"","ast-hfb-below-header-display":"","ast-hfb-mobile-header-display":"","site-post-title":"","ast-breadcrumbs-content":"","ast-featured-img":"","footer-sml-layout":"","theme-transparent-header-meta":"","adv-header-id-meta":"","stick-header-meta":"","header-above-stick-meta":"","header-main-stick-meta":"","header-below-stick-meta":"","astra-migrate-meta-layouts":"default","ast-page-background-enabled":"default","ast-page-background-meta":{"desktop":{"background-color":"var(--ast-global-color-4)","background-image":"","background-repeat":"repeat","background-position":"center center","background-size":"auto","background-attachment":"scroll","background-type":"","background-media":"","overlay-type":"","overlay-color":"","overlay-opacity":"","overlay-gradient":""},"tablet":{"background-color":"","background-image":"","background-repeat":"repeat","background-position":"center center","background-size":"auto","background-attachment":"scroll","background-type":"","background-media":"","overlay-type":"","overlay-color":"","overlay-opacity":"","overlay-gradient":""},"mobile":{"background-color":"","background-image":"","background-repeat":"repeat","background-position":"center center","background-size":"auto","background-attachment":"scroll","background-type":"","background-media":"","overlay-type":"","overlay-color":"","overlay-opacity":"","overlay-gradient":""}},"ast-content-background-meta":{"desktop":{"background-color":"var(--ast-global-color-5)","background-image":"","background-repeat":"repeat","background-position":"center center","background-size":"auto","background-attachment":"scroll","background-type":"","background-media":"","overlay-type":"","overlay-color":"","overlay-opacity":"","overlay-gradient":""},"tablet":{"background-color":"var(--ast-global-color-5)","background-image":"","background-repeat":"repeat","background-position":"center center","background-size":"auto","background-attachment":"scroll","background-type":"","background-media":"","overlay-type":"","overlay-color":"","overlay-opacity":"","overlay-gradient":""},"mobile":{"background-color":"var(--ast-global-color-5)","background-image":"","background-repeat":"repeat","background-position":"center center","background-size":"auto","background-attachment":"scroll","background-type":"","background-media":"","overlay-type":"","overlay-color":"","overlay-opacity":"","overlay-gradient":""}},"footnotes":""},"categories":[8],"tags":[10556,10557,3912],"class_list":["post-29122","post","type-post","status-publish","format-standard","has-post-thumbnail","hentry","category-noticias","tag-catherine-deneuve","tag-festival-de-cine-venecia","tag-leon-de-oro"],"_links":{"self":[{"href":"https:\/\/losperiodistas.com.mx\/portal\/wp-json\/wp\/v2\/posts\/29122","targetHints":{"allow":["GET"]}}],"collection":[{"href":"https:\/\/losperiodistas.com.mx\/portal\/wp-json\/wp\/v2\/posts"}],"about":[{"href":"https:\/\/losperiodistas.com.mx\/portal\/wp-json\/wp\/v2\/types\/post"}],"author":[{"embeddable":true,"href":"https:\/\/losperiodistas.com.mx\/portal\/wp-json\/wp\/v2\/users\/1"}],"replies":[{"embeddable":true,"href":"https:\/\/losperiodistas.com.mx\/portal\/wp-json\/wp\/v2\/comments?post=29122"}],"version-history":[{"count":1,"href":"https:\/\/losperiodistas.com.mx\/portal\/wp-json\/wp\/v2\/posts\/29122\/revisions"}],"predecessor-version":[{"id":29124,"href":"https:\/\/losperiodistas.com.mx\/portal\/wp-json\/wp\/v2\/posts\/29122\/revisions\/29124"}],"wp:featuredmedia":[{"embeddable":true,"href":"https:\/\/losperiodistas.com.mx\/portal\/wp-json\/wp\/v2\/media\/29123"}],"wp:attachment":[{"href":"https:\/\/losperiodistas.com.mx\/portal\/wp-json\/wp\/v2\/media?parent=29122"}],"wp:term":[{"taxonomy":"category","embeddable":true,"href":"https:\/\/losperiodistas.com.mx\/portal\/wp-json\/wp\/v2\/categories?post=29122"},{"taxonomy":"post_tag","embeddable":true,"href":"https:\/\/losperiodistas.com.mx\/portal\/wp-json\/wp\/v2\/tags?post=29122"}],"curies":[{"name":"wp","href":"https:\/\/api.w.org\/{rel}","templated":true}]}}