{"id":29119,"date":"2022-06-02T05:54:09","date_gmt":"2022-06-02T10:54:09","guid":{"rendered":"http:\/\/losperiodistas.com.mx\/portal\/?p=29119"},"modified":"2022-06-02T05:54:11","modified_gmt":"2022-06-02T10:54:11","slug":"renuncia-la-segunda-al-mando-en-facebook-sheryl-sandberg-luego-de-14-anos-en-la-compania-france-24","status":"publish","type":"post","link":"https:\/\/losperiodistas.com.mx\/portal\/renuncia-la-segunda-al-mando-en-facebook-sheryl-sandberg-luego-de-14-anos-en-la-compania-france-24\/","title":{"rendered":"Renuncia la segunda al mando en Facebook, Sheryl Sandberg, luego de 14 a\u00f1os en la compa\u00f1\u00eda\u00a0| France 24"},"content":{"rendered":"\n<figure class=\"wp-block-image size-large\"><img fetchpriority=\"high\" decoding=\"async\" width=\"1024\" height=\"576\" src=\"https:\/\/losperiodistas.com.mx\/portal\/wp-content\/uploads\/2022\/06\/Sandberg-1024x576.jpg\" alt=\"\" class=\"wp-image-29120\" srcset=\"https:\/\/losperiodistas.com.mx\/portal\/wp-content\/uploads\/2022\/06\/Sandberg-1024x576.jpg 1024w, https:\/\/losperiodistas.com.mx\/portal\/wp-content\/uploads\/2022\/06\/Sandberg-300x169.jpg 300w, https:\/\/losperiodistas.com.mx\/portal\/wp-content\/uploads\/2022\/06\/Sandberg-768x432.jpg 768w, https:\/\/losperiodistas.com.mx\/portal\/wp-content\/uploads\/2022\/06\/Sandberg.jpg 1280w\" sizes=\"(max-width: 1024px) 100vw, 1024px\" \/><figcaption>Foto de archivo de la ahora ex directora de operaciones de Facebook, Sheryl Sandberg, testificando ante el Comit\u00e9 de Inteligencia del Senado de Estados Unidos. Detractores y ex empleados han coincidido en se\u00f1alar las decisiones ejecutivas de Sandberg como responsables de varias de las fallas m\u00e1s graves de la plataforma, como el tratamiento de datos de los usuarios o la propagaci\u00f3n de discursos de odio y noticias sin verificar, 5 de septiembre de 2018\u00a0\u00a9 AP\/Jos\u00e9 Luis Magana<\/figcaption><\/figure>\n\n\n\n<p><\/p>\n\n\n\n<p class=\"has-vivid-cyan-blue-color has-text-color has-medium-font-size\">EUMAR ESA\u00c1 \/ FRANCE 24<\/p>\n\n\n\n<p>Sheryl Sandberg, directora de operaciones de Facebook (Meta) y una de las responsables de la consagraci\u00f3n de la plataforma como un gigante digital, anunci\u00f3 su desvinculaci\u00f3n de la empresa, sin dejar claro si la salida era su decisi\u00f3n o la del l\u00edder Mark Zuckerberg.<\/p>\n\n\n\n<p>Una de las ejecutivas&nbsp;m\u00e1s prominentes del mundo de los negocios digitales y la tecnolog\u00eda, la vicepresidenta del gigante Facebook (devenido recientemente en Meta), Sheryl Sandberg, se separ\u00f3 de&nbsp;su cargo de directora de operaciones que desempe\u00f1aba desde 2008, cuando lleg\u00f3 procedente de Google.<\/p>\n\n\n\n<p>La segunda al mando despu\u00e9s del fundador Mark Zuckerberg, form\u00f3 parte de las operaciones que transformaron a Facebook de un emprendimiento juvenil a un emporio digital, incluyendo la adquisici\u00f3n de Instagram y WhatsApp, entre otros, pero tambi\u00e9n estuvo involucrada en&nbsp;varias de las m\u00e1s graves fallas de la plataforma, como el esc\u00e1ndalo de Cambridge Analytics, o el uso de la red social para propagar noticias sin verificar o discursos de odio.<\/p>\n\n\n\n<p><strong>Del bot\u00f3n de \u201cme gusta\u201d a la cima del mundo digital<\/strong><\/p>\n\n\n\n<p>Sandberg lleg\u00f3 a Facebook cuando ten\u00eda 38 a\u00f1os, y uno de sus primeros aportes fue el bot\u00f3n de \u201cme gusta\u201d para calificar las publicaciones.<\/p>\n\n\n\n<p>Durante los 14 a\u00f1os de su gesti\u00f3n, lo que fue concebido como una red para conectar a ex compa\u00f1eros de clases se convirti\u00f3 en un negocio de m\u00e1s de 100.000 millones de d\u00f3lares al a\u00f1o, y ganancias cercanas a los 40.000 millones solo el a\u00f1o pasado.<\/p>\n\n\n\n<p>Su salida, anunciada en su perfil en Facebook y confirmada en el de Zuckerberg, parece poner fin a una era y convertirse en el puente definitivo hacia el establecimiento del Metaverso, y un nuevo modelo de negocios.<\/p>\n\n\n\n<p>El hasta ahora director de Crecimiento Javier Olivan, un ejecutivo espa\u00f1ol, fue promovido a la direcci\u00f3n operativa en lugar de Sandberg, quien conserva su posici\u00f3n en la junta directiva de la organizaci\u00f3n.<\/p>\n\n\n\n<p><strong>Una figura controversial y poco ortodoxa<\/strong><\/p>\n\n\n\n<p>Cr\u00edticos e informantes que en su momento revelaron algunas de las pr\u00e1cticas m\u00e1s controversiales de Facebook coincidieron en relacionar estas con decisiones ejecutivas de Sandberg.<\/p>\n\n\n\n<p>Una de ellas es el uso de los datos de los usuarios, bajo una pol\u00edtica de tratamiento que la red ha ido ajustando a medida que han estallado los esc\u00e1ndalos, pero que sigue derivando en la misma consecuencia: informaci\u00f3n sensible y confidencial termina no solo en manos de la industria de la publicidad, sino incluso de socios de negocios de Facebook, como denunci\u00f3 la autora Shoshana Zuboff en su libro La Edad de la Vigilancia del Capitalismo.<\/p>\n\n\n\n<p>Aunque en su momento Sandberg neg\u00f3 en una entrevista con la agencia Reuters que la red hubiera servido de plataforma para planificar e impulsar el asalto al Capitolio, una informante de la empresa, Frances Haugen, revel\u00f3 que los mismos empleados estaban alarmados de ver que las decisiones ejecutivas hac\u00edan poco o nada para frenar el auge del extremismo en sus muros, como se conoce al historial de publicaciones de Facebook.<\/p>\n\n\n\n<p>Sandberg no dej\u00f3 claro su pr\u00f3ximo destino laboral, y asegur\u00f3 que se enfocar\u00e1 m\u00e1s en su fundaci\u00f3n (para promover el papel de la mujer en la industria) y en su \u201ctrabajo filantr\u00f3pico\u201d.<\/p>\n\n\n\n<p>Con AP y Reuters<\/p>\n\n\n\n<p>Fuente: https:\/\/www.france24.com\/es\/econom%C3%ADa-y-tecnolog%C3%ADa\/20220602-sheryl-sandberg-renuncia-facebook-zuckerberg<\/p>\n","protected":false},"excerpt":{"rendered":"<p>EUMAR ESA\u00c1 \/ FRANCE 24 Sheryl Sandberg, directora de operaciones de Facebook (Meta) y una de las responsables de la [&hellip;]<\/p>\n","protected":false},"author":1,"featured_media":29120,"comment_status":"open","ping_status":"open","sticky":false,"template":"","format":"standard","meta":{"site-sidebar-layout":"default","site-content-layout":"","ast-site-content-layout":"default","site-content-style":"default","site-sidebar-style":"default","ast-global-header-display":"","ast-banner-title-visibility":"","ast-main-header-display":"","ast-hfb-above-header-display":"","ast-hfb-below-header-display":"","ast-hfb-mobile-header-display":"","site-post-title":"","ast-breadcrumbs-content":"","ast-featured-img":"","footer-sml-layout":"","theme-transparent-header-meta":"","adv-header-id-meta":"","stick-header-meta":"","header-above-stick-meta":"","header-main-stick-meta":"","header-below-stick-meta":"","astra-migrate-meta-layouts":"default","ast-page-background-enabled":"default","ast-page-background-meta":{"desktop":{"background-color":"var(--ast-global-color-4)","background-image":"","background-repeat":"repeat","background-position":"center center","background-size":"auto","background-attachment":"scroll","background-type":"","background-media":"","overlay-type":"","overlay-color":"","overlay-opacity":"","overlay-gradient":""},"tablet":{"background-color":"","background-image":"","background-repeat":"repeat","background-position":"center center","background-size":"auto","background-attachment":"scroll","background-type":"","background-media":"","overlay-type":"","overlay-color":"","overlay-opacity":"","overlay-gradient":""},"mobile":{"background-color":"","background-image":"","background-repeat":"repeat","background-position":"center center","background-size":"auto","background-attachment":"scroll","background-type":"","background-media":"","overlay-type":"","overlay-color":"","overlay-opacity":"","overlay-gradient":""}},"ast-content-background-meta":{"desktop":{"background-color":"var(--ast-global-color-5)","background-image":"","background-repeat":"repeat","background-position":"center center","background-size":"auto","background-attachment":"scroll","background-type":"","background-media":"","overlay-type":"","overlay-color":"","overlay-opacity":"","overlay-gradient":""},"tablet":{"background-color":"var(--ast-global-color-5)","background-image":"","background-repeat":"repeat","background-position":"center center","background-size":"auto","background-attachment":"scroll","background-type":"","background-media":"","overlay-type":"","overlay-color":"","overlay-opacity":"","overlay-gradient":""},"mobile":{"background-color":"var(--ast-global-color-5)","background-image":"","background-repeat":"repeat","background-position":"center center","background-size":"auto","background-attachment":"scroll","background-type":"","background-media":"","overlay-type":"","overlay-color":"","overlay-opacity":"","overlay-gradient":""}},"footnotes":""},"categories":[8],"tags":[10555,3033,10554],"class_list":["post-29119","post","type-post","status-publish","format-standard","has-post-thumbnail","hentry","category-noticias","tag-boton-me-gusta","tag-facebook","tag-sheryl-sandberg"],"_links":{"self":[{"href":"https:\/\/losperiodistas.com.mx\/portal\/wp-json\/wp\/v2\/posts\/29119","targetHints":{"allow":["GET"]}}],"collection":[{"href":"https:\/\/losperiodistas.com.mx\/portal\/wp-json\/wp\/v2\/posts"}],"about":[{"href":"https:\/\/losperiodistas.com.mx\/portal\/wp-json\/wp\/v2\/types\/post"}],"author":[{"embeddable":true,"href":"https:\/\/losperiodistas.com.mx\/portal\/wp-json\/wp\/v2\/users\/1"}],"replies":[{"embeddable":true,"href":"https:\/\/losperiodistas.com.mx\/portal\/wp-json\/wp\/v2\/comments?post=29119"}],"version-history":[{"count":1,"href":"https:\/\/losperiodistas.com.mx\/portal\/wp-json\/wp\/v2\/posts\/29119\/revisions"}],"predecessor-version":[{"id":29121,"href":"https:\/\/losperiodistas.com.mx\/portal\/wp-json\/wp\/v2\/posts\/29119\/revisions\/29121"}],"wp:featuredmedia":[{"embeddable":true,"href":"https:\/\/losperiodistas.com.mx\/portal\/wp-json\/wp\/v2\/media\/29120"}],"wp:attachment":[{"href":"https:\/\/losperiodistas.com.mx\/portal\/wp-json\/wp\/v2\/media?parent=29119"}],"wp:term":[{"taxonomy":"category","embeddable":true,"href":"https:\/\/losperiodistas.com.mx\/portal\/wp-json\/wp\/v2\/categories?post=29119"},{"taxonomy":"post_tag","embeddable":true,"href":"https:\/\/losperiodistas.com.mx\/portal\/wp-json\/wp\/v2\/tags?post=29119"}],"curies":[{"name":"wp","href":"https:\/\/api.w.org\/{rel}","templated":true}]}}