{"id":29116,"date":"2022-06-02T05:41:19","date_gmt":"2022-06-02T10:41:19","guid":{"rendered":"http:\/\/losperiodistas.com.mx\/portal\/?p=29116"},"modified":"2022-06-02T05:41:25","modified_gmt":"2022-06-02T10:41:25","slug":"alerta-onu-que-hubo-ejecuciones-en-coyomeapan-y-exige-justicia-e-consulta","status":"publish","type":"post","link":"https:\/\/losperiodistas.com.mx\/portal\/alerta-onu-que-hubo-ejecuciones-en-coyomeapan-y-exige-justicia-e-consulta\/","title":{"rendered":"Alerta ONU que hubo ejecuciones en Coyomeapan y exige justicia | E-Consulta"},"content":{"rendered":"\n<p><em>El Alto Comisionado para los Derechos Humanos denunci\u00f3 que en Coyomeapan, hubo uso excesivo de la fuerza por parte de los estatales en la emboscada contra pobladores del pasado 9 de mayo<\/em><\/p>\n\n\n\n<p><\/p>\n\n\n\n<figure class=\"wp-block-image size-full\"><img fetchpriority=\"high\" decoding=\"async\" width=\"640\" height=\"426\" src=\"https:\/\/losperiodistas.com.mx\/portal\/wp-content\/uploads\/2022\/06\/portada_onu_dh_coyomeapan_010622.jpg\" alt=\"\" class=\"wp-image-29117\" srcset=\"https:\/\/losperiodistas.com.mx\/portal\/wp-content\/uploads\/2022\/06\/portada_onu_dh_coyomeapan_010622.jpg 640w, https:\/\/losperiodistas.com.mx\/portal\/wp-content\/uploads\/2022\/06\/portada_onu_dh_coyomeapan_010622-300x200.jpg 300w\" sizes=\"(max-width: 640px) 100vw, 640px\" \/><figcaption>E-Consulta<\/figcaption><\/figure>\n\n\n\n<p class=\"has-vivid-cyan-blue-color has-text-color has-medium-font-size\">ANDREA CASTILLO \/ E-CONULTA<\/p>\n\n\n\n<p>La oficina en M\u00e9xico del&nbsp;<strong>Alto Comisionado de las Naciones Unidas para los Derechos Humanos<\/strong>&nbsp;(ONU-DH) alert\u00f3 posibles&nbsp;<strong>ejecuciones extrajudiciales en Coyomeapan&nbsp;<\/strong>por parte de la Polic\u00eda Estatal de Puebla, durante la emboscada contra pobladores el 9 de mayo, donde&nbsp;<strong>murieron tres personas,&nbsp;<\/strong>entre ellas un menor de edad.<\/p>\n\n\n\n<p>En un comunicado exigi\u00f3 a la&nbsp;<strong>Fiscal\u00eda General del Estado<\/strong>&nbsp;(FGE) investigar los hechos de manera&nbsp;<strong>completa, exhaustiva e independiente,<\/strong>&nbsp;mientras que al gobierno estatal&nbsp;<strong>de Luis Miguel Barbosa Huerta<\/strong>&nbsp;demand\u00f3 otorgar protecci\u00f3n a las personas heridas y a las familiares de quienes murieron.<\/p>\n\n\n\n<p>La emboscada ocurri\u00f3 en\u00a0<strong>Cobatzalco<\/strong>, del municipio de\u00a0<strong>Zoquitl\u00e1n<\/strong>, en donde participaron\u00a0<strong>efectivos de la polic\u00eda estatal<\/strong>\u00a0causando la muerte a tres personas de la comunidad ind\u00edgena de Coyomeapan, incluido un l\u00edder de la comunidad y un menor de edad; otras seis m\u00e1s resultaron con heridas graves.<\/p>\n\n\n\n<figure class=\"wp-block-embed is-type-rich is-provider-twitter wp-block-embed-twitter\"><div class=\"wp-block-embed__wrapper\">\nhttps:\/\/twitter.com\/ONUDHmexico\/status\/1532076770979356672?ref_src=twsrc%5Etfw%7Ctwcamp%5Etweetembed%7Ctwterm%5E1532076770979356672%7Ctwgr%5E%7Ctwcon%5Es1_c10&#038;ref_url=https%3A%2F%2Fwww.e-consulta.com%2Fnota%2F2022-06-01%2Fseguridad%2Falerta-onu-que-hubo-ejecuciones-en-coyomeapan-y-exige-justicia\n<\/div><\/figure>\n\n\n\n<p><strong>Guillermo Fern\u00e1ndez-Maldonado,<\/strong>&nbsp;representante de la ONU-DH en M\u00e9xico, expuso \u201ceste tipo de acciones no corresponde a una&nbsp;<strong>polic\u00eda civil<\/strong>&nbsp;que act\u00faa bajo est\u00e1ndares internacionales que establecen el uso estrictamente&nbsp;<strong>excepcional<\/strong>&nbsp;de la fuerza letal\u00bb.<\/p>\n\n\n\n<p>Todo hecho en el que un&nbsp;<strong>agente estatal<\/strong>&nbsp;haya ocasionado la muerte a una persona debe investigarse de oficio de manera completa, exhaustiva e independiente, en un plazo razonable, siendo responsabilidad del&nbsp;<strong>Estado<\/strong>&nbsp;aportar toda la informaci\u00f3n necesaria que permita acreditar fehacientemente que se cumpli\u00f3 con los&nbsp;<strong>Principios B\u00e1sicos<\/strong>&nbsp;sobre el&nbsp;<strong>Empleo de la Fuerza y de Armas de Fuego<\/strong>, agreg\u00f3.<\/p>\n\n\n\n<p>La ONU &#8211; DH recomend\u00f3 al Estado mexicano respetar y garantizar el\u00a0<strong>derecho al territorio<\/strong>\u00a0y a la libre determinaci\u00f3n de la\u00a0<strong>Comunidad Nahua de Coyomeapan<\/strong>.<\/p>\n\n\n\n<figure class=\"wp-block-embed is-type-rich is-provider-twitter wp-block-embed-twitter\"><div class=\"wp-block-embed__wrapper\">\nhttps:\/\/twitter.com\/e_consulta\/status\/1532154142998904832?ref_src=twsrc%5Etfw%7Ctwcamp%5Etweetembed%7Ctwterm%5E1532154142998904832%7Ctwgr%5E%7Ctwcon%5Es1_c10&#038;ref_url=https%3A%2F%2Fwww.e-consulta.com%2Fnota%2F2022-06-01%2Fseguridad%2Falerta-onu-que-hubo-ejecuciones-en-coyomeapan-y-exige-justicia\n<\/div><\/figure>\n\n\n\n<p>El pasado 26 y 27 de mayo, en seguimiento al caso, la ONU &#8211; DH realiz\u00f3 una reuni\u00f3n con las&nbsp;<strong>v\u00edctimas sobrevivientes<\/strong>&nbsp;de la emboscada ocurrida el pasado 9 de mayo en manos de&nbsp;<strong>polic\u00edas estatales<\/strong>, tambi\u00e9n se entrevistaron con&nbsp;<strong>Basilisa Monta\u00f1o Guti\u00e9rrez<\/strong>, Eruviel \u00c1guilar G\u00f3mez,&nbsp;<strong>Anastasio Gonz\u00e1lez Sanginez<\/strong>, y Gonzalo Mart\u00ednez Herrera, cuatro pobladores&nbsp;<strong>nahuas<\/strong>&nbsp;que se encuentran&nbsp;<strong>privados de la libertad<\/strong>&nbsp;desde el pasado mes de septiembre de 2021.<\/p>\n\n\n\n<p>De acuerdo con la&nbsp;<strong>informaci\u00f3n reunida<\/strong>, la ONU-DH inform\u00f3 que una hip\u00f3tesis fundamental de la investigaci\u00f3n es la relaci\u00f3n que existe entre las&nbsp;<strong>ejecuciones extrajudiciales<\/strong>&nbsp;y la&nbsp;<strong>criminalizaci\u00f3n de las personas de Coyomeapan<\/strong>&nbsp;con la disputa por el control de los&nbsp;<strong>recursos naturales<\/strong>&nbsp;de la zona y el conflicto&nbsp;<strong>post electoral<\/strong>&nbsp;que se vive en la comunidad nahua desde el 6 de junio del 2021, por parte de la familia Celestino Rosas que gobierna desde hace 11 a\u00f1os.<\/p>\n\n\n\n<p>El organismo internacional exhort\u00f3 a la&nbsp;<strong>Fiscal\u00eda General del Estado<\/strong>&nbsp;(FGE)de Puebla a continuar los esfuerzos en torno a la investigaci\u00f3n pronta, exhaustiva, independiente independiente e&nbsp;<strong>imparcial<\/strong>&nbsp;para que se esclarezcan los hechos y se sanciones a los autores materiales e intelectuales de los mismos.<\/p>\n\n\n\n<p>Tambi\u00e9n exhortaron a las autoridades a brindar atenci\u00f3n y\u00a0<strong>protecci\u00f3n<\/strong>\u00a0a las personas afectadas y a sus familias, as\u00ed como para las personas defensoras de\u00a0<strong>derechos humanos<\/strong>\u00a0de la comunidad ind\u00edgena de\u00a0<strong>Coyomeapan<\/strong>.<\/p>\n\n\n\n<p>La ONU-DH reiter\u00f3 su&nbsp;<strong>compromiso<\/strong>&nbsp;para seguir brindando su&nbsp;<strong>asesor\u00eda y cooperaci\u00f3n<\/strong>&nbsp;al Estado mexicano para la efectiva incorporaci\u00f3n a los procesos de investigaci\u00f3n de los est\u00e1ndares internacionales relevantes en la materia, as\u00ed como para la inclusi\u00f3n del enfoque de&nbsp;<strong>derechos humanos<\/strong>&nbsp;en las acciones para garantizar el&nbsp;<strong>derecho a la libre determinaci\u00f3n<\/strong>&nbsp;de los pueblos ind\u00edgenas. La Oficina expres\u00f3 sus condolencias a la&nbsp;<strong>familia<\/strong>&nbsp;y&nbsp;<strong>amistades<\/strong>&nbsp;de las tres personas fallecidas.<\/p>\n\n\n\n<p><strong>Gobierno poblano omiti\u00f3 la recomendaci\u00f3n de la CNDH<\/strong><\/p>\n\n\n\n<p>Tras la detenci\u00f3n por parte de la poblaci\u00f3n, de cuatro personas que intentaron ingresar a&nbsp;<strong>Coyomeapan<\/strong>&nbsp;con la presunta intenci\u00f3n de asesinar a&nbsp;<strong>11 l\u00edderes ind\u00edgenas,&nbsp;<\/strong>en diciembre del 2021, la&nbsp;<strong>CNDH<\/strong>&nbsp;solicit\u00f3 medidas cautelares al gobierno de Puebla para la&nbsp;<strong>protecci\u00f3n<\/strong>&nbsp;de esta comunidad, sin embargo, 5 meses despu\u00e9s se registr\u00f3 el&nbsp;<strong>homicidio<\/strong>&nbsp;de tres personas.<\/p>\n\n\n\n<p>Aunque los pobladores solicitaron la\u00a0<strong>intervenci\u00f3n<\/strong>\u00a0del gobierno de Puebla que encabeza\u00a0<strong>Luis Miguel Barbosa Huerta<\/strong>, es hasta ahora, casi un a\u00f1o despu\u00e9s de que inici\u00f3 el\u00a0<strong>conflicto<\/strong>, que se ha pronunciado al respecto en sus\u00a0<strong>conferencias matutinas.<\/strong><\/p>\n\n\n\n<p>Pero de diciembre a mayo omiti\u00f3 las medidas de protecci\u00f3n que la Comisi\u00f3n Nacional de los Derechos Humanos (CNDH) solicit\u00f3 a autoridades del&nbsp;<strong>gobierno poblano<\/strong>&nbsp;y al comandante de la&nbsp;<strong>Guardia Nacional<\/strong>&nbsp;en esa entidad, para salvaguardar la seguridad, vida e integridad personal de los pobladores del municipio de&nbsp;<strong>Coyomeapan<\/strong>, debido a que recibieron amenazas de&nbsp;<strong>ataques violentos.<\/strong><\/p>\n\n\n\n<p>Los sucesos iniciaron el 14 de diciembre del 2021, cuando los habitantes del mencionado municipio detuvieron a cuatro&nbsp;<strong>personas armadas que<\/strong>&nbsp;ingresaron a la comunidad con la supuesta intenci\u00f3n de asesinar a 11 defensores ind\u00edgenas, tres de los cuatro detenidos lograron escapar, quedando una persona bajo&nbsp;<strong>custodia<\/strong>&nbsp;de los pobladores.<\/p>\n\n\n\n<p>Habitantes del municipio recibieron amenazas, telef\u00f3nicas de la persona detenida, en las que se asegura que, de no liberar a la persona armada volver\u00e1n \u00aba terminar el trabajo para el que fueron contratados\u00bb, motivando con ello que el colectivo nacional \u00ab<strong>Alerta Temprana de Periodistas y Defensores de Derechos Humanos<\/strong>\u00bb solicitara la intervenci\u00f3n de este Organismo Aut\u00f3nomo, a trav\u00e9s de un escrito de queja.<\/p>\n\n\n\n<p>Fuente: https:\/\/www.e-consulta.com\/nota\/2022-06-01\/seguridad\/alerta-onu-que-hubo-ejecuciones-en-coyomeapan-y-exige-justicia<\/p>\n","protected":false},"excerpt":{"rendered":"<p>El Alto Comisionado para los Derechos Humanos denunci\u00f3 que en Coyomeapan, hubo uso excesivo de la fuerza por parte de [&hellip;]<\/p>\n","protected":false},"author":1,"featured_media":29117,"comment_status":"open","ping_status":"open","sticky":false,"template":"","format":"standard","meta":{"site-sidebar-layout":"default","site-content-layout":"","ast-site-content-layout":"default","site-content-style":"default","site-sidebar-style":"default","ast-global-header-display":"","ast-banner-title-visibility":"","ast-main-header-display":"","ast-hfb-above-header-display":"","ast-hfb-below-header-display":"","ast-hfb-mobile-header-display":"","site-post-title":"","ast-breadcrumbs-content":"","ast-featured-img":"","footer-sml-layout":"","theme-transparent-header-meta":"","adv-header-id-meta":"","stick-header-meta":"","header-above-stick-meta":"","header-main-stick-meta":"","header-below-stick-meta":"","astra-migrate-meta-layouts":"default","ast-page-background-enabled":"default","ast-page-background-meta":{"desktop":{"background-color":"var(--ast-global-color-4)","background-image":"","background-repeat":"repeat","background-position":"center center","background-size":"auto","background-attachment":"scroll","background-type":"","background-media":"","overlay-type":"","overlay-color":"","overlay-opacity":"","overlay-gradient":""},"tablet":{"background-color":"","background-image":"","background-repeat":"repeat","background-position":"center center","background-size":"auto","background-attachment":"scroll","background-type":"","background-media":"","overlay-type":"","overlay-color":"","overlay-opacity":"","overlay-gradient":""},"mobile":{"background-color":"","background-image":"","background-repeat":"repeat","background-position":"center center","background-size":"auto","background-attachment":"scroll","background-type":"","background-media":"","overlay-type":"","overlay-color":"","overlay-opacity":"","overlay-gradient":""}},"ast-content-background-meta":{"desktop":{"background-color":"var(--ast-global-color-5)","background-image":"","background-repeat":"repeat","background-position":"center center","background-size":"auto","background-attachment":"scroll","background-type":"","background-media":"","overlay-type":"","overlay-color":"","overlay-opacity":"","overlay-gradient":""},"tablet":{"background-color":"var(--ast-global-color-5)","background-image":"","background-repeat":"repeat","background-position":"center center","background-size":"auto","background-attachment":"scroll","background-type":"","background-media":"","overlay-type":"","overlay-color":"","overlay-opacity":"","overlay-gradient":""},"mobile":{"background-color":"var(--ast-global-color-5)","background-image":"","background-repeat":"repeat","background-position":"center center","background-size":"auto","background-attachment":"scroll","background-type":"","background-media":"","overlay-type":"","overlay-color":"","overlay-opacity":"","overlay-gradient":""}},"footnotes":""},"categories":[8],"tags":[4868,10553,10552],"class_list":["post-29116","post","type-post","status-publish","format-standard","has-post-thumbnail","hentry","category-noticias","tag-coyomeapan","tag-ejecuciones-extrajudiciales","tag-onu-dh"],"_links":{"self":[{"href":"https:\/\/losperiodistas.com.mx\/portal\/wp-json\/wp\/v2\/posts\/29116","targetHints":{"allow":["GET"]}}],"collection":[{"href":"https:\/\/losperiodistas.com.mx\/portal\/wp-json\/wp\/v2\/posts"}],"about":[{"href":"https:\/\/losperiodistas.com.mx\/portal\/wp-json\/wp\/v2\/types\/post"}],"author":[{"embeddable":true,"href":"https:\/\/losperiodistas.com.mx\/portal\/wp-json\/wp\/v2\/users\/1"}],"replies":[{"embeddable":true,"href":"https:\/\/losperiodistas.com.mx\/portal\/wp-json\/wp\/v2\/comments?post=29116"}],"version-history":[{"count":1,"href":"https:\/\/losperiodistas.com.mx\/portal\/wp-json\/wp\/v2\/posts\/29116\/revisions"}],"predecessor-version":[{"id":29118,"href":"https:\/\/losperiodistas.com.mx\/portal\/wp-json\/wp\/v2\/posts\/29116\/revisions\/29118"}],"wp:featuredmedia":[{"embeddable":true,"href":"https:\/\/losperiodistas.com.mx\/portal\/wp-json\/wp\/v2\/media\/29117"}],"wp:attachment":[{"href":"https:\/\/losperiodistas.com.mx\/portal\/wp-json\/wp\/v2\/media?parent=29116"}],"wp:term":[{"taxonomy":"category","embeddable":true,"href":"https:\/\/losperiodistas.com.mx\/portal\/wp-json\/wp\/v2\/categories?post=29116"},{"taxonomy":"post_tag","embeddable":true,"href":"https:\/\/losperiodistas.com.mx\/portal\/wp-json\/wp\/v2\/tags?post=29116"}],"curies":[{"name":"wp","href":"https:\/\/api.w.org\/{rel}","templated":true}]}}