{"id":29101,"date":"2022-06-01T16:41:40","date_gmt":"2022-06-01T21:41:40","guid":{"rendered":"http:\/\/losperiodistas.com.mx\/portal\/?p=29101"},"modified":"2022-06-02T05:28:22","modified_gmt":"2022-06-02T10:28:22","slug":"la-embestida-de-los-ultraprocesados-en-la-salud","status":"publish","type":"post","link":"https:\/\/losperiodistas.com.mx\/portal\/la-embestida-de-los-ultraprocesados-en-la-salud\/","title":{"rendered":"La embestida de los ultraprocesados en la salud"},"content":{"rendered":"\n<p><\/p>\n\n\n\n<p><\/p>\n\n\n\n<p class=\"has-vivid-cyan-blue-color has-text-color\" style=\"font-size:26px\"><strong><em>Por Fernando Manzanilla Prieto<\/em><\/strong><\/p>\n\n\n\n<p>Comer es uno de los grandes placeres del mundo. Es una actividad que se disfruta por la amplia variedad de la gastronom\u00eda, pero tambi\u00e9n es una necesidad ya que es a trav\u00e9s de \u00e9sta que el cuerpo obtiene los nutrimentos necesarios para su correcto funcionamiento.<\/p>\n\n\n\n<p>Es por ello que el comer para el ser humano se convierte en algo vital, pues m\u00e1s all\u00e1 de la cantidad, est\u00e1 supeditado a la calidad de los alimentos, debido al impacto que estos tienen en el organismo y por ende en la salud.<\/p>\n\n\n\n<p>Desafortunadamente, en la actualidad, el mundo se encuentra en alerta por la embestida que la llamada \u201ccomida chatarra\u201d est\u00e1 teniendo en el ser humano, un ataque que merma su salud y su calidad de vida.<\/p>\n\n\n\n<p>De acuerdo a la <em>Encyclopedia of Junk and Fast Food<\/em>, la comida chatarra es una denominaci\u00f3n del argot para los alimentos con valor nutricional limitado. Por lo general, ofrecen poco en t\u00e9rminos de prote\u00ednas, vitaminas o minerales y en cambio aportan una gran cantidad de calor\u00edas de az\u00facar o grasa, lo que se ha denominado con el t\u00e9rmino de \u201ccalor\u00edas vac\u00edas\u201d.<\/p>\n\n\n\n<p>Los alimentos chatarra tienen un alto contenido de sal, az\u00facar, grasas o calor\u00edas, as\u00ed como un bajo contenido de otros nutrientes. Dentro de estas comidas chatarra se encuentran los snacks salados, golosinas, goma de mascar, los postres dulces, la comida frita y las bebidas azucaradas.<\/p>\n\n\n\n<p>Dentro del sistema NOVA, aplicado por la Organizaci\u00f3n Panamericana de la Salud (OPS), el cual clasifica los alimentos seg\u00fan la naturaleza, la finalidad y el grado de procesamiento, se podr\u00eda decir que la comida chatarra es parte de los productos denominados como \u201cultraprocesados\u201d.<\/p>\n\n\n\n<p>Estos son formulaciones industriales fabricadas \u00edntegra o mayormente con sustancias extra\u00eddas de alimentos (aceites, grasas, az\u00facar, almid\u00f3n, prote\u00ednas), derivadas de constituyentes de alimentos (grasas hidrogenadas, almid\u00f3n modificado) o sintetizadas en laboratorios a partir de materias org\u00e1nicas como petr\u00f3leo y carb\u00f3n (colorantes, aromatizantes, resaltadores de sabor y diversos tipos de aditivos usados para dotar a los productos de propiedades sensoriales atractivas).<\/p>\n\n\n\n<p>Un informe de la propia OPS revela que la venta per c\u00e1pita de los productos ultraprocesados ha ido creciendo r\u00e1pidamente en Am\u00e9rica Latina. Tan s\u00f3lo entre el 2000 y el 2013, crecieron 26.7% en Argentina, Bolivia, Brasil, Chile, Colombia, Costa Rica, Rep\u00fablica Dominicana, Ecuador, Guatemala, M\u00e9xico, Per\u00fa, Uruguay y Venezuela.<\/p>\n\n\n\n<p>De acuerdo a la OPS la venta de bebidas azucaradas y productos ultraprocesados en M\u00e9xico es la m\u00e1s alta en toda Am\u00e9rica Latina, con una venta de 214 kg. de productos y bebidas per c\u00e1pita, casi el doble del promedio de la regi\u00f3n, lo que lo coloca a nuestro pa\u00eds en el cuarto esca\u00f1o a nivel mundial en estas categor\u00edas.<\/p>\n\n\n\n<p>Asimismo, en las \u00faltimas tres d\u00e9cadas, el consumo de ultraprocesados en el pa\u00eds se ha duplicado, por lo que casi un tercio de la ingesta diaria de energ\u00eda de los mexicanos proviene de estos productos, con lo cual incluso se ha reemplazado el de alimentos tradicionales.<\/p>\n\n\n\n<p>Este consumo se ha asociado con el aumento del peso corporal, lo que indica que estos productos son un impulsor de las crecientes tasas de sobrepeso y obesidad en la Regi\u00f3n.<\/p>\n\n\n\n<p>La Organizaci\u00f3n Mundial de la Salud (OMS) confirma que el consumo frecuente de productos ultraprocesados aumenta el riesgo de sobrepeso, obesidad, diabetes tipo 2, enfermedades cardiovasculares y algunos tipos de c\u00e1ncer.<\/p>\n\n\n\n<p>Cabe destacar que se estima que actualmente en el mundo hay 2 mil millones de personas con sobrepeso u obesidad y los m\u00e9dicos vaticinan que para 2030 la mitad de la poblaci\u00f3n mundial tendr\u00e1 estos padecimientos.<\/p>\n\n\n\n<p>Sin embargo, es muy importante tener presente que no s\u00f3lo se trata del f\u00edsico o la figura de las personas, ya que la obesidad disminuye la calidad de vida y es un grave problema de salud p\u00fablica que est\u00e1 provocando un r\u00e1pido aumento de la diabetes, las enfermedades cardiovasculares y el c\u00e1ncer.<\/p>\n\n\n\n<p>Es as\u00ed que no extra\u00f1a saber que m\u00e1s del 75% de los mexicanos adultos padezcan de sobrepeso u obesidad y que en el 2020 las enfermedades del coraz\u00f3n, relacionadas a la mala alimentaci\u00f3n, fueron la principal causa de muerte en la poblaci\u00f3n con 218 mil 704 p\u00e9rdidas.<\/p>\n\n\n\n<p>Aunado a ello, los productos ultraprocesados generan graves impactos en el medio ambiente, desde su producci\u00f3n hasta su desecho, ya que para su distribuci\u00f3n y venta utilizan botellas, empaques y envolturas pl\u00e1sticas, la mayor\u00eda de un s\u00f3lo uso.<\/p>\n\n\n\n<p>Hoy, m\u00e1s que nunca, necesitamos hacer consciencia sobre qu\u00e9 es lo que le estamos dando a nuestro cuerpo, as\u00ed como al de nuestras familias. Necesitamos preocuparnos de ello, pero sobre todo ocuparnos de que los alimentos que recibimos realmente nutran y fortalezcan nuestro organismo.<\/p>\n\n\n\n<p>Tras la pandemia por COVID-19 a todos nos queda clara la importancia de cuidar la salud. No echemos en saco roto estas cifras y hagamos lo que corresponde para cuidar nuestra alimentaci\u00f3n, que m\u00e1s all\u00e1 de comida, se trata de calidad de vida.<\/p>\n","protected":false},"excerpt":{"rendered":"<p>Por Fernando Manzanilla Prieto Comer es uno de los grandes placeres del mundo. Es una actividad que se disfruta por [&hellip;]<\/p>\n","protected":false},"author":1,"featured_media":29102,"comment_status":"open","ping_status":"open","sticky":false,"template":"","format":"standard","meta":{"site-sidebar-layout":"default","site-content-layout":"","ast-site-content-layout":"default","site-content-style":"default","site-sidebar-style":"default","ast-global-header-display":"","ast-banner-title-visibility":"","ast-main-header-display":"","ast-hfb-above-header-display":"","ast-hfb-below-header-display":"","ast-hfb-mobile-header-display":"","site-post-title":"","ast-breadcrumbs-content":"","ast-featured-img":"","footer-sml-layout":"","theme-transparent-header-meta":"","adv-header-id-meta":"","stick-header-meta":"","header-above-stick-meta":"","header-main-stick-meta":"","header-below-stick-meta":"","astra-migrate-meta-layouts":"default","ast-page-background-enabled":"default","ast-page-background-meta":{"desktop":{"background-color":"var(--ast-global-color-4)","background-image":"","background-repeat":"repeat","background-position":"center center","background-size":"auto","background-attachment":"scroll","background-type":"","background-media":"","overlay-type":"","overlay-color":"","overlay-opacity":"","overlay-gradient":""},"tablet":{"background-color":"","background-image":"","background-repeat":"repeat","background-position":"center center","background-size":"auto","background-attachment":"scroll","background-type":"","background-media":"","overlay-type":"","overlay-color":"","overlay-opacity":"","overlay-gradient":""},"mobile":{"background-color":"","background-image":"","background-repeat":"repeat","background-position":"center center","background-size":"auto","background-attachment":"scroll","background-type":"","background-media":"","overlay-type":"","overlay-color":"","overlay-opacity":"","overlay-gradient":""}},"ast-content-background-meta":{"desktop":{"background-color":"var(--ast-global-color-5)","background-image":"","background-repeat":"repeat","background-position":"center center","background-size":"auto","background-attachment":"scroll","background-type":"","background-media":"","overlay-type":"","overlay-color":"","overlay-opacity":"","overlay-gradient":""},"tablet":{"background-color":"var(--ast-global-color-5)","background-image":"","background-repeat":"repeat","background-position":"center center","background-size":"auto","background-attachment":"scroll","background-type":"","background-media":"","overlay-type":"","overlay-color":"","overlay-opacity":"","overlay-gradient":""},"mobile":{"background-color":"var(--ast-global-color-5)","background-image":"","background-repeat":"repeat","background-position":"center center","background-size":"auto","background-attachment":"scroll","background-type":"","background-media":"","overlay-type":"","overlay-color":"","overlay-opacity":"","overlay-gradient":""}},"footnotes":""},"categories":[24,8],"tags":[3706,10550,10551],"class_list":["post-29101","post","type-post","status-publish","format-standard","has-post-thumbnail","hentry","category-fernando-manzanilla","category-noticias","tag-alimentacion","tag-fast-food","tag-ultraprocesados"],"_links":{"self":[{"href":"https:\/\/losperiodistas.com.mx\/portal\/wp-json\/wp\/v2\/posts\/29101","targetHints":{"allow":["GET"]}}],"collection":[{"href":"https:\/\/losperiodistas.com.mx\/portal\/wp-json\/wp\/v2\/posts"}],"about":[{"href":"https:\/\/losperiodistas.com.mx\/portal\/wp-json\/wp\/v2\/types\/post"}],"author":[{"embeddable":true,"href":"https:\/\/losperiodistas.com.mx\/portal\/wp-json\/wp\/v2\/users\/1"}],"replies":[{"embeddable":true,"href":"https:\/\/losperiodistas.com.mx\/portal\/wp-json\/wp\/v2\/comments?post=29101"}],"version-history":[{"count":2,"href":"https:\/\/losperiodistas.com.mx\/portal\/wp-json\/wp\/v2\/posts\/29101\/revisions"}],"predecessor-version":[{"id":29115,"href":"https:\/\/losperiodistas.com.mx\/portal\/wp-json\/wp\/v2\/posts\/29101\/revisions\/29115"}],"wp:featuredmedia":[{"embeddable":true,"href":"https:\/\/losperiodistas.com.mx\/portal\/wp-json\/wp\/v2\/media\/29102"}],"wp:attachment":[{"href":"https:\/\/losperiodistas.com.mx\/portal\/wp-json\/wp\/v2\/media?parent=29101"}],"wp:term":[{"taxonomy":"category","embeddable":true,"href":"https:\/\/losperiodistas.com.mx\/portal\/wp-json\/wp\/v2\/categories?post=29101"},{"taxonomy":"post_tag","embeddable":true,"href":"https:\/\/losperiodistas.com.mx\/portal\/wp-json\/wp\/v2\/tags?post=29101"}],"curies":[{"name":"wp","href":"https:\/\/api.w.org\/{rel}","templated":true}]}}