{"id":29083,"date":"2022-06-01T10:17:51","date_gmt":"2022-06-01T15:17:51","guid":{"rendered":"http:\/\/losperiodistas.com.mx\/portal\/?p=29083"},"modified":"2022-06-01T10:17:53","modified_gmt":"2022-06-01T15:17:53","slug":"ayuntamiento-de-puebla-brinda-4-mil-consultas-medicas-a-hogares-poblanos","status":"publish","type":"post","link":"https:\/\/losperiodistas.com.mx\/portal\/ayuntamiento-de-puebla-brinda-4-mil-consultas-medicas-a-hogares-poblanos\/","title":{"rendered":"Ayuntamiento de Puebla brinda 4 mil consultas m\u00e9dicas a hogares poblanos"},"content":{"rendered":"\n<p><em>Derivado de esta estrategia se han entregado m\u00e1s de cinco mil medicamentos y afiliado m\u00e1s de cuatro mil adultos mayores y personas con discapacidad.<\/em><\/p>\n\n\n\n<p><\/p>\n\n\n\n<figure class=\"wp-block-image size-large\"><img fetchpriority=\"high\" decoding=\"async\" width=\"1024\" height=\"682\" src=\"https:\/\/losperiodistas.com.mx\/portal\/wp-content\/uploads\/2022\/06\/WhatsApp-Image-2022-06-01-at-10.07.15-AM-1024x682.jpeg\" alt=\"\" class=\"wp-image-29090\" srcset=\"https:\/\/losperiodistas.com.mx\/portal\/wp-content\/uploads\/2022\/06\/WhatsApp-Image-2022-06-01-at-10.07.15-AM-1024x682.jpeg 1024w, https:\/\/losperiodistas.com.mx\/portal\/wp-content\/uploads\/2022\/06\/WhatsApp-Image-2022-06-01-at-10.07.15-AM-300x200.jpeg 300w, https:\/\/losperiodistas.com.mx\/portal\/wp-content\/uploads\/2022\/06\/WhatsApp-Image-2022-06-01-at-10.07.15-AM-768x512.jpeg 768w, https:\/\/losperiodistas.com.mx\/portal\/wp-content\/uploads\/2022\/06\/WhatsApp-Image-2022-06-01-at-10.07.15-AM.jpeg 1280w\" sizes=\"(max-width: 1024px) 100vw, 1024px\" \/><figcaption>Ayuntamiento Puebla<\/figcaption><\/figure>\n\n\n\n<p><\/p>\n\n\n\n<p class=\"has-vivid-cyan-blue-color has-text-color has-medium-font-size\">REDACCI\u00d3N<\/p>\n\n\n\n<p>M\u00e9dico Contigo sigue llevando atenci\u00f3n gratuita a los hogares que m\u00e1s lo necesitan, como en la Inspector\u00eda de San Miguel Espejo, donde Reina Luna recibi\u00f3 la consulta n\u00famero cuatro mil de este programa, as\u00ed como una silla de ruedas para mejorar su calidad de vida, de manos de Eduardo Rivera P\u00e9rez, Presidente Municipal de Puebla.<\/p>\n\n\n\n<p>Esta visita a su casa por parte del equipo de doctores del Sistema Municipal DIF tambi\u00e9n enmarca la entrega de cinco mil medicamentos que se ha brindado a la ciudadan\u00eda desde el comienzo de esta iniciativa el pasado mes de enero, as\u00ed como la afiliaci\u00f3n de m\u00e1s de cuatro mil adultos mayores y personas con discapacidad que tratan sus enfermedades, sin la necesidad de salir de su domicilio, detall\u00f3 en el alcalde, pues el objetivo es precisamente \u00abllegar a todos y cada uno de los rincones del Municipio\u00bb.<\/p>\n\n\n\n<p>Y es que gracias al trabajo en conjunto con las asociaciones de la sociedad civil y la iniciativa privada, el Gobierno Municipal tambi\u00e9n ha logrado sumar esfuerzos en favor del bienestar de las poblanas y poblanos, tal es el caso de C\u00e1ritas Puebla quienes donan medicamento al SMDIF de forma bimestral, as\u00ed como de la Confederaci\u00f3n Regional Obrera Mexicana de Puebla (CROM) quien realiz\u00f3 la donaci\u00f3n de andaderas plegables para adulto, andaderas rollator y sillas de ruedas.<\/p>\n\n\n\n<p>Es a trav\u00e9s de estrategias con sentido humano que se facilita el acceso a la salud p\u00fablica, un esfuerzo que Humberto Aguilar Coronado, Diputado Federal de LXV Legislatura, celebr\u00f3 se ejerza como una responsabilidad social con ciudadanos como Alejandro Contreras Dur\u00e1n, Secretario General de la CROM, quien coincidi\u00f3 que no hay mejor manera de traer beneficios a las poblaciones perif\u00e9ricas que trabajando de manera conjunta por el bienestar de las y los poblanos.<\/p>\n\n\n\n<p>Adem\u00e1s de est\u00e1s acciones, Liliana Ortiz P\u00e9rez, Presidenta Honoraria del SMDIF, comparti\u00f3 que la comunidad de San Miguel Espejo tambi\u00e9n contar\u00e1 el d\u00eda de hoy con una Jornada de Salud y de Servicios Municipales para que las vecinas y vecinos de las zonas aleda\u00f1as puedan tener acceso valoraciones m\u00e9dicas de calidez y calidad, as\u00ed como la atenci\u00f3n cercana a sus necesidades de alumbrado p\u00fablico, chapeo, poda, bienestar animal, entre otras \u00e1reas. Adem\u00e1s, precis\u00f3 que 142 ni\u00f1as y ni\u00f1os reciben acompa\u00f1amiento alimentario a trav\u00e9s del programa de Comedores Escolares y se brinda atenci\u00f3n psicol\u00f3gica a 32 infantes que experimentaron la p\u00e9rdida de un integrante de su c\u00edrculo estudiantil.<\/p>\n\n\n\n<figure class=\"wp-block-image size-large\"><img decoding=\"async\" width=\"1024\" height=\"682\" src=\"https:\/\/losperiodistas.com.mx\/portal\/wp-content\/uploads\/2022\/06\/WhatsApp-Image-2022-06-01-at-10.07.16-AM-1024x682.jpeg\" alt=\"\" class=\"wp-image-29091\" srcset=\"https:\/\/losperiodistas.com.mx\/portal\/wp-content\/uploads\/2022\/06\/WhatsApp-Image-2022-06-01-at-10.07.16-AM-1024x682.jpeg 1024w, https:\/\/losperiodistas.com.mx\/portal\/wp-content\/uploads\/2022\/06\/WhatsApp-Image-2022-06-01-at-10.07.16-AM-300x200.jpeg 300w, https:\/\/losperiodistas.com.mx\/portal\/wp-content\/uploads\/2022\/06\/WhatsApp-Image-2022-06-01-at-10.07.16-AM-768x512.jpeg 768w, https:\/\/losperiodistas.com.mx\/portal\/wp-content\/uploads\/2022\/06\/WhatsApp-Image-2022-06-01-at-10.07.16-AM.jpeg 1280w\" sizes=\"(max-width: 1024px) 100vw, 1024px\" \/><figcaption>Ayuntamiento Puebla<\/figcaption><\/figure>\n\n\n\n<p>Quien as\u00ed lo requiera, puede registrase para recibir atenci\u00f3n gratuita a trav\u00e9s del n\u00famero de WhatsApp 22 17 02 11 63, de 8:00 a 20:00 horas, o en los M\u00f3dulos de Atenci\u00f3n ubicados en la Unidad M\u00e9dica Integral del DIF en San Baltazar Campeche y en el Centro Municipal de Equinoterapia de la 11 Sur, de lunes a viernes de 8:00 a 16:00 horas.<\/p>\n\n\n\n<p>A la consulta cuatro mil tambi\u00e9n asistieron las y los Diputados Carolina Beauregard Mart\u00ednez, Genoveva Huerta Villegas, Mario Riestra Pi\u00f1a, as\u00ed como Gabriela Ruiz Ben\u00edtez, Regidora Presidenta de la Comisi\u00f3n de Salubridad y Asistencia P\u00fablica; .Carolina Morales Garc\u00eda, Directora del Sistema Municipal DIF; y Adri\u00e1n Flores Zepeda, Inspector de San Miguel Espejo.<\/p>\n","protected":false},"excerpt":{"rendered":"<p>Derivado de esta estrategia se han entregado m\u00e1s de cinco mil medicamentos y afiliado m\u00e1s de cuatro mil adultos mayores [&hellip;]<\/p>\n","protected":false},"author":1,"featured_media":29091,"comment_status":"open","ping_status":"open","sticky":false,"template":"","format":"standard","meta":{"site-sidebar-layout":"default","site-content-layout":"","ast-site-content-layout":"default","site-content-style":"default","site-sidebar-style":"default","ast-global-header-display":"","ast-banner-title-visibility":"","ast-main-header-display":"","ast-hfb-above-header-display":"","ast-hfb-below-header-display":"","ast-hfb-mobile-header-display":"","site-post-title":"","ast-breadcrumbs-content":"","ast-featured-img":"","footer-sml-layout":"","theme-transparent-header-meta":"","adv-header-id-meta":"","stick-header-meta":"","header-above-stick-meta":"","header-main-stick-meta":"","header-below-stick-meta":"","astra-migrate-meta-layouts":"default","ast-page-background-enabled":"default","ast-page-background-meta":{"desktop":{"background-color":"var(--ast-global-color-4)","background-image":"","background-repeat":"repeat","background-position":"center center","background-size":"auto","background-attachment":"scroll","background-type":"","background-media":"","overlay-type":"","overlay-color":"","overlay-opacity":"","overlay-gradient":""},"tablet":{"background-color":"","background-image":"","background-repeat":"repeat","background-position":"center center","background-size":"auto","background-attachment":"scroll","background-type":"","background-media":"","overlay-type":"","overlay-color":"","overlay-opacity":"","overlay-gradient":""},"mobile":{"background-color":"","background-image":"","background-repeat":"repeat","background-position":"center center","background-size":"auto","background-attachment":"scroll","background-type":"","background-media":"","overlay-type":"","overlay-color":"","overlay-opacity":"","overlay-gradient":""}},"ast-content-background-meta":{"desktop":{"background-color":"var(--ast-global-color-5)","background-image":"","background-repeat":"repeat","background-position":"center center","background-size":"auto","background-attachment":"scroll","background-type":"","background-media":"","overlay-type":"","overlay-color":"","overlay-opacity":"","overlay-gradient":""},"tablet":{"background-color":"var(--ast-global-color-5)","background-image":"","background-repeat":"repeat","background-position":"center center","background-size":"auto","background-attachment":"scroll","background-type":"","background-media":"","overlay-type":"","overlay-color":"","overlay-opacity":"","overlay-gradient":""},"mobile":{"background-color":"var(--ast-global-color-5)","background-image":"","background-repeat":"repeat","background-position":"center center","background-size":"auto","background-attachment":"scroll","background-type":"","background-media":"","overlay-type":"","overlay-color":"","overlay-opacity":"","overlay-gradient":""}},"footnotes":""},"categories":[8],"tags":[7279,10549,1082],"class_list":["post-29083","post","type-post","status-publish","format-standard","has-post-thumbnail","hentry","category-noticias","tag-contigoyconrumbo","tag-medicocontigo","tag-smdif"],"_links":{"self":[{"href":"https:\/\/losperiodistas.com.mx\/portal\/wp-json\/wp\/v2\/posts\/29083","targetHints":{"allow":["GET"]}}],"collection":[{"href":"https:\/\/losperiodistas.com.mx\/portal\/wp-json\/wp\/v2\/posts"}],"about":[{"href":"https:\/\/losperiodistas.com.mx\/portal\/wp-json\/wp\/v2\/types\/post"}],"author":[{"embeddable":true,"href":"https:\/\/losperiodistas.com.mx\/portal\/wp-json\/wp\/v2\/users\/1"}],"replies":[{"embeddable":true,"href":"https:\/\/losperiodistas.com.mx\/portal\/wp-json\/wp\/v2\/comments?post=29083"}],"version-history":[{"count":1,"href":"https:\/\/losperiodistas.com.mx\/portal\/wp-json\/wp\/v2\/posts\/29083\/revisions"}],"predecessor-version":[{"id":29092,"href":"https:\/\/losperiodistas.com.mx\/portal\/wp-json\/wp\/v2\/posts\/29083\/revisions\/29092"}],"wp:featuredmedia":[{"embeddable":true,"href":"https:\/\/losperiodistas.com.mx\/portal\/wp-json\/wp\/v2\/media\/29091"}],"wp:attachment":[{"href":"https:\/\/losperiodistas.com.mx\/portal\/wp-json\/wp\/v2\/media?parent=29083"}],"wp:term":[{"taxonomy":"category","embeddable":true,"href":"https:\/\/losperiodistas.com.mx\/portal\/wp-json\/wp\/v2\/categories?post=29083"},{"taxonomy":"post_tag","embeddable":true,"href":"https:\/\/losperiodistas.com.mx\/portal\/wp-json\/wp\/v2\/tags?post=29083"}],"curies":[{"name":"wp","href":"https:\/\/api.w.org\/{rel}","templated":true}]}}