{"id":29077,"date":"2022-06-01T08:26:33","date_gmt":"2022-06-01T13:26:33","guid":{"rendered":"http:\/\/losperiodistas.com.mx\/portal\/?p=29077"},"modified":"2022-06-01T08:26:35","modified_gmt":"2022-06-01T13:26:35","slug":"el-invento-que-matara-al-iphone-mas-cerca-que-nunca-que-esperar-de-la-cumbre-de-apple-el-confidencial","status":"publish","type":"post","link":"https:\/\/losperiodistas.com.mx\/portal\/el-invento-que-matara-al-iphone-mas-cerca-que-nunca-que-esperar-de-la-cumbre-de-apple-el-confidencial\/","title":{"rendered":"El invento que &#8216;matar\u00e1&#8217; al iPhone, m\u00e1s cerca que nunca: qu\u00e9 esperar de la cumbre de Apple | El Confidencial"},"content":{"rendered":"\n<p><em>La WWDC sube el tel\u00f3n el pr\u00f3ximo lunes con la esperanza de que Apple arroje luz sobre uno de sus inventos m\u00e1s esperados de los \u00faltimos a\u00f1os: sus Apple Glass. El reto es may\u00fasculo <\/em>para la manzana<\/p>\n\n\n\n<figure class=\"wp-block-image size-large\"><img fetchpriority=\"high\" decoding=\"async\" width=\"1024\" height=\"576\" src=\"https:\/\/losperiodistas.com.mx\/portal\/wp-content\/uploads\/2022\/06\/f.elconfidencial.com_original_86d_fa7_67a_86dfa767ad48fa8e5bc96ae52c620ab4-1024x576.jpg\" alt=\"\" class=\"wp-image-29078\" srcset=\"https:\/\/losperiodistas.com.mx\/portal\/wp-content\/uploads\/2022\/06\/f.elconfidencial.com_original_86d_fa7_67a_86dfa767ad48fa8e5bc96ae52c620ab4-1024x576.jpg 1024w, https:\/\/losperiodistas.com.mx\/portal\/wp-content\/uploads\/2022\/06\/f.elconfidencial.com_original_86d_fa7_67a_86dfa767ad48fa8e5bc96ae52c620ab4-300x169.jpg 300w, https:\/\/losperiodistas.com.mx\/portal\/wp-content\/uploads\/2022\/06\/f.elconfidencial.com_original_86d_fa7_67a_86dfa767ad48fa8e5bc96ae52c620ab4-768x432.jpg 768w, https:\/\/losperiodistas.com.mx\/portal\/wp-content\/uploads\/2022\/06\/f.elconfidencial.com_original_86d_fa7_67a_86dfa767ad48fa8e5bc96ae52c620ab4.jpg 1440w\" sizes=\"(max-width: 1024px) 100vw, 1024px\" \/><figcaption>Foto: Reuters\/D. Ruvic<\/figcaption><\/figure>\n\n\n\n<p class=\"has-vivid-cyan-blue-color has-text-color has-medium-font-size\">MICHAEL MCLOUGHIN \/ EL CONFIDENCIAL<\/p>\n\n\n\n<p><strong>\u00bfC\u00f3mo diferenciar un tel\u00e9fono que cuesta mil y pico euros lanzado en 2021, que uno, del mismo precio, lanzado en 2022?&nbsp;<\/strong>Se pueden introducir cambios en el dise\u00f1o y el aspecto del m\u00f3vil. Seguramente incorporar\u00e1 un nuevo chip y, en el mejor de los casos, algo m\u00e1s de RAM o de almacenamiento interno. Habr\u00e1 mejores sensores en sus c\u00e1maras, que tratar\u00e1n de mejorar las fotos que 12 meses antes ya eran muy buenas. El &#8216;hardware&#8217; de los &#8216;smartphones&#8217; ha alcanzado un nivel de madurez enorme y cada es m\u00e1s dif\u00edcil apreciar realmente los cambios en la parte f\u00edsica de los tel\u00e9fonos.&nbsp;<strong>Esto justifica la importancia de citas como la&nbsp;<a href=\"https:\/\/www.elconfidencial.com\/tecnologia\/2022-03-17\/ipad-air-precio-caracteristicas-precio-opiniones_3391841\/\">WWDC<\/a><\/strong>, la gran cumbre de desarrolladores de&nbsp;<a href=\"https:\/\/www.elconfidencial.com\/tecnologia\/2022-03-17\/ipad-air-precio-caracteristicas-precio-opiniones_3391841\/\">Apple<\/a>, que arranca el pr\u00f3ximo lunes. Los grandes cambios, al menos en el corto plazo, en uno de sus tel\u00e9fonos o tabletas (a excepci\u00f3n de que aparezca un modelo plegable),&nbsp;<strong>pueden venir por el &#8216;software&#8217;.<\/strong><\/p>\n\n\n\n<p>La pr\u00f3xima semana veremos novedades en<strong>&nbsp;iOS, iPadOS, watchOS, macOS&#8230;<\/strong>&nbsp;El evento tiene mucha m\u00e1s miga que otras &#8216;keynotes&#8217;. Pero, a pesar de todo, suele recibir mucha menos atenci\u00f3n que los iPhone o los&nbsp;<a href=\"https:\/\/www.elconfidencial.com\/tecnologia\/2022-03-17\/ipad-air-precio-caracteristicas-precio-opiniones_3391841\/\">iPad<\/a>. Ya lo dice esa norma, no escrita, por supuesto, del sector de la electr\u00f3nica de consumo. Es m\u00e1s f\u00e1cil vender el &#8216;hardware&#8217;. Y todo ello, a pesar de que, a la hora de la verdad, lo que hace realmente singular a los dispositivos de Cupertino es el &#8216;software&#8217;.<\/p>\n\n\n\n<figure class=\"wp-block-image\"><img decoding=\"async\" src=\"https:\/\/images.ecestaticos.com\/h_SIdolJ3Ip4qCi4dOD8iEM-Vw4=\/0x0:2272x1277\/1200x900\/filters:fill(white):format(jpg)\/f.elconfidencial.com%2Foriginal%2F0ee%2F7ef%2F846%2F0ee7ef84625e4f929525e7b7f5fee419.jpg\" alt=\"Foto: Foto: Fran S\u00e1nchez.\"\/><\/figure>\n\n\n\n<p><a href=\"https:\/\/www.elconfidencial.com\/tecnologia\/2022-04-12\/rayban-gafas-facebook-prueba-de-producto_3406853\/\">Llev\u00e9 10 d\u00edas las gafas de Facebook, nadie se enter\u00f3 y eso es algo tan bueno como inquietante<\/a>Michael Mcloughlin<\/p>\n\n\n\n<p>Sin embargo,<strong>&nbsp;la WWDC ha despertado este a\u00f1o un inusitado inter\u00e9s.&nbsp;<\/strong>Entre otras cosas, por la invitaci\u00f3n que suele enviar la compa\u00f1\u00eda a los medios para anunciar la fecha y la hora del evento (pr\u00f3ximo lunes, 6 de junio, a las siete de la tarde) que ha desatado las especulaciones en los mentideros especializados. Especulaciones que apuntan a que se podr\u00edan desvelar bastantes detalles sobre&nbsp;<strong>el invento que &#8216;matar\u00e1&#8217; al iPhone:&nbsp;<a href=\"https:\/\/www.elconfidencial.com\/tecnologia\/novaceno\/2021-05-24\/universo-paralelo-metaverso-corea-gafas-vr-ar_3094239\/\">las lentes de Apple<\/a><\/strong>. En la imagen, en el que se ven varios rostros animados, se ve como uno de los de los personajes tiene unas gafas puestas.<\/p>\n\n\n\n<h2 class=\"wp-block-heading\">Las gafas tendr\u00e1n que esperar<\/h2>\n\n\n\n<p>La rumorolog\u00eda, elevada a ciencia en demasiadas ocasiones cuando se trata de los eventos de los californianos, apuntan a dos dispositivos en la hoja de ruta de la compa\u00f1\u00eda. Por una parte,&nbsp;<strong>un&nbsp;<a href=\"https:\/\/www.elconfidencial.com\/tecnologia\/novaceno\/2021-04-05\/militar-realidad-aumentada-iron-man_3017739\/\">casco de realidad mixta<\/a>, que combinar\u00eda previsiblemente la realidad aumentada y la realidad virtual<\/strong>; y, por otro, unas&nbsp;<a href=\"https:\/\/www.elconfidencial.com\/tecnologia\/2022-03-17\/ray-ban-stories-gafas-inteligentes-meta-espana_3393272\/\">gafas inteligentes,<\/a>&nbsp;entendidas como una montura &#8216;cl\u00e1sica&#8217; embadurnadas de funciones y tecnolog\u00eda.<\/p>\n\n\n\n<p>Es decir,&nbsp;<strong>unas &#8216;Google Glass&#8217; pero firmadas por el fabricante que m\u00e1s dinero sabe hacer vendiendo dispositivos en todo el mundo.<\/strong>&nbsp;En las quinielas hay quien se ha atrevido incluso a aventurar que ambas podr\u00edan ser una realidad comercial el pr\u00f3ximo mes de septiembre. Algo que parece improbable por varios motivos. Uno de ellos, el que poner en circulaci\u00f3n dos categor\u00edas de producto nuevas al mismo tiempo, podr\u00eda ser un disparo en el pie, porque la atenci\u00f3n que generase cada uno de ellos canibalizar\u00eda simplemente al otro. Hay otro motivo mucho m\u00e1s l\u00f3gico: una tecnolog\u00eda est\u00e1 m\u00e1s madura que la otra.<\/p>\n\n\n\n<p>Unas Google Glass firmadas por Apple parece que no llegar\u00e1n antes de 2025<\/p>\n\n\n\n<p>No han sido en absoluto el &#8216;tsunami&#8217; que nos vendieron antes de la pandemia, pero<strong>&nbsp;los cascos de realidad virtual est\u00e1n mejor posicionadas que las gafas inteligentes.<\/strong>&nbsp;Aunque HTC, uno de los que estaban llamados a ser uno de los grandes jugadores del sector, se haya quedado descolgado del pelot\u00f3n de cabeza, hay dos empresas que siguen apostando decididamente por ello.<\/p>\n\n\n\n<p>Una de ellas,&nbsp;<a href=\"https:\/\/www.elconfidencial.com\/empresas\/2022-03-15\/meta-fichara-a-2-000-personas-en-espana-y-doblara-el-tamano-de-sus-oficinas-en-madrid_3392042\/\">Meta<\/a>, la empresa antes conocida como Facebook, que anda perge\u00f1ando un nuevo visor que tome el relevo de las&nbsp;<strong>Oculus Quest y se convierta en una de las piedras angulares de un futuro en el que Mark Zuckerberg&nbsp;<\/strong>ha decidido jug\u00e1rselo al metaverso. Y por otro,&nbsp;<strong>Sony<\/strong>, que se plantea sacar pronto el relevo para su PlayStation VR. M\u00e1s recientemente, y con un impacto m\u00e1s limitado, tambi\u00e9n han puesto sobre la mesa propuestas como&nbsp;<strong>Lenovo o Microsoft.<\/strong><\/p>\n\n\n\n<h2 class=\"wp-block-heading\">Los planes de Meta y de Google<\/h2>\n\n\n\n<p>Las gafas inteligentes, en cambio, parece algo mucho m\u00e1s tierno. Una vez fracasaron las Google Glass, esa industria se convirti\u00f3 pr\u00e1cticamente en un desierto. Aquello qued\u00f3 en manos de un pu\u00f1ado de &#8216;startups&#8217; que fueron trabajando en la sombra, como Nreal. Facebook se ha atrevido a hacer unos primeros pinitos con Rayban para crear unas\u00a0<strong>gafas de sol equipadas con c\u00e1maras y manos libres\u00a0<\/strong>que distan mucho de lo que se puede considerar gafas inteligentes. Sin embargo, hay algo positivo: por fin, uno de estos &#8216;wearables&#8217;, era realmente &#8216;vestible&#8217;. Y abr\u00eda la puerta a unas gafas de realidad aumentada que superen una de las grandes carencias de las Google Glass: que no quedasen marcianas cuando las vest\u00edan.<\/p>\n\n\n\n<figure class=\"wp-block-image size-large\"><img decoding=\"async\" width=\"1024\" height=\"628\" src=\"https:\/\/losperiodistas.com.mx\/portal\/wp-content\/uploads\/2022\/06\/Captura-de-Pantalla-2022-06-01-a-las-8.23.46-1024x628.jpg\" alt=\"\" class=\"wp-image-29081\" srcset=\"https:\/\/losperiodistas.com.mx\/portal\/wp-content\/uploads\/2022\/06\/Captura-de-Pantalla-2022-06-01-a-las-8.23.46-1024x628.jpg 1024w, https:\/\/losperiodistas.com.mx\/portal\/wp-content\/uploads\/2022\/06\/Captura-de-Pantalla-2022-06-01-a-las-8.23.46-300x184.jpg 300w, https:\/\/losperiodistas.com.mx\/portal\/wp-content\/uploads\/2022\/06\/Captura-de-Pantalla-2022-06-01-a-las-8.23.46-768x471.jpg 768w, https:\/\/losperiodistas.com.mx\/portal\/wp-content\/uploads\/2022\/06\/Captura-de-Pantalla-2022-06-01-a-las-8.23.46.jpg 1294w\" sizes=\"(max-width: 1024px) 100vw, 1024px\" \/><\/figure>\n\n\n\n<p>La compa\u00f1\u00eda tiene una hoja de ruta en la que, si no hay contratiempos<strong>, habr\u00e1 lanzamientos de dispositivos de este tipo en 2024, 2026 y 2028<\/strong>. Google tambi\u00e9n parece querer darle una oportunidad al formato despu\u00e9s de los visto en el I\/O, la &#8216;WWDC&#8217; de los de&nbsp;<a href=\"https:\/\/www.elconfidencial.com\/alma-corazon-vida\/2019-05-22\/silicon-valley-google-clase-alta-riqueza-distribucion_2014494\/\">Mountain View<\/a>. Ah\u00ed mostr\u00f3 un video de una montura capaz de leer y traducir texto en tiempo real. El dispositivo, a\u00fan en fase de prototipado, ser\u00eda capaz, adem\u00e1s,<strong>&nbsp;de recoger la conversaci\u00f3n a trav\u00e9s de un micr\u00f3fono y mostrar la transcripci\u00f3n<\/strong>, en el idioma escogido, en la lente, de forma que solo lo viese el usuario.<\/p>\n\n\n\n<p>Esta idea de la pantalla sobre el cristal tambi\u00e9n parece que es lo que anda trabajando Apple. Ah\u00ed veremos notificaciones, indicaciones que enriquezcan nuestro entorno y otras tantas cosas. Pero todo esto tiene que cocinarse a\u00fan tiempo.&nbsp;<strong>Probablemente, hasta 2025.&nbsp;<\/strong>Esa es la fecha que ha dado&nbsp;<a href=\"https:\/\/twitter.com\/mingchikuo?ref_src=twsrc%5Egoogle%7Ctwcamp%5Eserp%7Ctwgr%5Eauthor\" target=\"_blank\" rel=\"noreferrer noopener\">Ming Chi Kuo<\/a>, uno de los analistas m\u00e1s fiables y mayor tasa de acierto en las predicciones sobre Apple, para que esto llegue al mercado.<\/p>\n\n\n\n<h2 class=\"wp-block-heading\">Antes el visor<\/h2>\n\n\n\n<p><a href=\"https:\/\/twitter.com\/mingchikuo?ref_src=twsrc%5Egoogle%7Ctwcamp%5Eserp%7Ctwgr%5Eauthor\" target=\"_blank\" rel=\"noreferrer noopener\">Kuo<\/a>, sin embargo, se\u00f1al\u00f3 que s\u00ed que ver\u00edamos un nuevo dispositivo este a\u00f1o o a finales del pr\u00f3ximo. Un visor al estilo Oculus Quest. Una de las dudas por aclarar es si ser\u00e1 un casco de realidad aumentada, virtual o mixta. La opci\u00f3n que m\u00e1s enteros cobra es esta \u00faltima.<\/p>\n\n\n\n<p>El medio estadounidense &#8216;The Information&#8217; asegur\u00f3 que este dispositivo contar\u00eda con al menos 14 c\u00e1maras repartidas por todo el &#8216;casco&#8217; y que ayudar\u00edan a captar, junto a otros sensores, los movimientos del usuario, pero tambi\u00e9n sus expresiones faciales.\u00a0<strong>Esto reforzar\u00eda la tesis de que Apple pretende utilizar sus &#8216;memojis&#8217;<\/strong>\u00a0(emoticonos que imitan los gestos del usuario en el\u00a0<a href=\"https:\/\/www.elconfidencial.com\/tecnologia\/2022-03-25\/iphone-se-2022-precio-caracteristicas-opiniones_3396385\/\">iPhone<\/a>\u00a0gracias al sensor de profundidad) como avatares para interactuar con otros miembros de la comunidad. Aunque hay poca informaci\u00f3n al respecto, las filtraciones apuntan a que funcionar\u00e1n gracias a un procesador de fabricaci\u00f3n propia, al estilo de los M1.<\/p>\n\n\n\n<figure class=\"wp-block-image size-large\"><img decoding=\"async\" width=\"1024\" height=\"631\" src=\"https:\/\/losperiodistas.com.mx\/portal\/wp-content\/uploads\/2022\/06\/Captura-de-Pantalla-2022-06-01-a-las-8.21.17-1024x631.jpg\" alt=\"\" class=\"wp-image-29080\" srcset=\"https:\/\/losperiodistas.com.mx\/portal\/wp-content\/uploads\/2022\/06\/Captura-de-Pantalla-2022-06-01-a-las-8.21.17-1024x631.jpg 1024w, https:\/\/losperiodistas.com.mx\/portal\/wp-content\/uploads\/2022\/06\/Captura-de-Pantalla-2022-06-01-a-las-8.21.17-300x185.jpg 300w, https:\/\/losperiodistas.com.mx\/portal\/wp-content\/uploads\/2022\/06\/Captura-de-Pantalla-2022-06-01-a-las-8.21.17-768x474.jpg 768w, https:\/\/losperiodistas.com.mx\/portal\/wp-content\/uploads\/2022\/06\/Captura-de-Pantalla-2022-06-01-a-las-8.21.17.jpg 1294w\" sizes=\"(max-width: 1024px) 100vw, 1024px\" \/><\/figure>\n\n\n\n<p>Los rumores no han dejado de sucederse y, por tanto, se han especulado y mucho sobre todo lo que podr\u00eda verse sobre el escenario. El ruido se ha apoderado de los mentideros especializados al filtrarse que una empresa desconoc\u00eda<a href=\"https:\/\/www.applesfera.com\/general\/compania-que-no-existe-ha-registrado-nombre-realityos-demasiadas-coincidencias-apuntan-a-apple-glasses\" target=\"_blank\" rel=\"noreferrer noopener\">, Reality Systems LLC<\/a>, ha presentado supuestos documentos para registrar la marca comercial reality OS en diversos mercados. Tal y como indica el portal especializado, 9to5Mac, el &#8216;modus operandi&#8217; de una sociedad fantasma para salvaguardar sus movimientos ha sido usada por Apple en el pasado. Los indicios de que el anuncio podr\u00eda ser inminente se han completado con la informaci\u00f3n de Mark Gurman, periodista de Bloomberg y uno de los que mejor suele anticipar los movimientos de Cupertino gracias a sus informadores, que aseguraba que&nbsp;<strong>las gafas ya se hab\u00edan presentado al consejo directivo de la compa\u00f1\u00eda,<\/strong>&nbsp;que suele ser uno de los pasos previos a activar toda la maquinaria comercial.<\/p>\n\n\n\n<p>No pocos esperan, por tanto, que&nbsp;<strong>reality OS y, en consecuencia, este visor formen parte del orden del d\u00eda el pr\u00f3ximo lunes<\/strong>. Pero&nbsp;<a href=\"https:\/\/twitter.com\/mingchikuo?ref_src=twsrc%5Egoogle%7Ctwcamp%5Eserp%7Ctwgr%5Eauthor\" target=\"_blank\" rel=\"noreferrer noopener\">Ming Chi Kuo<\/a>&nbsp;ha arrojado, en las \u00faltimas horas, un peque\u00f1o jarro de agua fr\u00eda sobre estas expectativas. El analista cree que Apple esperar\u00e1 a tener m\u00e1s maduro el producto para dar cualquier tipo de detalle sobre ello en p\u00fablico, porque hacerlo de forma prematura dar\u00eda m\u00e1s margen a los competidores para preparar alternativas y propuestas antes de un lanzamiento que sit\u00faa en 2023.<\/p>\n\n\n\n<p>Obviamente, presentar esta versi\u00f3n del\u00a0<strong>sistema operativo en una &#8216;keynote&#8217; les obligar\u00eda a desvelar ciertos datos clave<\/strong>\u00a0y poner en manos de los desarrolladores informaci\u00f3n que puede ser muy valiosa para la competencia. Y no hay que olvidar que, tecnol\u00f3gicamente, las Apple Glass, el Apple Visor o como tengan a bien llamar a estos inventos son probablemente uno de los grandes retos que se le presenta a la manzana para su futuro a medio y largo plazo. Probablemente, porque &#8216;maten&#8217; o &#8216;desplacen&#8217; al iPhone como estandarte de la innovaci\u00f3n de Apple, algo que ha ocurrido desde hace m\u00e1s de una d\u00e9cada.<\/p>\n\n\n\n<figure class=\"wp-block-image size-large\"><img loading=\"lazy\" decoding=\"async\" width=\"1024\" height=\"633\" src=\"https:\/\/losperiodistas.com.mx\/portal\/wp-content\/uploads\/2022\/06\/Captura-de-Pantalla-2022-06-01-a-las-8.20.30-1024x633.jpg\" alt=\"\" class=\"wp-image-29079\" srcset=\"https:\/\/losperiodistas.com.mx\/portal\/wp-content\/uploads\/2022\/06\/Captura-de-Pantalla-2022-06-01-a-las-8.20.30-1024x633.jpg 1024w, https:\/\/losperiodistas.com.mx\/portal\/wp-content\/uploads\/2022\/06\/Captura-de-Pantalla-2022-06-01-a-las-8.20.30-300x186.jpg 300w, https:\/\/losperiodistas.com.mx\/portal\/wp-content\/uploads\/2022\/06\/Captura-de-Pantalla-2022-06-01-a-las-8.20.30-768x475.jpg 768w, https:\/\/losperiodistas.com.mx\/portal\/wp-content\/uploads\/2022\/06\/Captura-de-Pantalla-2022-06-01-a-las-8.20.30.jpg 1284w\" sizes=\"(max-width: 1024px) 100vw, 1024px\" \/><\/figure>\n\n\n\n<p>El tel\u00e9fono m\u00e1s conocido del planeta sirvi\u00f3 a la compa\u00f1\u00eda para demostrar sus habilidades como fabricante de tel\u00e9fonos, pero tambi\u00e9n le sirvi\u00f3 para innovar y crear la base de una<strong>&nbsp;econom\u00eda de &#8216;apps&#8217; que ha acabado gobernando el mercado.<\/strong><\/p>\n\n\n\n<p>Los iPhone y\u00a0<a href=\"https:\/\/www.elconfidencial.com\/tecnologia\/2022-03-17\/ipad-air-precio-caracteristicas-precio-opiniones_3391841\/\">luego los iPad<\/a>\u00a0le sirvieron como pista de pruebas para ensayar con el dise\u00f1o de sus propios chips, consiguiendo emanciparse de Intel en los Mac y manejando su propia barca en lo que se refiere a procesadores. Por eso, estos desarrollos se antojan clave para que Apple sepa, una vez m\u00e1s, capitalizar y marcar el ritmo de una industria ya madura. El tel\u00e9fono, aunque no son como el agua o el gas, est\u00e1 cerca de convertirse en una &#8216;utility&#8217;. Y toca buscar nuevos negocios, no solo con los servicios, sino con el &#8216;hardware&#8217; que, al fin y al cabo, es lo que m\u00e1s ingresos reporta a sus cuentas. Y<strong>\u00a0la manzana se juega seguir siendo quien capitaliza la que muchos apuntan como la pr\u00f3xima gran revoluci\u00f3n tecnol\u00f3gica.<\/strong><\/p>\n\n\n\n<p>Fuente: https:\/\/www.elconfidencial.com\/tecnologia\/2022-06-01\/wwdc-apple-glass-iphone-ios-novedades_3433884\/<\/p>\n","protected":false},"excerpt":{"rendered":"<p>La WWDC sube el tel\u00f3n el pr\u00f3ximo lunes con la esperanza de que Apple arroje luz sobre uno de sus [&hellip;]<\/p>\n","protected":false},"author":1,"featured_media":29078,"comment_status":"open","ping_status":"open","sticky":false,"template":"","format":"standard","meta":{"site-sidebar-layout":"default","site-content-layout":"","ast-site-content-layout":"default","site-content-style":"default","site-sidebar-style":"default","ast-global-header-display":"","ast-banner-title-visibility":"","ast-main-header-display":"","ast-hfb-above-header-display":"","ast-hfb-below-header-display":"","ast-hfb-mobile-header-display":"","site-post-title":"","ast-breadcrumbs-content":"","ast-featured-img":"","footer-sml-layout":"","theme-transparent-header-meta":"","adv-header-id-meta":"","stick-header-meta":"","header-above-stick-meta":"","header-main-stick-meta":"","header-below-stick-meta":"","astra-migrate-meta-layouts":"default","ast-page-background-enabled":"default","ast-page-background-meta":{"desktop":{"background-color":"var(--ast-global-color-4)","background-image":"","background-repeat":"repeat","background-position":"center center","background-size":"auto","background-attachment":"scroll","background-type":"","background-media":"","overlay-type":"","overlay-color":"","overlay-opacity":"","overlay-gradient":""},"tablet":{"background-color":"","background-image":"","background-repeat":"repeat","background-position":"center center","background-size":"auto","background-attachment":"scroll","background-type":"","background-media":"","overlay-type":"","overlay-color":"","overlay-opacity":"","overlay-gradient":""},"mobile":{"background-color":"","background-image":"","background-repeat":"repeat","background-position":"center center","background-size":"auto","background-attachment":"scroll","background-type":"","background-media":"","overlay-type":"","overlay-color":"","overlay-opacity":"","overlay-gradient":""}},"ast-content-background-meta":{"desktop":{"background-color":"var(--ast-global-color-5)","background-image":"","background-repeat":"repeat","background-position":"center center","background-size":"auto","background-attachment":"scroll","background-type":"","background-media":"","overlay-type":"","overlay-color":"","overlay-opacity":"","overlay-gradient":""},"tablet":{"background-color":"var(--ast-global-color-5)","background-image":"","background-repeat":"repeat","background-position":"center center","background-size":"auto","background-attachment":"scroll","background-type":"","background-media":"","overlay-type":"","overlay-color":"","overlay-opacity":"","overlay-gradient":""},"mobile":{"background-color":"var(--ast-global-color-5)","background-image":"","background-repeat":"repeat","background-position":"center center","background-size":"auto","background-attachment":"scroll","background-type":"","background-media":"","overlay-type":"","overlay-color":"","overlay-opacity":"","overlay-gradient":""}},"footnotes":""},"categories":[8],"tags":[4352,5128,5040,10548],"class_list":["post-29077","post","type-post","status-publish","format-standard","has-post-thumbnail","hentry","category-noticias","tag-apple","tag-iphone","tag-metaverso","tag-wwdc"],"_links":{"self":[{"href":"https:\/\/losperiodistas.com.mx\/portal\/wp-json\/wp\/v2\/posts\/29077","targetHints":{"allow":["GET"]}}],"collection":[{"href":"https:\/\/losperiodistas.com.mx\/portal\/wp-json\/wp\/v2\/posts"}],"about":[{"href":"https:\/\/losperiodistas.com.mx\/portal\/wp-json\/wp\/v2\/types\/post"}],"author":[{"embeddable":true,"href":"https:\/\/losperiodistas.com.mx\/portal\/wp-json\/wp\/v2\/users\/1"}],"replies":[{"embeddable":true,"href":"https:\/\/losperiodistas.com.mx\/portal\/wp-json\/wp\/v2\/comments?post=29077"}],"version-history":[{"count":1,"href":"https:\/\/losperiodistas.com.mx\/portal\/wp-json\/wp\/v2\/posts\/29077\/revisions"}],"predecessor-version":[{"id":29082,"href":"https:\/\/losperiodistas.com.mx\/portal\/wp-json\/wp\/v2\/posts\/29077\/revisions\/29082"}],"wp:featuredmedia":[{"embeddable":true,"href":"https:\/\/losperiodistas.com.mx\/portal\/wp-json\/wp\/v2\/media\/29078"}],"wp:attachment":[{"href":"https:\/\/losperiodistas.com.mx\/portal\/wp-json\/wp\/v2\/media?parent=29077"}],"wp:term":[{"taxonomy":"category","embeddable":true,"href":"https:\/\/losperiodistas.com.mx\/portal\/wp-json\/wp\/v2\/categories?post=29077"},{"taxonomy":"post_tag","embeddable":true,"href":"https:\/\/losperiodistas.com.mx\/portal\/wp-json\/wp\/v2\/tags?post=29077"}],"curies":[{"name":"wp","href":"https:\/\/api.w.org\/{rel}","templated":true}]}}