{"id":29056,"date":"2022-06-01T09:16:15","date_gmt":"2022-06-01T14:16:15","guid":{"rendered":"http:\/\/losperiodistas.com.mx\/portal\/?p=29056"},"modified":"2022-06-01T06:16:32","modified_gmt":"2022-06-01T11:16:32","slug":"sabias-que-junio-es-el-mes-del-sagrado-corazon-de-jesus-aqui-la-razon-aci","status":"publish","type":"post","link":"https:\/\/losperiodistas.com.mx\/portal\/sabias-que-junio-es-el-mes-del-sagrado-corazon-de-jesus-aqui-la-razon-aci\/","title":{"rendered":"\u00bfSab\u00edas que junio es el mes del Sagrado Coraz\u00f3n de Jes\u00fas? Aqu\u00ed la raz\u00f3n | ACI"},"content":{"rendered":"\n<figure class=\"wp-block-embed is-type-video is-provider-youtube wp-block-embed-youtube wp-embed-aspect-4-3 wp-has-aspect-ratio\"><div class=\"wp-block-embed__wrapper\">\n<iframe title=\"\u00bfPor qu\u00e9 junio es el mes del Sagrado Coraz\u00f3n de Jes\u00fas?\" width=\"500\" height=\"375\" src=\"https:\/\/www.youtube.com\/embed\/2IVvI90ttg0?feature=oembed\" frameborder=\"0\" allow=\"accelerometer; autoplay; clipboard-write; encrypted-media; gyroscope; picture-in-picture; web-share\" referrerpolicy=\"strict-origin-when-cross-origin\" allowfullscreen><\/iframe>\n<\/div><\/figure>\n\n\n\n<p><\/p>\n\n\n\n<p class=\"has-vivid-cyan-blue-color has-text-color has-medium-font-size\">ACI PRENSA<\/p>\n\n\n\n<p>Todos los a\u00f1os, la Iglesia Cat\u00f3lica dedica el&nbsp;<strong>mes de junio al Sagrado Coraz\u00f3n de Jes\u00fas<\/strong>, en el que se recuerda el amor fiel e incondicional de Cristo por la humanidad y se alienta a honrar esta devoci\u00f3n, originada en los inicios del cristianismo.<\/p>\n\n\n\n<p>La devoci\u00f3n al Coraz\u00f3n de Jes\u00fas ha existido desde que los primeros cristianos meditaban sobre el costado y el coraz\u00f3n abierto del Se\u00f1or. Sin embargo, el 16 de junio de 1675 Jes\u00fas se le apareci\u00f3 a una santa para alentar la devoci\u00f3n a su Sagrado Coraz\u00f3n.<\/p>\n\n\n\n<p>Ese d\u00eda, el Hijo de Dios se le apareci\u00f3 en Francia a Santa Margarita Mar\u00eda de Alacoque, religiosa francesa de la Orden de la Visitaci\u00f3n de Santa Mar\u00eda, y le mostr\u00f3 su Coraz\u00f3n.<\/p>\n\n\n\n<p>Seg\u00fan se\u00f1al\u00f3 la santa, el Coraz\u00f3n de Jes\u00fas estaba rodeado de llamas de amor, coronado de espinas y ten\u00eda una herida abierta de la que brotaba sangre, y del interior del mismo sal\u00eda una cruz.<\/p>\n\n\n\n<p>\u201cHe aqu\u00ed el Coraz\u00f3n que tanto ha amado a los hombres, y en cambio, de la mayor parte de los hombres recibo ingratitud, irreverencia y desprecio\u201d, dijo Jes\u00fas a la santa.<\/p>\n\n\n\n<p>El Papa Benedicto XVI afirm\u00f3 que \u201cal ver el Coraz\u00f3n del Se\u00f1or, debemos de mirar el costado traspasado por la lanza, donde resplandece la inagotable voluntad de salvaci\u00f3n por parte de Dios\u201d.<\/p>\n\n\n\n<p>Asimismo, subray\u00f3 que \u201cno puede considerarse culto pasajero o de devoci\u00f3n: la adoraci\u00f3n del amor de Dios, que ha encontrado en el s\u00edmbolo del \u2018coraz\u00f3n traspasado\u2019 su expresi\u00f3n hist\u00f3rico-devocional,&nbsp;<strong>sigue siendo imprescindible para una relaci\u00f3n viva con Dios<\/strong>\u00ab.<\/p>\n\n\n\n<p>Es por eso que en este mes los cat\u00f3licos estamos llamados a demostrar con nuestras obras la devoci\u00f3n a su amoroso Coraz\u00f3n, como una forma de corresponder al gran amor de Jes\u00fas, que muri\u00f3 por nuestra salvaci\u00f3n y se qued\u00f3 en la Eucarist\u00eda para ense\u00f1arnos el camino a la vida eterna.&nbsp;<\/p>\n\n\n\n<p><em><strong>M\u00e1s informaci\u00f3n sobre el Sagrado Coraz\u00f3n de Jes\u00fas:<\/strong><\/em><\/p>\n\n\n\n<ul class=\"wp-block-list\"><li><a href=\"https:\/\/www.aciprensa.com\/recursos\/origen-de-la-devocion-al-corazon-de-jesus-2345\/\">Origen de la devoci\u00f3n al Coraz\u00f3n de Jes\u00fas<\/a><\/li><li><a href=\"https:\/\/www.aciprensa.com\/recursos\/santa-margarita-de-alacoque-propaga-devocion-al-sagrado-corazon-2346\/\">Santa Margarita de Alacoque propaga devoci\u00f3n al Sagrado Coraz\u00f3n<\/a><\/li><li><a href=\"https:\/\/www.aciprensa.com\/recursos\/promesas-del-sagrado-corazon-2347\/\">Promesas del Sagrado Coraz\u00f3n<\/a><\/li><li><a href=\"https:\/\/www.aciprensa.com\/recursos\/la-gran-promesa-la-eucaristia-2348\/\">La gran promesa: La Eucarist\u00eda<\/a><\/li><li><a href=\"https:\/\/www.aciprensa.com\/recursos\/inmaculado-corazon-de-la-virgen-maria-2349\/\">Inmaculado Coraz\u00f3n de la Virgen Mar\u00eda<\/a><\/li><li><a href=\"https:\/\/www.aciprensa.com\/recursos\/teologia-del-sagrado-corazon-2340\/\">Teolog\u00eda del Sagrado Coraz\u00f3n:<\/a><\/li><li><a href=\"https:\/\/www.aciprensa.com\/recursos\/practica-sacramental-2341\/\">Pr\u00e1ctica Sacramental:<\/a><\/li><li><a href=\"https:\/\/www.aciprensa.com\/recursos\/escritos-espirituales-2342\/\">Escritos espirituales:<\/a><\/li><li><a href=\"https:\/\/www.aciprensa.com\/recursos\/oraciones-2343\/\">Oraciones:<\/a><\/li><li><a href=\"https:\/\/www.aciprensa.com\/recursos\/documentos-pontificios-2344\/\">Documentos Pontificios:<\/a><\/li><li><a href=\"https:\/\/www.aciprensa.com\/recursos\/sagrado-corazon-de-jesus-1247\/\"><strong>Especial del Sagrado Coraz\u00f3n de Jes\u00fas<\/strong><\/a><\/li><\/ul>\n\n\n\n<p>Fuente: https:\/\/www.aciprensa.com\/noticias\/celebre-en-junio-el-mes-del-sagrado-corazon-de-jesus<\/p>\n","protected":false},"excerpt":{"rendered":"<p>ACI PRENSA Todos los a\u00f1os, la Iglesia Cat\u00f3lica dedica el&nbsp;mes de junio al Sagrado Coraz\u00f3n de Jes\u00fas, en el que [&hellip;]<\/p>\n","protected":false},"author":1,"featured_media":29057,"comment_status":"open","ping_status":"open","sticky":false,"template":"","format":"standard","meta":{"site-sidebar-layout":"default","site-content-layout":"","ast-site-content-layout":"default","site-content-style":"default","site-sidebar-style":"default","ast-global-header-display":"","ast-banner-title-visibility":"","ast-main-header-display":"","ast-hfb-above-header-display":"","ast-hfb-below-header-display":"","ast-hfb-mobile-header-display":"","site-post-title":"","ast-breadcrumbs-content":"","ast-featured-img":"","footer-sml-layout":"","theme-transparent-header-meta":"","adv-header-id-meta":"","stick-header-meta":"","header-above-stick-meta":"","header-main-stick-meta":"","header-below-stick-meta":"","astra-migrate-meta-layouts":"default","ast-page-background-enabled":"default","ast-page-background-meta":{"desktop":{"background-color":"var(--ast-global-color-4)","background-image":"","background-repeat":"repeat","background-position":"center center","background-size":"auto","background-attachment":"scroll","background-type":"","background-media":"","overlay-type":"","overlay-color":"","overlay-opacity":"","overlay-gradient":""},"tablet":{"background-color":"","background-image":"","background-repeat":"repeat","background-position":"center center","background-size":"auto","background-attachment":"scroll","background-type":"","background-media":"","overlay-type":"","overlay-color":"","overlay-opacity":"","overlay-gradient":""},"mobile":{"background-color":"","background-image":"","background-repeat":"repeat","background-position":"center center","background-size":"auto","background-attachment":"scroll","background-type":"","background-media":"","overlay-type":"","overlay-color":"","overlay-opacity":"","overlay-gradient":""}},"ast-content-background-meta":{"desktop":{"background-color":"var(--ast-global-color-5)","background-image":"","background-repeat":"repeat","background-position":"center center","background-size":"auto","background-attachment":"scroll","background-type":"","background-media":"","overlay-type":"","overlay-color":"","overlay-opacity":"","overlay-gradient":""},"tablet":{"background-color":"var(--ast-global-color-5)","background-image":"","background-repeat":"repeat","background-position":"center center","background-size":"auto","background-attachment":"scroll","background-type":"","background-media":"","overlay-type":"","overlay-color":"","overlay-opacity":"","overlay-gradient":""},"mobile":{"background-color":"var(--ast-global-color-5)","background-image":"","background-repeat":"repeat","background-position":"center center","background-size":"auto","background-attachment":"scroll","background-type":"","background-media":"","overlay-type":"","overlay-color":"","overlay-opacity":"","overlay-gradient":""}},"footnotes":""},"categories":[8],"tags":[10536,7061],"class_list":["post-29056","post","type-post","status-publish","format-standard","has-post-thumbnail","hentry","category-noticias","tag-sagrado-corazon-de-jesus","tag-teologia"],"_links":{"self":[{"href":"https:\/\/losperiodistas.com.mx\/portal\/wp-json\/wp\/v2\/posts\/29056","targetHints":{"allow":["GET"]}}],"collection":[{"href":"https:\/\/losperiodistas.com.mx\/portal\/wp-json\/wp\/v2\/posts"}],"about":[{"href":"https:\/\/losperiodistas.com.mx\/portal\/wp-json\/wp\/v2\/types\/post"}],"author":[{"embeddable":true,"href":"https:\/\/losperiodistas.com.mx\/portal\/wp-json\/wp\/v2\/users\/1"}],"replies":[{"embeddable":true,"href":"https:\/\/losperiodistas.com.mx\/portal\/wp-json\/wp\/v2\/comments?post=29056"}],"version-history":[{"count":1,"href":"https:\/\/losperiodistas.com.mx\/portal\/wp-json\/wp\/v2\/posts\/29056\/revisions"}],"predecessor-version":[{"id":29058,"href":"https:\/\/losperiodistas.com.mx\/portal\/wp-json\/wp\/v2\/posts\/29056\/revisions\/29058"}],"wp:featuredmedia":[{"embeddable":true,"href":"https:\/\/losperiodistas.com.mx\/portal\/wp-json\/wp\/v2\/media\/29057"}],"wp:attachment":[{"href":"https:\/\/losperiodistas.com.mx\/portal\/wp-json\/wp\/v2\/media?parent=29056"}],"wp:term":[{"taxonomy":"category","embeddable":true,"href":"https:\/\/losperiodistas.com.mx\/portal\/wp-json\/wp\/v2\/categories?post=29056"},{"taxonomy":"post_tag","embeddable":true,"href":"https:\/\/losperiodistas.com.mx\/portal\/wp-json\/wp\/v2\/tags?post=29056"}],"curies":[{"name":"wp","href":"https:\/\/api.w.org\/{rel}","templated":true}]}}