{"id":29053,"date":"2022-06-01T06:11:41","date_gmt":"2022-06-01T11:11:41","guid":{"rendered":"http:\/\/losperiodistas.com.mx\/portal\/?p=29053"},"modified":"2022-06-01T06:11:44","modified_gmt":"2022-06-01T11:11:44","slug":"el-papa-que-no-se-use-el-trigo-como-arma-de-guerra-vatican-news","status":"publish","type":"post","link":"https:\/\/losperiodistas.com.mx\/portal\/el-papa-que-no-se-use-el-trigo-como-arma-de-guerra-vatican-news\/","title":{"rendered":"El Papa: \u00a1Que no se use el trigo como arma de guerra! | Vatican News"},"content":{"rendered":"\n<p><em>En la audiencia general del primer mi\u00e9rcoles de junio, el Pont\u00edfice dirigi\u00f3 un apremiante llamamiento para que se resuelva el bloqueo de las exportaciones del trigo de Ucrania, uno de los mayores productores del mundo de este alimento b\u00e1sico y se garantice el derecho humano universal a la ali<\/em>mentaci\u00f3n<\/p>\n\n\n\n<p><\/p>\n\n\n\n<figure class=\"wp-block-embed is-type-video is-provider-youtube wp-block-embed-youtube wp-embed-aspect-16-9 wp-has-aspect-ratio\"><div class=\"wp-block-embed__wrapper\">\n<iframe title=\"El Papa: \u00a1No usen el trigo de Ucrania como arma de guerra!\" width=\"500\" height=\"281\" src=\"https:\/\/www.youtube.com\/embed\/j6tFUEI9ZaE?feature=oembed\" frameborder=\"0\" allow=\"accelerometer; autoplay; clipboard-write; encrypted-media; gyroscope; picture-in-picture; web-share\" referrerpolicy=\"strict-origin-when-cross-origin\" allowfullscreen><\/iframe>\n<\/div><\/figure>\n\n\n\n<p><\/p>\n\n\n\n<p><\/p>\n\n\n\n<p class=\"has-vivid-cyan-blue-color has-text-color has-medium-font-size\">CECILIA MUTUAL \/ VATICAN NEWS<\/p>\n\n\n\n<blockquote class=\"wp-block-quote is-layout-flow wp-block-quote-is-layout-flow\"><p>\u201cEs muy preocupante el bloqueo de las exportaciones de trigo de Ucrania, de las que depende la vida de millones de personas, especialmente de los pa\u00edses m\u00e1s pobres.\u201d<\/p><\/blockquote>\n\n\n\n<p>Un apremiante llamamiento dirigi\u00f3 el Papa Francisco a la comunidad internacional el primer mi\u00e9rcoles de junio, antes de concluir la audiencia general, celebrada en una soleada plaza de San Pedro repleta de fieles. El pensamiento del Pont\u00edfice se dirigi\u00f3 a la dif\u00edcil situaci\u00f3n consecuencia de la guerra que desde hace ya m\u00e1s de tres meses ha crucificado a Ucrania provocando muerte y destrucci\u00f3n y que la ve tambi\u00e9n afectada por la crisis del trigo, bloqueado en los puertos ucranianos,&nbsp; que adquiere cada vez m\u00e1s protagonismo a nivel diplom\u00e1tico. &nbsp;<\/p>\n\n\n\n<blockquote class=\"wp-block-quote is-layout-flow wp-block-quote-is-layout-flow\"><p>\u201cDirijo un apremiante llamamiento para que se hagan todo esfuerzo para resolver esta cuesti\u00f3n y para garantizar el derecho humano universal a la alimentaci\u00f3n. \u00a1Por favor, que no se use el trigo, alimento b\u00e1sico, como arma de guerra!\u201d<\/p><\/blockquote>\n\n\n\n<h2 class=\"wp-block-heading\"><strong>Uno de los principales graneros del mundo<\/strong><\/h2>\n\n\n\n<p>Ucrania est\u00e1 considerada como uno de los principales \u00abgraneros\u00bb del mundo y de sus exportaciones de cereales dependen las necesidades alimentarias de muchos pa\u00edses, especialmente de Europa, Oriente Medio y \u00c1frica.<\/p>\n\n\n\n<p>Es el cuarto exportador mundial de ma\u00edz y el quinto exportador mundial de trigo. De hecho, el pa\u00eds de este europeo transporta, a trav\u00e9s de sus puertos, cerca de 6 millones de toneladas de cereales y granos al mes.<\/p>\n\n\n\n<p>El Programa Mundial de Alimentos de las Naciones Unidas, ha advertido de las terribles consecuencias si no se abren los puertos ucranianos, instando a una \u00absoluci\u00f3n pol\u00edtica\u00bb ya que el cierre de los puertos ucranianos en el Mar Negro contin\u00faa amenazando la provisi\u00f3n de alimentos y millones de vidas en todo el mundo.<\/p>\n\n\n\n<p>Sin esta soluci\u00f3n, la amenaza a la seguridad alimentaria mundial planteada por la guerra en curso resultar\u00e1 en \u201chambruna, desestabilizaci\u00f3n de las naciones, as\u00ed como la migraci\u00f3n masiva por necesidad\u201d, dijo el Director Ejecutivo del WFP, David Beasley. \u2018No abrir esos puertos en el Mar Negro es una declaraci\u00f3n de guerra a la inseguridad alimentaria global\u2019.<\/p>\n\n\n\n<p>En este momento, Ucrania tiene millones de toneladas de cereales bloqueadas en sus silos y carece de m\u00e1s espacio para almacenar los cereales de las pr\u00f3ximas cosechas.<\/p>\n\n\n\n<p>Fuente: https:\/\/www.vaticannews.va\/es\/papa\/news\/2022-06\/papa-francisco-audiencia-general-llamamiento-trigo-arma-guerra.html<\/p>\n","protected":false},"excerpt":{"rendered":"<p>En la audiencia general del primer mi\u00e9rcoles de junio, el Pont\u00edfice dirigi\u00f3 un apremiante llamamiento para que se resuelva el [&hellip;]<\/p>\n","protected":false},"author":1,"featured_media":29054,"comment_status":"open","ping_status":"open","sticky":false,"template":"","format":"standard","meta":{"site-sidebar-layout":"default","site-content-layout":"","ast-site-content-layout":"default","site-content-style":"default","site-sidebar-style":"default","ast-global-header-display":"","ast-banner-title-visibility":"","ast-main-header-display":"","ast-hfb-above-header-display":"","ast-hfb-below-header-display":"","ast-hfb-mobile-header-display":"","site-post-title":"","ast-breadcrumbs-content":"","ast-featured-img":"","footer-sml-layout":"","theme-transparent-header-meta":"","adv-header-id-meta":"","stick-header-meta":"","header-above-stick-meta":"","header-main-stick-meta":"","header-below-stick-meta":"","astra-migrate-meta-layouts":"default","ast-page-background-enabled":"default","ast-page-background-meta":{"desktop":{"background-color":"var(--ast-global-color-4)","background-image":"","background-repeat":"repeat","background-position":"center center","background-size":"auto","background-attachment":"scroll","background-type":"","background-media":"","overlay-type":"","overlay-color":"","overlay-opacity":"","overlay-gradient":""},"tablet":{"background-color":"","background-image":"","background-repeat":"repeat","background-position":"center center","background-size":"auto","background-attachment":"scroll","background-type":"","background-media":"","overlay-type":"","overlay-color":"","overlay-opacity":"","overlay-gradient":""},"mobile":{"background-color":"","background-image":"","background-repeat":"repeat","background-position":"center center","background-size":"auto","background-attachment":"scroll","background-type":"","background-media":"","overlay-type":"","overlay-color":"","overlay-opacity":"","overlay-gradient":""}},"ast-content-background-meta":{"desktop":{"background-color":"var(--ast-global-color-5)","background-image":"","background-repeat":"repeat","background-position":"center center","background-size":"auto","background-attachment":"scroll","background-type":"","background-media":"","overlay-type":"","overlay-color":"","overlay-opacity":"","overlay-gradient":""},"tablet":{"background-color":"var(--ast-global-color-5)","background-image":"","background-repeat":"repeat","background-position":"center center","background-size":"auto","background-attachment":"scroll","background-type":"","background-media":"","overlay-type":"","overlay-color":"","overlay-opacity":"","overlay-gradient":""},"mobile":{"background-color":"var(--ast-global-color-5)","background-image":"","background-repeat":"repeat","background-position":"center center","background-size":"auto","background-attachment":"scroll","background-type":"","background-media":"","overlay-type":"","overlay-color":"","overlay-opacity":"","overlay-gradient":""}},"footnotes":""},"categories":[8],"tags":[8046,196,10535],"class_list":["post-29053","post","type-post","status-publish","format-standard","has-post-thumbnail","hentry","category-noticias","tag-guerra-ucrania","tag-papa-francisco","tag-trigo-ucrania"],"_links":{"self":[{"href":"https:\/\/losperiodistas.com.mx\/portal\/wp-json\/wp\/v2\/posts\/29053","targetHints":{"allow":["GET"]}}],"collection":[{"href":"https:\/\/losperiodistas.com.mx\/portal\/wp-json\/wp\/v2\/posts"}],"about":[{"href":"https:\/\/losperiodistas.com.mx\/portal\/wp-json\/wp\/v2\/types\/post"}],"author":[{"embeddable":true,"href":"https:\/\/losperiodistas.com.mx\/portal\/wp-json\/wp\/v2\/users\/1"}],"replies":[{"embeddable":true,"href":"https:\/\/losperiodistas.com.mx\/portal\/wp-json\/wp\/v2\/comments?post=29053"}],"version-history":[{"count":1,"href":"https:\/\/losperiodistas.com.mx\/portal\/wp-json\/wp\/v2\/posts\/29053\/revisions"}],"predecessor-version":[{"id":29055,"href":"https:\/\/losperiodistas.com.mx\/portal\/wp-json\/wp\/v2\/posts\/29053\/revisions\/29055"}],"wp:featuredmedia":[{"embeddable":true,"href":"https:\/\/losperiodistas.com.mx\/portal\/wp-json\/wp\/v2\/media\/29054"}],"wp:attachment":[{"href":"https:\/\/losperiodistas.com.mx\/portal\/wp-json\/wp\/v2\/media?parent=29053"}],"wp:term":[{"taxonomy":"category","embeddable":true,"href":"https:\/\/losperiodistas.com.mx\/portal\/wp-json\/wp\/v2\/categories?post=29053"},{"taxonomy":"post_tag","embeddable":true,"href":"https:\/\/losperiodistas.com.mx\/portal\/wp-json\/wp\/v2\/tags?post=29053"}],"curies":[{"name":"wp","href":"https:\/\/api.w.org\/{rel}","templated":true}]}}