{"id":29044,"date":"2022-06-01T05:39:24","date_gmt":"2022-06-01T10:39:24","guid":{"rendered":"http:\/\/losperiodistas.com.mx\/portal\/?p=29044"},"modified":"2022-06-01T05:39:26","modified_gmt":"2022-06-01T10:39:26","slug":"claudia-sheinbaum-sobre-la-presidencia-2024-no-habra-rupturas-en-morena-el-financiero","status":"publish","type":"post","link":"https:\/\/losperiodistas.com.mx\/portal\/claudia-sheinbaum-sobre-la-presidencia-2024-no-habra-rupturas-en-morena-el-financiero\/","title":{"rendered":"Claudia Sheinbaum sobre la Presidencia 2024: \u2018No habr\u00e1 rupturas en Morena\u2019 | El Financiero"},"content":{"rendered":"\n<p><em>La jefa de Gobierno aclara que as\u00ed debe ser, pues \u2018lo dicen los estatutos de Morena\u2019.<\/em><\/p>\n\n\n\n<figure class=\"wp-block-image size-full\"><img fetchpriority=\"high\" decoding=\"async\" width=\"800\" height=\"478\" src=\"https:\/\/losperiodistas.com.mx\/portal\/wp-content\/uploads\/2022\/06\/W5UUQZBJDVCDRDEAYQDDKPGELU.jpeg\" alt=\"\" class=\"wp-image-29045\" srcset=\"https:\/\/losperiodistas.com.mx\/portal\/wp-content\/uploads\/2022\/06\/W5UUQZBJDVCDRDEAYQDDKPGELU.jpeg 800w, https:\/\/losperiodistas.com.mx\/portal\/wp-content\/uploads\/2022\/06\/W5UUQZBJDVCDRDEAYQDDKPGELU-300x179.jpeg 300w, https:\/\/losperiodistas.com.mx\/portal\/wp-content\/uploads\/2022\/06\/W5UUQZBJDVCDRDEAYQDDKPGELU-768x459.jpeg 768w\" sizes=\"(max-width: 800px) 100vw, 800px\" \/><figcaption><strong>Claudia Sheinbaum\u00a0<\/strong>El periodista Ren\u00e9 Delgado platic\u00f3 con Claudia Sheinbaum.\u00a0(Especial)<\/figcaption><\/figure>\n\n\n\n<p class=\"has-vivid-cyan-blue-color has-text-color has-medium-font-size\">EL FINANCIERO<\/p>\n\n\n\n<p>La elecci\u00f3n mediante encuesta del candidato de<strong>&nbsp;Morena&nbsp;<\/strong>a la&nbsp;<strong>Presidencia de la Rep\u00fablica&nbsp;<\/strong>rumbo a 2024 no generar\u00e1 una ruptura, asegur\u00f3 la&nbsp;<strong>jefa de Gobierno de la Ciudad de M\u00e9xico,&nbsp;<\/strong><a href=\"https:\/\/www.elfinanciero.com.mx\/nacional\/2022\/05\/24\/baja-a-49-la-aprobacion-de-sheinbaum\/\" target=\"_blank\" rel=\"noreferrer noopener\"><strong>Claudia Sheinbaum Pardo<\/strong><\/a>.<\/p>\n\n\n\n<p>En entrevista con el periodista Ren\u00e9 Delgado, para su programa \u201cEntreDichos\u201d, de<strong>&nbsp;EL FINANCIERO&nbsp;<\/strong><em>Bloomberg<\/em>, la funcionaria fue cuestionada en torno a la propuesta del l\u00edder de la bancada de Morena en el Senado,&nbsp;<strong>Ricardo Monreal<\/strong>, para que el Instituto Nacional Electoral (INE) pueda organizar elecciones primarias en los partidos y as\u00ed elegir candidatos rumbo a 2024.<\/p>\n\n\n\n<p><strong>\u201cRespeto mucho a Ricardo, pero lo que dicen los estatutos es otra cosa. No, no lo veo. En Morena no veo una ruptura\u201d<\/strong>, asever\u00f3 Sheinbaum, quien, por otro lado, descalific\u00f3 la encuesta realizada por&nbsp;<strong>EL FINANCIERO<\/strong>, la cual se\u00f1ala que su nivel de aprobaci\u00f3n baj\u00f3 tres puntos, al pasar de 52 a 49 por ciento de abril a mayo.<\/p>\n\n\n\n<p>Ante ello, la jefa de Gobierno dijo que no trabaja para las encuestas, las cuales, opin\u00f3, son s\u00f3lo una herramienta que dice c\u00f3mo se va, sin embargo, subray\u00f3 que la de EL FINANCIERO est\u00e1 mal. \u201cEsa encuesta no es correcta. Hay muchas otras encuestas donde muestran que tenemos una buena aceptaci\u00f3n en la ciudad y vamos a seguir trabajando por la ciudad\u201d, se\u00f1al\u00f3 la mandataria capitalina.<\/p>\n\n\n\n<p>De acuerdo con Sheinbaum, no le preocupan los otros aspirantes que han sido nominados por el Ejecutivo, como es el caso del canciller&nbsp;<strong>Marcelo Ebrard<\/strong>, o el secretario de Gobernaci\u00f3n,&nbsp;<strong>Ad\u00e1n Augusto Hern\u00e1ndez<\/strong>, ya que son compa\u00f1eros de lucha y de proyecto, por lo que, en su momento se definir\u00e1, pero ahora lo m\u00e1s importante para Morena es mantener la unidad.<\/p>\n\n\n\n<p>&#8211; \u00bfQu\u00e9 les dices a quienes te dicen la regenta? \u2013se le cuestion\u00f3\u2013.<\/p>\n\n\n\n<p>-Uno es aut\u00e9ntico. Es hasta mis\u00f3gino desde mi punto de vista el adjetivo. \u00bfQu\u00e9 les digo?, que somos parte de un proyecto. A m\u00ed me toca gobernar la ciudad, obviamente. \u00c9l (L\u00f3pez Obrador) es el dirigente de un proyecto, est\u00e1 gobernando el pa\u00eds. Y hay particularidades: \u00e9l es hombre, yo soy mujer; \u00e9l naci\u00f3 en Tabasco, yo en la Ciudad de M\u00e9xico; \u00e9l estudi\u00f3 ciencia pol\u00edtica, yo soy cient\u00edfica; pues, obviamente, todo eso te construye como persona, pero coincides en un proyecto \u2013respondi\u00f3-.<\/p>\n\n\n\n<p>Sheinbaum asegur\u00f3 que entre sus principales logros como jefa de Gobierno est\u00e1n el otorgamiento de becas, el mejoramiento de la\u00a0<strong>electromovilidad y el acceso a internet de forma gratuita<\/strong>, entre otros; sin embargo, dej\u00f3 fuera el tema de la seguridad. Entre los principales retos que ha enfrentado se encuentran la pandemia y la reactivaci\u00f3n econ\u00f3mica, y dej\u00f3 fuera el derrumbe de la L\u00ednea 12 del Metro.<\/p>\n\n\n\n<p>Fuente: https:\/\/www.elfinanciero.com.mx\/nacional\/2022\/06\/01\/si-candidato-se-elige-por-encuesta-no-habra-ruptura-sheinbaum\/<\/p>\n","protected":false},"excerpt":{"rendered":"<p>La jefa de Gobierno aclara que as\u00ed debe ser, pues \u2018lo dicen los estatutos de Morena\u2019. EL FINANCIERO La elecci\u00f3n [&hellip;]<\/p>\n","protected":false},"author":1,"featured_media":29045,"comment_status":"open","ping_status":"open","sticky":false,"template":"","format":"standard","meta":{"site-sidebar-layout":"default","site-content-layout":"","ast-site-content-layout":"default","site-content-style":"default","site-sidebar-style":"default","ast-global-header-display":"","ast-banner-title-visibility":"","ast-main-header-display":"","ast-hfb-above-header-display":"","ast-hfb-below-header-display":"","ast-hfb-mobile-header-display":"","site-post-title":"","ast-breadcrumbs-content":"","ast-featured-img":"","footer-sml-layout":"","theme-transparent-header-meta":"","adv-header-id-meta":"","stick-header-meta":"","header-above-stick-meta":"","header-main-stick-meta":"","header-below-stick-meta":"","astra-migrate-meta-layouts":"default","ast-page-background-enabled":"default","ast-page-background-meta":{"desktop":{"background-color":"var(--ast-global-color-4)","background-image":"","background-repeat":"repeat","background-position":"center center","background-size":"auto","background-attachment":"scroll","background-type":"","background-media":"","overlay-type":"","overlay-color":"","overlay-opacity":"","overlay-gradient":""},"tablet":{"background-color":"","background-image":"","background-repeat":"repeat","background-position":"center center","background-size":"auto","background-attachment":"scroll","background-type":"","background-media":"","overlay-type":"","overlay-color":"","overlay-opacity":"","overlay-gradient":""},"mobile":{"background-color":"","background-image":"","background-repeat":"repeat","background-position":"center center","background-size":"auto","background-attachment":"scroll","background-type":"","background-media":"","overlay-type":"","overlay-color":"","overlay-opacity":"","overlay-gradient":""}},"ast-content-background-meta":{"desktop":{"background-color":"var(--ast-global-color-5)","background-image":"","background-repeat":"repeat","background-position":"center center","background-size":"auto","background-attachment":"scroll","background-type":"","background-media":"","overlay-type":"","overlay-color":"","overlay-opacity":"","overlay-gradient":""},"tablet":{"background-color":"var(--ast-global-color-5)","background-image":"","background-repeat":"repeat","background-position":"center center","background-size":"auto","background-attachment":"scroll","background-type":"","background-media":"","overlay-type":"","overlay-color":"","overlay-opacity":"","overlay-gradient":""},"mobile":{"background-color":"var(--ast-global-color-5)","background-image":"","background-repeat":"repeat","background-position":"center center","background-size":"auto","background-attachment":"scroll","background-type":"","background-media":"","overlay-type":"","overlay-color":"","overlay-opacity":"","overlay-gradient":""}},"footnotes":""},"categories":[8],"tags":[1505,5486,247],"class_list":["post-29044","post","type-post","status-publish","format-standard","has-post-thumbnail","hentry","category-noticias","tag-claudia-sheinbaum","tag-elecciones-2024","tag-morena"],"_links":{"self":[{"href":"https:\/\/losperiodistas.com.mx\/portal\/wp-json\/wp\/v2\/posts\/29044","targetHints":{"allow":["GET"]}}],"collection":[{"href":"https:\/\/losperiodistas.com.mx\/portal\/wp-json\/wp\/v2\/posts"}],"about":[{"href":"https:\/\/losperiodistas.com.mx\/portal\/wp-json\/wp\/v2\/types\/post"}],"author":[{"embeddable":true,"href":"https:\/\/losperiodistas.com.mx\/portal\/wp-json\/wp\/v2\/users\/1"}],"replies":[{"embeddable":true,"href":"https:\/\/losperiodistas.com.mx\/portal\/wp-json\/wp\/v2\/comments?post=29044"}],"version-history":[{"count":1,"href":"https:\/\/losperiodistas.com.mx\/portal\/wp-json\/wp\/v2\/posts\/29044\/revisions"}],"predecessor-version":[{"id":29046,"href":"https:\/\/losperiodistas.com.mx\/portal\/wp-json\/wp\/v2\/posts\/29044\/revisions\/29046"}],"wp:featuredmedia":[{"embeddable":true,"href":"https:\/\/losperiodistas.com.mx\/portal\/wp-json\/wp\/v2\/media\/29045"}],"wp:attachment":[{"href":"https:\/\/losperiodistas.com.mx\/portal\/wp-json\/wp\/v2\/media?parent=29044"}],"wp:term":[{"taxonomy":"category","embeddable":true,"href":"https:\/\/losperiodistas.com.mx\/portal\/wp-json\/wp\/v2\/categories?post=29044"},{"taxonomy":"post_tag","embeddable":true,"href":"https:\/\/losperiodistas.com.mx\/portal\/wp-json\/wp\/v2\/tags?post=29044"}],"curies":[{"name":"wp","href":"https:\/\/api.w.org\/{rel}","templated":true}]}}