{"id":29038,"date":"2022-06-01T05:13:59","date_gmt":"2022-06-01T10:13:59","guid":{"rendered":"http:\/\/losperiodistas.com.mx\/portal\/?p=29038"},"modified":"2022-06-01T05:14:01","modified_gmt":"2022-06-01T10:14:01","slug":"pan-sale-en-defensa-de-alito-acusa-al-gobierno-de-amlo-de-espiar-y-presionar-a-opositores-proceso","status":"publish","type":"post","link":"https:\/\/losperiodistas.com.mx\/portal\/pan-sale-en-defensa-de-alito-acusa-al-gobierno-de-amlo-de-espiar-y-presionar-a-opositores-proceso\/","title":{"rendered":"PAN sale en defensa de \u201cAlito\u201d; acusa al gobierno de AMLO de espiar y presionar a opositores | Proceso"},"content":{"rendered":"\n<p><em>Marko Cort\u00e9s Mendoza hizo un llamado a la sociedad civil para que se una en exigencia del cese de esta pr\u00e1ctica que consider\u00f3 dictatorial.<\/em><\/p>\n\n\n\n<figure class=\"wp-block-image size-full\"><img fetchpriority=\"high\" decoding=\"async\" width=\"800\" height=\"450\" src=\"https:\/\/losperiodistas.com.mx\/portal\/wp-content\/uploads\/2022\/06\/f800x450-155549_206995_5050.jpeg\" alt=\"\" class=\"wp-image-29039\" srcset=\"https:\/\/losperiodistas.com.mx\/portal\/wp-content\/uploads\/2022\/06\/f800x450-155549_206995_5050.jpeg 800w, https:\/\/losperiodistas.com.mx\/portal\/wp-content\/uploads\/2022\/06\/f800x450-155549_206995_5050-300x169.jpeg 300w, https:\/\/losperiodistas.com.mx\/portal\/wp-content\/uploads\/2022\/06\/f800x450-155549_206995_5050-768x432.jpeg 768w\" sizes=\"(max-width: 800px) 100vw, 800px\" \/><figcaption>Alejandro Moreno y Marko Cort\u00e9s, dirigentes nacionales del PRI y PAN, respectivamente. Foto: Germ\u00e1n Canseco<\/figcaption><\/figure>\n\n\n\n<p class=\"has-vivid-cyan-blue-color has-text-color has-medium-font-size\">ARTURO RODR\u00cdGUEZ GARC\u00cdA \/ PROCESO<\/p>\n\n\n\n<p>CIUDAD DE M\u00c9XICO (apro).- El dirigente nacional del PAN, Marko Cort\u00e9s, sali\u00f3 en defensa de su hom\u00f3logo del PRI, Alejandro Moreno C\u00e1rdenas, acusando al gobierno de la Rep\u00fablica de \u201cespiar, tergiversar y difundir grabaciones para presionar y amedrentar\u201d opositores.<\/p>\n\n\n\n<p>En el contexto, una serie de conversaciones cuyo protagonista es el dirigente nacional del PRI y exgobernador de Campeche, han sido reveladas por la actual mandataria de esa entidad, Layda Sansores, de extracci\u00f3n morenista; en reacci\u00f3n, esta jornada se vio marcada por la difusi\u00f3n de una llamada telef\u00f3nica en la que el senador del Verde y exgobernador de Chiapas, Manuel Velasco Coello, transmite un mensaje presuntamente del secretario de Gobernaci\u00f3n al priista, sobre \u201cir con todo\u201d, si votan en contra de la Reforma El\u00e9ctrica.<\/p>\n\n\n\n<p>Al respecto, el PAN conden\u00f3 el \u201cuso del aparato del Estado para da\u00f1ar a la oposici\u00f3n\u201d.<\/p>\n\n\n\n<p>\u201cEs totalmente ilegal e inmoral, es un delito y una violaci\u00f3n a los derechos humanos realizar este tipo de actividades desde el amparo del Estado. No vamos a permitir que se sigan utilizando estos mecanismos de presi\u00f3n contra ning\u00fan miembro de la oposici\u00f3n, pero tampoco de periodistas o defensores de los derechos humanos\u201d.<\/p>\n\n\n\n<p>Cort\u00e9s Mendoza hizo un llamado a la sociedad civil para que se una en exigencia del cese de esta pr\u00e1ctica que consider\u00f3 dictatorial.<\/p>\n\n\n\n<p>Las consecuencias de los audios de Alejandro Moreno han provocado numerosas reacciones y comentarios en torno a su permanencia en la dirigencia del PRI, as\u00ed como en la coalici\u00f3n \u201cVa por M\u00e9xico\u201d, que re\u00fane a los partidos PRI, PAN y PRD.<\/p>\n\n\n\n<p>Al respecto, Marko Cort\u00e9s advirti\u00f3 hoy que la coalici\u00f3n seguir\u00e1 unidad y tomando decisiones, en tanto, anticip\u00f3 que no aprobar\u00e1n la reforma electoral enviada por el presidente L\u00f3pez Obrador.<\/p>\n\n\n\n<p>Fuente: https:\/\/www.proceso.com.mx\/nacional\/2022\/5\/31\/pan-sale-en-defensa-de-alito-acusa-al-gobierno-de-amlo-de-espiar-presionar-opositores-286847.html<\/p>\n\n\n\n<p><a href=\"javascript:Popup('https:\/\/www.facebook.com\/sharer\/sharer.php?u=https:\/\/www.proceso.com.mx\/nacional\/2022\/5\/31\/pan-sale-en-defensa-de-alito-acusa-al-gobierno-de-amlo-de-espiar-presionar-opositores-286847.html%27,%27envio%27,700,435,%27no%27,%27yes%27);\"><\/a><a href=\"https:\/\/web.whatsapp.com\/send?text=PAN+sale+en+defensa+de+%E2%80%9CAlito%E2%80%9D%3B+acusa+al+gobierno+de+AMLO+de+espiar+y+presionar+a+opositores%20-%20https:\/\/www.proceso.com.mx\/nacional\/2022\/5\/31\/pan-sale-en-defensa-de-alito-acusa-al-gobierno-de-amlo-de-espiar-presionar-opositores-286847.html\" target=\"_blank\" rel=\"noreferrer noopener\"><\/a><a href=\"https:\/\/www.proceso.com.mx\/u\/fotografias\/fotosnoticias\/2022\/5\/31\/155549.jpg\"><\/a><\/p>\n","protected":false},"excerpt":{"rendered":"<p>Marko Cort\u00e9s Mendoza hizo un llamado a la sociedad civil para que se una en exigencia del cese de esta [&hellip;]<\/p>\n","protected":false},"author":1,"featured_media":29039,"comment_status":"open","ping_status":"open","sticky":false,"template":"","format":"standard","meta":{"site-sidebar-layout":"default","site-content-layout":"","ast-site-content-layout":"default","site-content-style":"default","site-sidebar-style":"default","ast-global-header-display":"","ast-banner-title-visibility":"","ast-main-header-display":"","ast-hfb-above-header-display":"","ast-hfb-below-header-display":"","ast-hfb-mobile-header-display":"","site-post-title":"","ast-breadcrumbs-content":"","ast-featured-img":"","footer-sml-layout":"","theme-transparent-header-meta":"","adv-header-id-meta":"","stick-header-meta":"","header-above-stick-meta":"","header-main-stick-meta":"","header-below-stick-meta":"","astra-migrate-meta-layouts":"default","ast-page-background-enabled":"default","ast-page-background-meta":{"desktop":{"background-color":"var(--ast-global-color-4)","background-image":"","background-repeat":"repeat","background-position":"center center","background-size":"auto","background-attachment":"scroll","background-type":"","background-media":"","overlay-type":"","overlay-color":"","overlay-opacity":"","overlay-gradient":""},"tablet":{"background-color":"","background-image":"","background-repeat":"repeat","background-position":"center center","background-size":"auto","background-attachment":"scroll","background-type":"","background-media":"","overlay-type":"","overlay-color":"","overlay-opacity":"","overlay-gradient":""},"mobile":{"background-color":"","background-image":"","background-repeat":"repeat","background-position":"center center","background-size":"auto","background-attachment":"scroll","background-type":"","background-media":"","overlay-type":"","overlay-color":"","overlay-opacity":"","overlay-gradient":""}},"ast-content-background-meta":{"desktop":{"background-color":"var(--ast-global-color-5)","background-image":"","background-repeat":"repeat","background-position":"center center","background-size":"auto","background-attachment":"scroll","background-type":"","background-media":"","overlay-type":"","overlay-color":"","overlay-opacity":"","overlay-gradient":""},"tablet":{"background-color":"var(--ast-global-color-5)","background-image":"","background-repeat":"repeat","background-position":"center center","background-size":"auto","background-attachment":"scroll","background-type":"","background-media":"","overlay-type":"","overlay-color":"","overlay-opacity":"","overlay-gradient":""},"mobile":{"background-color":"var(--ast-global-color-5)","background-image":"","background-repeat":"repeat","background-position":"center center","background-size":"auto","background-attachment":"scroll","background-type":"","background-media":"","overlay-type":"","overlay-color":"","overlay-opacity":"","overlay-gradient":""}},"footnotes":""},"categories":[8],"tags":[10530,2707,10527,10529,10528,2089,248,1978,4485],"class_list":["post-29038","post","type-post","status-publish","format-standard","has-post-thumbnail","hentry","category-noticias","tag-adan-lopez-hernandez","tag-alejandro-moreno-cardenas","tag-alito","tag-espionaje","tag-manuel-velasco-coello","tag-marko-cortes","tag-pan","tag-pri","tag-reforma-electrica"],"_links":{"self":[{"href":"https:\/\/losperiodistas.com.mx\/portal\/wp-json\/wp\/v2\/posts\/29038","targetHints":{"allow":["GET"]}}],"collection":[{"href":"https:\/\/losperiodistas.com.mx\/portal\/wp-json\/wp\/v2\/posts"}],"about":[{"href":"https:\/\/losperiodistas.com.mx\/portal\/wp-json\/wp\/v2\/types\/post"}],"author":[{"embeddable":true,"href":"https:\/\/losperiodistas.com.mx\/portal\/wp-json\/wp\/v2\/users\/1"}],"replies":[{"embeddable":true,"href":"https:\/\/losperiodistas.com.mx\/portal\/wp-json\/wp\/v2\/comments?post=29038"}],"version-history":[{"count":1,"href":"https:\/\/losperiodistas.com.mx\/portal\/wp-json\/wp\/v2\/posts\/29038\/revisions"}],"predecessor-version":[{"id":29040,"href":"https:\/\/losperiodistas.com.mx\/portal\/wp-json\/wp\/v2\/posts\/29038\/revisions\/29040"}],"wp:featuredmedia":[{"embeddable":true,"href":"https:\/\/losperiodistas.com.mx\/portal\/wp-json\/wp\/v2\/media\/29039"}],"wp:attachment":[{"href":"https:\/\/losperiodistas.com.mx\/portal\/wp-json\/wp\/v2\/media?parent=29038"}],"wp:term":[{"taxonomy":"category","embeddable":true,"href":"https:\/\/losperiodistas.com.mx\/portal\/wp-json\/wp\/v2\/categories?post=29038"},{"taxonomy":"post_tag","embeddable":true,"href":"https:\/\/losperiodistas.com.mx\/portal\/wp-json\/wp\/v2\/tags?post=29038"}],"curies":[{"name":"wp","href":"https:\/\/api.w.org\/{rel}","templated":true}]}}