{"id":29032,"date":"2022-06-01T05:05:23","date_gmt":"2022-06-01T10:05:23","guid":{"rendered":"http:\/\/losperiodistas.com.mx\/portal\/?p=29032"},"modified":"2022-06-01T05:05:25","modified_gmt":"2022-06-01T10:05:25","slug":"elimina-mexico-a-pieza-clave-del-caso-ayotzinapa-lo-extradita-a-ee-uu-dw","status":"publish","type":"post","link":"https:\/\/losperiodistas.com.mx\/portal\/elimina-mexico-a-pieza-clave-del-caso-ayotzinapa-lo-extradita-a-ee-uu-dw\/","title":{"rendered":"Elimina M\u00e9xico a pieza clave del caso Ayotzinapa: lo extradita a EE. UU. | DW"},"content":{"rendered":"\n<p><em>El gobierno de Estados Unidos dio a conocer que M\u00e9xico extradit\u00f3 a ese pa\u00eds a Ad\u00e1n Zen\u00e9n Casarrubias Salgado, acusado de narcotr\u00e1fico y pieza clave en el caso de los 43 normalistas desaparecidos. \u00bfPor qu\u00e9?<\/em><\/p>\n\n\n\n<figure class=\"wp-block-image size-full\"><img fetchpriority=\"high\" decoding=\"async\" width=\"700\" height=\"394\" src=\"https:\/\/losperiodistas.com.mx\/portal\/wp-content\/uploads\/2022\/06\/59321279_303.jpeg\" alt=\"\" class=\"wp-image-29033\" srcset=\"https:\/\/losperiodistas.com.mx\/portal\/wp-content\/uploads\/2022\/06\/59321279_303.jpeg 700w, https:\/\/losperiodistas.com.mx\/portal\/wp-content\/uploads\/2022\/06\/59321279_303-300x169.jpeg 300w\" sizes=\"(max-width: 700px) 100vw, 700px\" \/><\/figure>\n\n\n\n<p><\/p>\n\n\n\n<p class=\"has-vivid-cyan-blue-color has-text-color has-medium-font-size\">ANABEL HERN\u00c1NDEZ \/ CONTRACORRIENTE \/ DW<\/p>\n\n\n\n<p>El viernes 27 de mayo de 2022, el Gobierno de Estados Unidos dio a conocer la extradici\u00f3n a ese pa\u00eds de Ad\u00e1n Zen\u00e9n Casarrubias Salgado, alias \u00abEl Tomate\u201d, \u00abSilver\u201d o \u00abStar\u201d, acusado de ser integrante de un grupo de tr\u00e1fico de drogas que operaba en Chicago. Se trata de la organizaci\u00f3n bautizada como Guerreros Unidos, una c\u00e9lula del Cartel de los Beltr\u00e1n Leyva que, desde hace d\u00e9cadas, ha sido un grupo hegem\u00f3nico en la producci\u00f3n y trasiego de drogas en Guerrero, estado donde ocurri\u00f3 la desaparici\u00f3n de los 43 estudiantes aquella fat\u00eddica noche del 26 de septiembre de 2014 durante el gobierno de Enrique Pe\u00f1a Nieto.<\/p>\n\n\n\n<p>Lo extra\u00f1o de la acci\u00f3n tomada por el gobierno de Andr\u00e9s Manuel L\u00f3pez Obrador es que Ad\u00e1n Casarrubias es pieza clave para resolver el caso de los estudiantes desaparecidos en Iguala, Guerrero.&nbsp;Y no s\u00f3lo eso, tambi\u00e9n es una pieza clave para entender las redes de corrupci\u00f3n establecida por dicha c\u00e9lula criminal y sus mandos superiores, con el Ej\u00e9rcito mexicano y la base de la Polic\u00eda Federal en Guerrero, entonces encabezada por Omar Garc\u00eda Harfuch, actualmente Director de la Secretar\u00eda de Protecci\u00f3n Ciudadana de la Ciudad de M\u00e9xico, y uno de los hombres de mayor confianza de la jefa de Gobierno,&nbsp;Claudia Sheinbaum.<\/p>\n\n\n\n<p>La informaci\u00f3n clave que \u00abEl Tomate\u201d tiene de los hechos ocurridos en Iguala lo muestran las grabaciones de comunicaciones interceptadas por la Agencia Antidrogas (DEA) antes, durante y despu\u00e9s de la desaparici\u00f3n de los normalistas, mientras segu\u00edan en Chicago a Pablo Vega-Cuevas, \u00abEl Transformer\u201d, socio de \u00abEl Tomate\u201d, y otros.<\/p>\n\n\n\n<p>El Grupo Interdisciplinario de Expertos Independientes (GIEI), enviado por la&nbsp;<a href=\"https:\/\/www.dw.com\/es\/comisi%C3%B3n-de-ddhh-pide-di%C3%A1logo-entre-autoridades-y-estudiantes-de-ayotzinapa\/a-60705449\">Comisi\u00f3n Interamericana de Derechos Humanos<\/a>, ha realizado desde 2015 su propia investigaci\u00f3n, enfrentando los constantes obst\u00e1culos del Gobierno de M\u00e9xico. En su tercer informe, presentado en febrero pasado, afirm\u00f3 que entender las din\u00e1micas de las operaciones de Guerreros Unidos en Chicago era muy importante en el caso, as\u00ed como el an\u00e1lisis de las interceptaciones hechas por la DEA.<\/p>\n\n\n\n<p>Si \u00abEl Tomate\u201d era parte importante de esas operaciones y puede dar informaci\u00f3n de quienes operaban en Iguala esa noche, \u00bfqui\u00e9n era su mando superior, y qui\u00e9nes los proteg\u00edan en el trasiego de drogas? \u00bfPor qu\u00e9 el gobierno de M\u00e9xico lo entreg\u00f3 a Estados Unidos?<\/p>\n\n\n\n<p>He investigado&nbsp;<a href=\"https:\/\/www.dw.com\/es\/ayotzinapa\/t-18217802\">el caso de los normalistas<\/a>&nbsp;desde 2014. Fui la primera en documentar y revelar desde 2014 la presencia y participaci\u00f3n activa de la Polic\u00eda Federal y el Ej\u00e9rcito, la vigilancia hecha a los normalistas desde d\u00edas antes del ataque, y descubr\u00ed la complicidad de dichas corporaciones con el Cartel de los Beltr\u00e1n Leyva y sus c\u00e9lulas en Guerrero.<\/p>\n\n\n\n<p>En una breve llamada telef\u00f3nica con Vidulfo Rosales, abogado representante de las familias de los 43 estudiantes desaparecidos, este afirm\u00f3 que el gobierno de M\u00e9xico nunca les inform\u00f3 ni consult\u00f3 sobre la extradici\u00f3n de Ad\u00e1n Casarrubias. Y asegur\u00f3 que en la reuni\u00f3n que tendr\u00edan el 31 de mayo con el gobierno de&nbsp;<a href=\"https:\/\/www.dw.com\/es\/est%C3%A1-abierta-la-investigaci%C3%B3n-dice-amlo-sobre-caso-ayotzinapa\/a-61297799\">AMLO<\/a>&nbsp;preguntar\u00edan al respecto.<\/p>\n\n\n\n<p>La extradici\u00f3n, dijo Rosales, \u00abes un obst\u00e1culo m\u00e1s para encontrar la verdad, siguen habiendo intereses para que la verdad no se conozca\u201d. Y se\u00f1al\u00f3 que los padres de familia han encontrado trabas y retrasos por parte del gobierno actual -al igual que ocurri\u00f3 con el de Pe\u00f1a Nieto- para descubrir y castigar a todos los responsables.<\/p>\n\n\n\n<p>La extradici\u00f3n de \u00abEl Tomate\u201d es contraproducente para encontrar la verdad en el ataque contra los estudiantes y su desaparici\u00f3n. Con esta acci\u00f3n el gobierno de M\u00e9xico parece una vez m\u00e1s renunciar a la b\u00fasqueda de la verdad en el caso \u00bfPor qu\u00e9?. \u00bfCu\u00e1les pueden ser las consecuencias explosivas de la extradici\u00f3n de Ad\u00e1n Casarrubias para la llamada Cuarta Transformaci\u00f3n?<\/p>\n\n\n\n<p><a href=\"https:\/\/www.dw.com\/es\/elimina-m%C3%A9xico-a-pieza-clave-del-caso-ayotzinapa-lo-extradita-a-ee-uu\/a-61991259#\"><\/a><\/p>\n\n\n\n<figure class=\"wp-block-image size-full\"><img decoding=\"async\" width=\"700\" height=\"394\" src=\"https:\/\/losperiodistas.com.mx\/portal\/wp-content\/uploads\/2022\/06\/48913781_401.jpeg\" alt=\"\" class=\"wp-image-29036\" srcset=\"https:\/\/losperiodistas.com.mx\/portal\/wp-content\/uploads\/2022\/06\/48913781_401.jpeg 700w, https:\/\/losperiodistas.com.mx\/portal\/wp-content\/uploads\/2022\/06\/48913781_401-300x169.jpeg 300w\" sizes=\"(max-width: 700px) 100vw, 700px\" \/><figcaption>La periodista mexicana Anabel Hern\u00e1ndez.<\/figcaption><\/figure>\n\n\n\n<h2 class=\"wp-block-heading\">\u00abEl Tomate\u201d, pieza clave<\/h2>\n\n\n\n<p>Ad\u00e1n Casarrubias es miembro de un clan familiar en el que algunos de sus hermanos se han dedicad, junto con \u00e9l, en diferentes \u00e9pocas, a la actividad de narcotr\u00e1fico: Mario, Jos\u00e9 Angel y Sidronio Casarrubias. Hasta donde se tiene registro documental de diversas cortes federales de EE. UU., de las cuales tengo copia, Ad\u00e1n y Sidronio hab\u00edan vivido durante un periodo en ese pa\u00eds y enfrentaron cargos por narcotr\u00e1fico y\/o lavado de dinero proveniente del narcotr\u00e1fico entre los a\u00f1os 1992 y 1999.<\/p>\n\n\n\n<p>En 1999 Ad\u00e1n Casarrubias fue arrestado en Illinois acusado de lavado de dinero proveniente de tr\u00e1fico de drogas en Texas, a donde fue transferido a una Corte Federal.&nbsp; \u00abEl Tomate\u201d era parte de un esquema criminal de al menos 8 personas. Ah\u00ed lleg\u00f3 a un acuerdo de culpabilidad con la fiscal\u00eda, y gracias a eso tuvo una baja condena de apenas 21 meses de prisi\u00f3n. Ya libre, volvi\u00f3 a las actividades criminales en territorio mexicano.<\/p>\n\n\n\n<p>En 1992 en el distrito de Montana se abri\u00f3 un proceso criminal contra Sidronio y fue sentenciado en 2005. Seg\u00fan me narr\u00f3 su madre en una entrevista que me dio en 2014, Sidronio acababa de cumplir su condena y lleg\u00f3 a M\u00e9xico pocos meses antes de que ocurriera la desaparici\u00f3n de los normalistas. Fue detenido arbitrariamente en Toluca, y la Polic\u00eda Federal que lo detuvo, de acuerdo a los documentos judiciales, alter\u00f3 la hora, el d\u00eda y la circunstancia de su arresto. Y de acuerdo a una carta que el propio Sidronio escribi\u00f3, de la cual tengo copia, fue brutalmente torturado por la PF, con la tolerancia de la Procuradur\u00eda General de la Rep\u00fablica para inculparse e inculpar a otros de la desaparici\u00f3n, pero nunca se le pregunt\u00f3 ni se le permiti\u00f3 hablar de la participaci\u00f3n y\/o complicidad de funcionarios federales.<\/p>\n\n\n\n<p>Lo m\u00e1s irregular es que, aunque entre las pertenencias de Sidronio se le encontr\u00f3 una libreta con contactos clave, en la que figuraba el nombre de&nbsp;&nbsp;<a href=\"https:\/\/www.dw.com\/es\/corte-de-justicia-en-nueva-york-fractura-el-sistema-de-narco-corrupci%C3%B3n-en-m%C3%A9xico\/a-55329177\">Omar Garc\u00eda Harfuch<\/a>, entonces coordinador de la base de la PF en Guerrero,&nbsp;<a href=\"https:\/\/www.dw.com\/es\/presuntos-nexos-de-enrique-pe%C3%B1a-nieto-con-el-narco-pieza-clave-en-caso-ayotzinapa\/a-59328377\">ni el gobierno de Pe\u00f1a Nieto<\/a>&nbsp;ni el gobierno de AMLO han investigado esa pista.<\/p>\n\n\n\n<p>Meses antes, a principios de 2014, su hermano Mario hab\u00eda sido arrestado en M\u00e9xico acusado de narcotr\u00e1fico. Estaba en la c\u00e1rcel cuando ocurrieron los hechos de Ayoztinapa.<\/p>\n\n\n\n<p>Quienes s\u00ed estaban activos en el narcotr\u00e1fico, de acuerdo a un expediente abierto en la Corte de Distrito Norte de Illinois del cual tengo copia, eran Ad\u00e1n y su hermano Jos\u00e9 \u00c1ngel.<\/p>\n\n\n\n<h2 class=\"wp-block-heading\">Ad\u00e1n Casarrubias en la noche de Iguala<\/h2>\n\n\n\n<p>Las comunicaciones de BlackBerry interceptadas por la DEA en Chicago antes, durante y despu\u00e9s de la desaparici\u00f3n de los estudiantes son consideradas por la Comisi\u00f3n de la Verdad creada por el gobierno de AMLO como importantes y confiables, tal es as\u00ed que la propia Fiscal\u00eda General de la Rep\u00fablica las ha presentado en diversas ocasiones como prueba ante instancias judiciales. \u00bfPor qu\u00e9 entonces extraditaron a Ad\u00e1n Casarrubias en vez de buscar hacer justicia?<\/p>\n\n\n\n<p>De acuerdo al expediente judicial en Chicago, las interceptaciones comenzaron desde abril de 2014 y terminaron en octubre de ese mismo a\u00f1o. Tengo los cientos de hojas donde est\u00e1n transcritas de las llamadas registradas entre el 24 de septiembre -dos d\u00edas antes de la desaparici\u00f3n-, hasta octubre.<\/p>\n\n\n\n<p>De acuerdo con el contenido de los mensajes, hay di\u00e1logos entre una c\u00e9lula criminal asentada en Illinois, comandada por Pablo Vega-Cuevas, alias \u00abEl Transformer\u201d, y los hermanos Casarrubias,&nbsp;Ad\u00e1n y Jos\u00e9 \u00c1ngel, quienes operaban en M\u00e9xico. En las interceptaciones, Ad\u00e1n tiene el apodo de \u00abEl Tomate\u201d, \u00abStar\u201d o \u00abSilver\u201d, y Jos\u00e9 \u00c1ngel es \u00abSoldado del amor\u201d. Asimismo, aparecen cerca de una decena de otras claves de personas, entre c\u00f3mplices de Vega en EE: UU. y c\u00f3mplices de Ad\u00e1n en M\u00e9xico.<\/p>\n\n\n\n<p>Seg\u00fan los cientos de p\u00e1ginas el grupo criminal, se encontraba haciendo una operaci\u00f3n de tr\u00e1fico de drogas cuyo destino era Illinois. La droga vendr\u00eda de Guerrero para ser distribuida y vendida en EE. UU. El contenido revela que Guerreros Unidos no es una grande y poderosa organizaci\u00f3n criminal, y que incluso ten\u00edan problemas financieros.<\/p>\n\n\n\n<p><a href=\"https:\/\/www.dw.com\/es\/elimina-m%C3%A9xico-a-pieza-clave-del-caso-ayotzinapa-lo-extradita-a-ee-uu\/a-61991259#\"><\/a><\/p>\n\n\n\n<figure class=\"wp-block-image size-full\"><img decoding=\"async\" width=\"700\" height=\"394\" src=\"https:\/\/losperiodistas.com.mx\/portal\/wp-content\/uploads\/2022\/06\/55067256_401.jpeg\" alt=\"\" class=\"wp-image-29035\" srcset=\"https:\/\/losperiodistas.com.mx\/portal\/wp-content\/uploads\/2022\/06\/55067256_401.jpeg 700w, https:\/\/losperiodistas.com.mx\/portal\/wp-content\/uploads\/2022\/06\/55067256_401-300x169.jpeg 300w\" sizes=\"(max-width: 700px) 100vw, 700px\" \/><figcaption>Protestas en Ciudad de M\u00e9xico por los 43 estudiantes de Ayotzinapa desaparecidos.<\/figcaption><\/figure>\n\n\n\n<p><\/p>\n\n\n\n<p>Tambi\u00e9n revelan que Ad\u00e1n y Jos\u00e9 \u00c1ngel Casarrubias a su vez ten\u00edan un jefe en M\u00e9xico a quien rend\u00edan cuentas, pero ni en las interceptaciones ni en el expediente judicial en Chicago se revela el nombre de ese mando superior. Solo se lo identifica como \u00abGuess\u201d, y es la droga de este personaje la que los hermanos Casarrubias iban a mover, y quien la iba a recibir en EE. UU. era Pablo Vega.<\/p>\n\n\n\n<p>Se lee que est\u00e1n coordinando la carga y transporte de paquetes de droga cuando, el d\u00eda 27, \u00abSoldado del amor\u201d comunica a su hermano \u00abSilver\u201d que algo pas\u00f3 en Iguala. No voy a transcribir todo lo que se dice en esa columna, pero lo que es claro es que ellos tampoco entienden muy bien lo que sucede. \u00abSoldado del amor\u201d dice que se les metieron los contras con los \u00abayotzinapos\u201d, pero la informaci\u00f3n que intercambian es confusa o err\u00f3nea, y se comunican para investigar m\u00e1s lo que pas\u00f3.<\/p>\n\n\n\n<p>Hablan de 60 \u00abpaquetes guardados\u201d. Muchos han dicho que se trata de los estudiantes, pero tambi\u00e9n es posible que se tratara de los paquetes de droga de \u00abGuess\u201d, porque iban a traficar \u00ab64\u201d seg\u00fan las interceptaciones del d\u00eda 25.<\/p>\n\n\n\n<p>Como las comunicaciones fueron en espa\u00f1ol y la DEA las tradujo al ingl\u00e9s, y luego de nuevo al espa\u00f1ol, es muy probable que haya palabras equivocadas. Quien puede atar los cabos sueltos es Ad\u00e1n.<\/p>\n\n\n\n<p>A\u00fan as\u00ed, es claro que los Casarrubias y sus c\u00f3mplices hablan de contactos con autoridades locales y federales. Los d\u00edas 27 y 28 de septiembre se quejan de un servidor p\u00fablico al que llaman \u00abOmarcito\u201d y \u00abOmar\u201d. Afirman que quiere extorsionarlos y pedirles m\u00e1s dinero para darles protecci\u00f3n. El nombre y tel\u00e9fono privado de Omar Garc\u00eda Harfuch fue encontrado en una libreta de Sidronio en 2014.<\/p>\n\n\n\n<p>En las grabaciones queda claro que el mando sobre los Casarrubias&nbsp; es \u00abGuess\u201d y que est\u00e1 dando instrucciones. S\u00f3lo le interesa su droga.<\/p>\n\n\n\n<p>Con esas grabaciones, la Comisi\u00f3n de la Verdad quiso incriminar a Gildardo L\u00f3pez Astudillo ante un juez. Lo extra\u00f1o es que aunque Ad\u00e1n fue arrestado por la Polic\u00eda Federal y el Ej\u00e9rcito desde octubre de 2015 nunca fue vinculado al caso de los estudiantes, ni siquiera despu\u00e9s de que el gobierno de EE. UU. envi\u00f3 las transcripciones.<\/p>\n\n\n\n<p>Aunque no es claro si Ad\u00e1n particip\u00f3 en la desaparici\u00f3n, s\u00ed queda claro que particip\u00f3 en el contexto criminal que deriv\u00f3 en \u00e9sta, y que sabe qui\u00e9n es el misterioso \u00abGuess\u201d, \u00abOmarcito\u201d, y muchas de las otras autoridades involucradas.<\/p>\n\n\n\n<p>A pesar de eso, ni la PGR de Pe\u00f1a Nieto, ni la Comisi\u00f3n de la Verdad le imputaron cargos ni de eso ni de narcotr\u00e1fico, ni de nada, y lo enviaron extraditado a EE. UU. En M\u00e9xico queda detenido hasta el momento su hermano Jos\u00e9 \u00c1ngel, arrestado en 2020 sin que el gobierno le pregunte sobre \u00abOmarcito\u201d u otra informaci\u00f3n importante.<\/p>\n\n\n\n<p><a href=\"https:\/\/www.dw.com\/es\/elimina-m%C3%A9xico-a-pieza-clave-del-caso-ayotzinapa-lo-extradita-a-ee-uu\/a-61991259#\"><\/a><\/p>\n\n\n\n<figure class=\"wp-block-image size-full\"><img loading=\"lazy\" decoding=\"async\" width=\"700\" height=\"394\" src=\"https:\/\/losperiodistas.com.mx\/portal\/wp-content\/uploads\/2022\/06\/59321243_401.jpeg\" alt=\"\" class=\"wp-image-29034\" srcset=\"https:\/\/losperiodistas.com.mx\/portal\/wp-content\/uploads\/2022\/06\/59321243_401.jpeg 700w, https:\/\/losperiodistas.com.mx\/portal\/wp-content\/uploads\/2022\/06\/59321243_401-300x169.jpeg 300w\" sizes=\"(max-width: 700px) 100vw, 700px\" \/><figcaption>Estudiantes desaparecidos de Ayotzinapa: todav\u00eda no se hace justicia en M\u00e9xico.<\/figcaption><\/figure>\n\n\n\n<p><\/p>\n\n\n\n<h2 class=\"wp-block-heading\">La 4T en riesgo<\/h2>\n\n\n\n<p>Ad\u00e1n Casarrubias no ser\u00e1 juzgado en EE. UU. por el caso de los 43 estudiantes. Los diez cargos en su contra, de acuerdo al expediente judicial del que tengo copia, son por narcotr\u00e1fico. Podr\u00eda recibir una sentencia de cadena perpetua.<\/p>\n\n\n\n<p>\u00c9l ya sabe negociar con las fiscal\u00edas de Estados Unidos; lo hizo en 1999 con muchos beneficios. Si tiene informaci\u00f3n precisa sobre la desaparici\u00f3n de los normalistas seguramente la dar\u00e1, pero lo que es m\u00e1s apetitoso para el Departamento de Justicia es la informaci\u00f3n que \u00abEl Tomate\u201d pueda dar de los servidores p\u00fablicos involucrados en la red de protecci\u00f3n&nbsp; al narcotr\u00e1fico, y de su jefe \u00abGuess\u201d: su verdadera identidad&nbsp; podr\u00eda ser Mart\u00edn Villlegas Navarrete, \u00abEl elegante\u201d, o Federido Figueroa, hermano del cantante fallecido Joan Sebastian, como lo he se\u00f1alado en otras colaboraciones.<\/p>\n\n\n\n<p>Entre los funcionarios p\u00fablicos de los que podr\u00eda hablar est\u00e1n militares que han sido protegidos por la actual administraci\u00f3n de AMLO, como el exsecretario de la Defensa Nacional Salvador Cienfuegos, y militares de alto rango ubicados en Guerrero, a quienes el actual titular de la SEDENA, Luis Cresencio Sandoval,&nbsp;quien fue uno de los hombres de mayor confianza de Cienfuegos en el sexenio pasado, dio nuevos cargos en la actual administraci\u00f3n.<\/p>\n\n\n\n<p>Adem\u00e1s, Ad\u00e1n Casarrubias podr\u00e1 hablar de Omar Garc\u00eda Harfuch, quien ya aparece en otras indagatorias del gobierno de EE. UU. por presuntos actos de corrupci\u00f3n. Podr\u00e1 decir por qu\u00e9&nbsp; su nombre estaba en la libreta personal de su hermano Sidronio, y si es el mismo \u00abOmarcito\u201d u \u00abOmar\u201d que les estaba pidiendo dinero.<\/p>\n\n\n\n<p>Vidulfo Rosales me afirm\u00f3 que los familiares de los 43 estudiantes han exigido al gobierno de AMLO investigar a Garc\u00eda Harfuch en la desaparici\u00f3n, pero hasta el momento se han negado a hacerlo, y eso molesta y levanta sospechas entre quienes buscan recuperar a sus hijos vivos o muertos.<\/p>\n\n\n\n<p>Si Ad\u00e1n llega a un acuerdo sus revelaciones, estas podr\u00edan ser explosivas para el Gobierno de AMLO, su favorita para sucederlo, Claudia Sheinbaum, y el Ej\u00e9rcito. L\u00e1stima que, una vez m\u00e1s, la luz de una posible justicia no est\u00e9 en M\u00e9xico.<\/p>\n\n\n\n<p>(cp)<\/p>\n\n\n\n<p>Fuente: https:\/\/www.dw.com\/es\/elimina-m%C3%A9xico-a-pieza-clave-del-caso-ayotzinapa-lo-extradita-a-ee-uu\/a-61991259<\/p>\n","protected":false},"excerpt":{"rendered":"<p>El gobierno de Estados Unidos dio a conocer que M\u00e9xico extradit\u00f3 a ese pa\u00eds a Ad\u00e1n Zen\u00e9n Casarrubias Salgado, acusado [&hellip;]<\/p>\n","protected":false},"author":1,"featured_media":29033,"comment_status":"open","ping_status":"open","sticky":false,"template":"","format":"standard","meta":{"site-sidebar-layout":"default","site-content-layout":"","ast-site-content-layout":"default","site-content-style":"default","site-sidebar-style":"default","ast-global-header-display":"","ast-banner-title-visibility":"","ast-main-header-display":"","ast-hfb-above-header-display":"","ast-hfb-below-header-display":"","ast-hfb-mobile-header-display":"","site-post-title":"","ast-breadcrumbs-content":"","ast-featured-img":"","footer-sml-layout":"","theme-transparent-header-meta":"","adv-header-id-meta":"","stick-header-meta":"","header-above-stick-meta":"","header-main-stick-meta":"","header-below-stick-meta":"","astra-migrate-meta-layouts":"default","ast-page-background-enabled":"default","ast-page-background-meta":{"desktop":{"background-color":"var(--ast-global-color-4)","background-image":"","background-repeat":"repeat","background-position":"center center","background-size":"auto","background-attachment":"scroll","background-type":"","background-media":"","overlay-type":"","overlay-color":"","overlay-opacity":"","overlay-gradient":""},"tablet":{"background-color":"","background-image":"","background-repeat":"repeat","background-position":"center center","background-size":"auto","background-attachment":"scroll","background-type":"","background-media":"","overlay-type":"","overlay-color":"","overlay-opacity":"","overlay-gradient":""},"mobile":{"background-color":"","background-image":"","background-repeat":"repeat","background-position":"center center","background-size":"auto","background-attachment":"scroll","background-type":"","background-media":"","overlay-type":"","overlay-color":"","overlay-opacity":"","overlay-gradient":""}},"ast-content-background-meta":{"desktop":{"background-color":"var(--ast-global-color-5)","background-image":"","background-repeat":"repeat","background-position":"center center","background-size":"auto","background-attachment":"scroll","background-type":"","background-media":"","overlay-type":"","overlay-color":"","overlay-opacity":"","overlay-gradient":""},"tablet":{"background-color":"var(--ast-global-color-5)","background-image":"","background-repeat":"repeat","background-position":"center center","background-size":"auto","background-attachment":"scroll","background-type":"","background-media":"","overlay-type":"","overlay-color":"","overlay-opacity":"","overlay-gradient":""},"mobile":{"background-color":"var(--ast-global-color-5)","background-image":"","background-repeat":"repeat","background-position":"center center","background-size":"auto","background-attachment":"scroll","background-type":"","background-media":"","overlay-type":"","overlay-color":"","overlay-opacity":"","overlay-gradient":""}},"footnotes":""},"categories":[8],"tags":[10524,1656,10526],"class_list":["post-29032","post","type-post","status-publish","format-standard","has-post-thumbnail","hentry","category-noticias","tag-adan-zanen-casarrubias","tag-ayotzinapa","tag-normalistas-desaparecidos"],"_links":{"self":[{"href":"https:\/\/losperiodistas.com.mx\/portal\/wp-json\/wp\/v2\/posts\/29032","targetHints":{"allow":["GET"]}}],"collection":[{"href":"https:\/\/losperiodistas.com.mx\/portal\/wp-json\/wp\/v2\/posts"}],"about":[{"href":"https:\/\/losperiodistas.com.mx\/portal\/wp-json\/wp\/v2\/types\/post"}],"author":[{"embeddable":true,"href":"https:\/\/losperiodistas.com.mx\/portal\/wp-json\/wp\/v2\/users\/1"}],"replies":[{"embeddable":true,"href":"https:\/\/losperiodistas.com.mx\/portal\/wp-json\/wp\/v2\/comments?post=29032"}],"version-history":[{"count":1,"href":"https:\/\/losperiodistas.com.mx\/portal\/wp-json\/wp\/v2\/posts\/29032\/revisions"}],"predecessor-version":[{"id":29037,"href":"https:\/\/losperiodistas.com.mx\/portal\/wp-json\/wp\/v2\/posts\/29032\/revisions\/29037"}],"wp:featuredmedia":[{"embeddable":true,"href":"https:\/\/losperiodistas.com.mx\/portal\/wp-json\/wp\/v2\/media\/29033"}],"wp:attachment":[{"href":"https:\/\/losperiodistas.com.mx\/portal\/wp-json\/wp\/v2\/media?parent=29032"}],"wp:term":[{"taxonomy":"category","embeddable":true,"href":"https:\/\/losperiodistas.com.mx\/portal\/wp-json\/wp\/v2\/categories?post=29032"},{"taxonomy":"post_tag","embeddable":true,"href":"https:\/\/losperiodistas.com.mx\/portal\/wp-json\/wp\/v2\/tags?post=29032"}],"curies":[{"name":"wp","href":"https:\/\/api.w.org\/{rel}","templated":true}]}}