{"id":29004,"date":"2022-05-31T15:27:43","date_gmt":"2022-05-31T20:27:43","guid":{"rendered":"http:\/\/losperiodistas.com.mx\/portal\/?p=29004"},"modified":"2022-05-31T15:27:45","modified_gmt":"2022-05-31T20:27:45","slug":"ayuntamiento-de-puebla-pone-en-marcha-los-parquimetros-en-el-centro-historico","status":"publish","type":"post","link":"https:\/\/losperiodistas.com.mx\/portal\/ayuntamiento-de-puebla-pone-en-marcha-los-parquimetros-en-el-centro-historico\/","title":{"rendered":"Ayuntamiento de Puebla pone en marcha los parqu\u00edmetros en el Centro Hist\u00f3rico"},"content":{"rendered":"\n<ul class=\"wp-block-list\"><li><em>Del 3 al 30 de junio ser\u00e1 el periodo de adaptaci\u00f3n para la ciudadan\u00eda, donde no habr\u00e1 multas en caso de cometer alguna infracci\u00f3n, s\u00f3lo una notificaci\u00f3n.<\/em><\/li><\/ul>\n\n\n\n<figure class=\"wp-block-image size-large\"><img fetchpriority=\"high\" decoding=\"async\" width=\"1024\" height=\"682\" src=\"https:\/\/losperiodistas.com.mx\/portal\/wp-content\/uploads\/2022\/05\/WhatsApp-Image-2022-05-31-at-3.09.12-PM-1024x682.jpeg\" alt=\"\" class=\"wp-image-29005\" srcset=\"https:\/\/losperiodistas.com.mx\/portal\/wp-content\/uploads\/2022\/05\/WhatsApp-Image-2022-05-31-at-3.09.12-PM-1024x682.jpeg 1024w, https:\/\/losperiodistas.com.mx\/portal\/wp-content\/uploads\/2022\/05\/WhatsApp-Image-2022-05-31-at-3.09.12-PM-300x200.jpeg 300w, https:\/\/losperiodistas.com.mx\/portal\/wp-content\/uploads\/2022\/05\/WhatsApp-Image-2022-05-31-at-3.09.12-PM-768x512.jpeg 768w, https:\/\/losperiodistas.com.mx\/portal\/wp-content\/uploads\/2022\/05\/WhatsApp-Image-2022-05-31-at-3.09.12-PM.jpeg 1280w\" sizes=\"(max-width: 1024px) 100vw, 1024px\" \/><figcaption>Ayuntamiento Puebla<\/figcaption><\/figure>\n\n\n\n<p class=\"has-vivid-cyan-blue-color has-text-color has-medium-font-size\">REDACCI\u00d3N<\/p>\n\n\n\n<p>Para favorecer la movilidad, la reactivaci\u00f3n econ\u00f3mica, el turismo y el orden en el Centro Hist\u00f3rico de Puebla capital, en conferencia de prensa funcionarios municipales informaron los pormenores del funcionamiento de los parqu\u00edmetros, ya que a partir del viernes 3 de junio tres mil 600 cajones estar\u00e1n a disposici\u00f3n de visitantes, clientes y repartidores.<\/p>\n\n\n\n<p>En su intervenci\u00f3n, Ad\u00e1n Dom\u00ednguez S\u00e1nchez, Gerente Municipal, se\u00f1al\u00f3 que junio ser\u00e1 el periodo de adaptaci\u00f3n para los usuarios de los parqu\u00edmetros, pagar\u00e1n el costo de cada hora, pero en caso de incurrir en alguna falta \u00e9sta no ameritar\u00e1 multa, s\u00f3lo se colocar\u00e1n volantes en los parabrisas para notificar la falla correspondiente.<\/p>\n\n\n\n<p>En tanto, la regidora Fernanda Huerta L\u00f3pez, Presidenta de la Comisi\u00f3n de Infraestructura, Movilidad y Servicios P\u00fablicos destac\u00f3 que esta estrategia de los parqu\u00edmetros es la continuidad del trabajo que se ha estado realizando desde el Ayuntamiento de Puebla, encabezado por Eduardo Rivera P\u00e9rez para tener orden en la ciudad, iniciando por el Centro Hist\u00f3rico.<\/p>\n\n\n\n<p>Para aclarar las dudas del funcionamiento de los parqu\u00edmetros, Rub\u00ed V\u00e1zquez Cruz, Subsecretaria de Movilidad explic\u00f3 que estos permitir\u00e1n estacionarse s\u00f3lo por un periodo de cuatro horas, siendo el costo m\u00e1ximo a pagar 20 pesos; la primera hora ser\u00e1 gratis, la segunda y tercera tendr\u00e1n un costo de cinco pesos cada una, mientras que la cuarta hora de 10 pesos. Este sistema de estacionamiento rotativo estar\u00e1 en operaci\u00f3n de lunes a viernes de 8:00 a 22:00 horas, s\u00e1bados de 8:00 a 14:00 horas y domingos no aplicar\u00e1.<\/p>\n\n\n\n<p>Los automovilistas tendr\u00e1n diversas opciones de pago, ya sea a trav\u00e9s de la aplicaci\u00f3n para celular de Parkimovil donde se debe registrar una tarjeta de d\u00e9bito o cr\u00e9dito, comprando saldo o pagando en efectivo en los negocios autorizados o por mensaje de texto al 25505 enviando PUE seguido de las placas del veh\u00edculo. El pago incluye un seguro para el auto por el tiempo que permanezca estacionado.<\/p>\n\n\n\n<p>\u00bfQu\u00e9 no se debe hacer? Invadir cajones destinados para personas con discapacidad, motociclistas, carga y descarga, estacionarse por m\u00e1s de cuatro horas, no registrar las placas del veh\u00edculo en la plataforma, estacionarse de forma inadecuada o fuera del l\u00edmite del caj\u00f3n y en cruces peatonales, ya que estos comportamientos ameritan una sanci\u00f3n econ\u00f3mica, la cual puede ir de 384 pesos hasta los nueve mil 622 pesos, seg\u00fan la falta.<\/p>\n\n\n\n<p>Cabe destacar que a partir del 1 de julio se iniciar\u00e1 la aplicaci\u00f3n de multas, mismas que entran en el esquema de descuentos del 50 por ciento por pronto pago, dentro de los primeros cinco d\u00edas naturales.<\/p>\n\n\n\n<p>V\u00e1zquez Cruz inform\u00f3 que los parqu\u00edmetros estar\u00e1n en funcionamiento en el pol\u00edgono de la 12 Poniente \u2013 Oriente, Bulevar 5 de Mayo, 17 Poniente \u2013 Oriente, 11 Sur y 13 Sur \u2013 Norte, donde habr\u00e1n tres mil 260 cajones para veh\u00edculos privados, 120 de accesibilidad, 100 para motociclistas y 120 para carga y descarga, asimismo, habr\u00e1 espacios para vecinas y vecinos de la zona sin cochera, adem\u00e1s, en favor de los trabajadores del Centro Hist\u00f3rico se acordaron descuentos y pensiones a bajo costo con estacionamientos del \u00e1rea.<\/p>\n","protected":false},"excerpt":{"rendered":"<p>Del 3 al 30 de junio ser\u00e1 el periodo de adaptaci\u00f3n para la ciudadan\u00eda, donde no habr\u00e1 multas en caso [&hellip;]<\/p>\n","protected":false},"author":1,"featured_media":29005,"comment_status":"open","ping_status":"open","sticky":false,"template":"","format":"standard","meta":{"site-sidebar-layout":"default","site-content-layout":"","ast-site-content-layout":"default","site-content-style":"default","site-sidebar-style":"default","ast-global-header-display":"","ast-banner-title-visibility":"","ast-main-header-display":"","ast-hfb-above-header-display":"","ast-hfb-below-header-display":"","ast-hfb-mobile-header-display":"","site-post-title":"","ast-breadcrumbs-content":"","ast-featured-img":"","footer-sml-layout":"","theme-transparent-header-meta":"","adv-header-id-meta":"","stick-header-meta":"","header-above-stick-meta":"","header-main-stick-meta":"","header-below-stick-meta":"","astra-migrate-meta-layouts":"default","ast-page-background-enabled":"default","ast-page-background-meta":{"desktop":{"background-color":"var(--ast-global-color-4)","background-image":"","background-repeat":"repeat","background-position":"center center","background-size":"auto","background-attachment":"scroll","background-type":"","background-media":"","overlay-type":"","overlay-color":"","overlay-opacity":"","overlay-gradient":""},"tablet":{"background-color":"","background-image":"","background-repeat":"repeat","background-position":"center center","background-size":"auto","background-attachment":"scroll","background-type":"","background-media":"","overlay-type":"","overlay-color":"","overlay-opacity":"","overlay-gradient":""},"mobile":{"background-color":"","background-image":"","background-repeat":"repeat","background-position":"center center","background-size":"auto","background-attachment":"scroll","background-type":"","background-media":"","overlay-type":"","overlay-color":"","overlay-opacity":"","overlay-gradient":""}},"ast-content-background-meta":{"desktop":{"background-color":"var(--ast-global-color-5)","background-image":"","background-repeat":"repeat","background-position":"center center","background-size":"auto","background-attachment":"scroll","background-type":"","background-media":"","overlay-type":"","overlay-color":"","overlay-opacity":"","overlay-gradient":""},"tablet":{"background-color":"var(--ast-global-color-5)","background-image":"","background-repeat":"repeat","background-position":"center center","background-size":"auto","background-attachment":"scroll","background-type":"","background-media":"","overlay-type":"","overlay-color":"","overlay-opacity":"","overlay-gradient":""},"mobile":{"background-color":"var(--ast-global-color-5)","background-image":"","background-repeat":"repeat","background-position":"center center","background-size":"auto","background-attachment":"scroll","background-type":"","background-media":"","overlay-type":"","overlay-color":"","overlay-opacity":"","overlay-gradient":""}},"footnotes":""},"categories":[8],"tags":[7279,3578,1981,7825],"class_list":["post-29004","post","type-post","status-publish","format-standard","has-post-thumbnail","hentry","category-noticias","tag-contigoyconrumbo","tag-adan-dominguez-sanchez","tag-centro-historico-puebla","tag-parquimetros"],"_links":{"self":[{"href":"https:\/\/losperiodistas.com.mx\/portal\/wp-json\/wp\/v2\/posts\/29004","targetHints":{"allow":["GET"]}}],"collection":[{"href":"https:\/\/losperiodistas.com.mx\/portal\/wp-json\/wp\/v2\/posts"}],"about":[{"href":"https:\/\/losperiodistas.com.mx\/portal\/wp-json\/wp\/v2\/types\/post"}],"author":[{"embeddable":true,"href":"https:\/\/losperiodistas.com.mx\/portal\/wp-json\/wp\/v2\/users\/1"}],"replies":[{"embeddable":true,"href":"https:\/\/losperiodistas.com.mx\/portal\/wp-json\/wp\/v2\/comments?post=29004"}],"version-history":[{"count":1,"href":"https:\/\/losperiodistas.com.mx\/portal\/wp-json\/wp\/v2\/posts\/29004\/revisions"}],"predecessor-version":[{"id":29006,"href":"https:\/\/losperiodistas.com.mx\/portal\/wp-json\/wp\/v2\/posts\/29004\/revisions\/29006"}],"wp:featuredmedia":[{"embeddable":true,"href":"https:\/\/losperiodistas.com.mx\/portal\/wp-json\/wp\/v2\/media\/29005"}],"wp:attachment":[{"href":"https:\/\/losperiodistas.com.mx\/portal\/wp-json\/wp\/v2\/media?parent=29004"}],"wp:term":[{"taxonomy":"category","embeddable":true,"href":"https:\/\/losperiodistas.com.mx\/portal\/wp-json\/wp\/v2\/categories?post=29004"},{"taxonomy":"post_tag","embeddable":true,"href":"https:\/\/losperiodistas.com.mx\/portal\/wp-json\/wp\/v2\/tags?post=29004"}],"curies":[{"name":"wp","href":"https:\/\/api.w.org\/{rel}","templated":true}]}}