{"id":28989,"date":"2022-05-31T10:51:58","date_gmt":"2022-05-31T15:51:58","guid":{"rendered":"http:\/\/losperiodistas.com.mx\/portal\/?p=28989"},"modified":"2022-05-31T10:52:00","modified_gmt":"2022-05-31T15:52:00","slug":"gobierno-federal-va-contra-los-vapeadores-y-cigarros-electronicos-lopez-gatell-anuncia-que-su-venta-estara-prohibida-infobae","status":"publish","type":"post","link":"https:\/\/losperiodistas.com.mx\/portal\/gobierno-federal-va-contra-los-vapeadores-y-cigarros-electronicos-lopez-gatell-anuncia-que-su-venta-estara-prohibida-infobae\/","title":{"rendered":"Gobierno federal va contra los vapeadores y cigarros electr\u00f3nicos, L\u00f3pez-Gatell anuncia que su venta estar\u00e1 prohibida | Infobae"},"content":{"rendered":"\n<p><em>De acuerdo con el subsecretario de Salud, Hugo Lopez- Gatell, los vapeadores y cigarros electr\u00f3nicos son probablemente m\u00e1s da\u00f1inos que los productos convencionales de tabaco<\/em><\/p>\n\n\n\n<p><\/p>\n\n\n\n<figure class=\"wp-block-image size-large\"><img fetchpriority=\"high\" decoding=\"async\" width=\"1024\" height=\"576\" src=\"https:\/\/losperiodistas.com.mx\/portal\/wp-content\/uploads\/2022\/05\/WUWCAPIL6VF4ZNJ5NCW6MRSFL4-1024x576.jpg\" alt=\"\" class=\"wp-image-28990\" srcset=\"https:\/\/losperiodistas.com.mx\/portal\/wp-content\/uploads\/2022\/05\/WUWCAPIL6VF4ZNJ5NCW6MRSFL4-1024x576.jpg 1024w, https:\/\/losperiodistas.com.mx\/portal\/wp-content\/uploads\/2022\/05\/WUWCAPIL6VF4ZNJ5NCW6MRSFL4-300x169.jpg 300w, https:\/\/losperiodistas.com.mx\/portal\/wp-content\/uploads\/2022\/05\/WUWCAPIL6VF4ZNJ5NCW6MRSFL4-768x432.jpg 768w, https:\/\/losperiodistas.com.mx\/portal\/wp-content\/uploads\/2022\/05\/WUWCAPIL6VF4ZNJ5NCW6MRSFL4.jpg 1440w\" sizes=\"(max-width: 1024px) 100vw, 1024px\" \/><figcaption>Foto: Gettyimages<\/figcaption><\/figure>\n\n\n\n<p><\/p>\n\n\n\n<p class=\"has-vivid-cyan-blue-color has-text-color has-medium-font-size\">INFOBAE<\/p>\n\n\n\n<p>En el marco del&nbsp;<strong>D\u00eda Mundial Sin Tabaco<\/strong>, el gobierno federal mexicano dio a conocer que firmar\u00e1 el decreto que prohibir\u00e1 la circulaci\u00f3n y comercializaci\u00f3n de<strong>&nbsp;vapeadores y cigarros electr\u00f3nicos<\/strong>, as\u00ed lo dio a conocer el Subsecretario de Salud,&nbsp;<strong>Hugo L\u00f3pez-Gatell<\/strong>&nbsp;este 31 de mayo, durante la conferencia de prensa del presidente<strong>&nbsp;Andr\u00e9s Manuel L\u00f3pez Obrador.<\/strong><\/p>\n\n\n\n<blockquote class=\"wp-block-quote is-layout-flow wp-block-quote-is-layout-flow\"><p>\u201cEl presidente firmar\u00e1 este nuevo decreto que proh\u00edbe ya no solo la importaci\u00f3n y exportaci\u00f3n sino tambi\u00e9n la importaci\u00f3n y exportaci\u00f3n de estos nocivos productos en el interior de la Rep\u00fablica\u201d, expres\u00f3.<\/p><\/blockquote>\n\n\n\n<p>A la par, el epidemi\u00f3logo, qui\u00e9n recientemente represent\u00f3 a M\u00e9xico ante la<strong>&nbsp;Organizaci\u00f3n Mundial de la Salud (OMS)<\/strong>, se\u00f1al\u00f3 que no existe dosis de tabaco que no sea da\u00f1ina para la salud, ni forma de administraci\u00f3n alguna que pueda ser ben\u00e9fica.<\/p>\n\n\n\n<blockquote class=\"wp-block-quote is-layout-flow wp-block-quote-is-layout-flow\"><p>\u201cLos nuevos productos del tabaco como vapeadores y cigarros electr\u00f3nicos son productos da\u00f1inos, causan m\u00faltiples enfermedades (&#8230;) probablemente son m\u00e1s da\u00f1inos que los productos convencionales\u201d, dijo el subsecretario.<\/p><\/blockquote>\n\n\n\n<p>Durante la conferencia, L\u00f3pez-Gatell se\u00f1al\u00f3 que alrededor del tema exist\u00eda desinformaci\u00f3n y desarrollo a la industria tabacalera:<\/p>\n\n\n\n<p>\u201cLa gran mentira es que los vapeadores y cigarros son menos da\u00f1inos,(&#8230;) pero esto es falso, tambi\u00e9n el vapeo, tambi\u00e9n los vapores son da\u00f1inos para la salud, y no solo eso, la segunda mentira es que plantean que los productos son una medida \u00fatil para dejar de fumar, hay evidencia de que estos<strong>&nbsp;inducen al consumo de tabaco<\/strong>\u201d, ataj\u00f3.<img decoding=\"async\" alt=\"El subsecretario de Salud asever\u00f3 que hoy el presidente Andr\u00e9s Manuel L\u00f3pez Obrador firmar\u00e1 el decreto con el que se prohibe la comercilizaci\u00f3n y circulaci\u00f3n de cigarros electr\u00f3nicos y vapeadores. \nFOTO: GALO CA\u00d1AS\/CUARTOSCURO.COM\" height=\"1280\" width=\"1920\" class=\"\" src=\"https:\/\/cloudfront-us-east-1.images.arcpublishing.com\/infobae\/CSINK6QHIJA33DLXZWYBX5SFXA.jpeg\" srcset=\"https:\/\/www.infobae.com\/new-resizer\/YlkdL-hEC4DtV4jlMmhyGSsq-78=\/420x280\/filters:format(webp):quality(85)\/cloudfront-us-east-1.images.arcpublishing.com\/infobae\/CSINK6QHIJA33DLXZWYBX5SFXA.jpeg 420w,https:\/\/www.infobae.com\/new-resizer\/sEE8bYyP_5vlT7wgz6v6uuJf8uo=\/768x512\/filters:format(webp):quality(85)\/cloudfront-us-east-1.images.arcpublishing.com\/infobae\/CSINK6QHIJA33DLXZWYBX5SFXA.jpeg 768w,https:\/\/www.infobae.com\/new-resizer\/bEiFwvPaXDQrYZltndWrYi5W_0U=\/992x661\/filters:format(webp):quality(85)\/cloudfront-us-east-1.images.arcpublishing.com\/infobae\/CSINK6QHIJA33DLXZWYBX5SFXA.jpeg 992w,https:\/\/www.infobae.com\/new-resizer\/iGKRzVUPzW7KT7gPKshzGVyRe0U=\/1200x800\/filters:format(webp):quality(85)\/cloudfront-us-east-1.images.arcpublishing.com\/infobae\/CSINK6QHIJA33DLXZWYBX5SFXA.jpeg 1200w,https:\/\/www.infobae.com\/new-resizer\/-FdupPkR6AxdQWq3WUI2ugwtfcw=\/1440x960\/filters:format(webp):quality(85)\/cloudfront-us-east-1.images.arcpublishing.com\/infobae\/CSINK6QHIJA33DLXZWYBX5SFXA.jpeg 1440w\">El subsecretario de Salud asever\u00f3 que hoy el presidente Andr\u00e9s Manuel L\u00f3pez Obrador firmar\u00e1 el decreto con el que se prohibe la comercilizaci\u00f3n y circulaci\u00f3n de cigarros electr\u00f3nicos y vapeadores. FOTO: GALO CA\u00d1AS\/CUARTOSCURO.COM<\/p>\n\n\n\n<p>La principal motivaci\u00f3n para emitir el decreto, seg\u00fan relat\u00f3 el subsecretario, se origin\u00f3 ante la&nbsp;<strong>adicci\u00f3n y da\u00f1os a la salud&nbsp;<\/strong>que genera el consumo de tabaco. Agreg\u00f3 que los nuevos productos son relevantes para la industria del tabaco dada la disminuci\u00f3n de consumo del mismo en distintas partes del mundo.<\/p>\n\n\n\n<p>A la par asegur\u00f3 que&nbsp;<strong>\u201cla industria del tabaco amenaza a la ni\u00f1ez con los nuevos productos\u201d<\/strong>, ya que, de acuerdo con el funcionario, el atractivo para los menores es tal que han logrado que a edades muy tempranas los menores comiencen a consumir este tipo de productos.<\/p>\n\n\n\n<p>\u201cLo est\u00e1n haciendo de una manera abierta y grosera pero tambi\u00e9n disfrazada con un discurso enga\u00f1oso, porque los productos est\u00e1n dise\u00f1ados para atraer la atenci\u00f3n de los ni\u00f1os\u201d.<\/p>\n\n\n\n<p>Con ello detall\u00f3 que esto no solo se da a partir de la publicidad, sino tambi\u00e9n con el dise\u00f1o de productos saborizados. Cabe se\u00f1alar que de acuerdo con las autoridades las principales alertas sobre vapeadores y cigarros electr\u00f3nicos son:<\/p>\n\n\n\n<p>-Aumentan la probabilidad de fumar tabaco<\/p>\n\n\n\n<p>-Aceleran la posibilidad de una adicci\u00f3n<\/p>\n\n\n\n<p>-Generan contaminaci\u00f3n por exposici\u00f3n directa<img decoding=\"async\" alt=\"De acuerdo con la Cofepris no se ha comprobado que los vapeadores o los cigarros electr\u00f3nicos sean una alternativa para dejar de fumar. (Foto: Gettyimages)\" height=\"4000\" width=\"6000\" class=\"\" src=\"https:\/\/cloudfront-us-east-1.images.arcpublishing.com\/infobae\/SQ4L2V6FRNEUPDXI5R7HVXGOSA.jpg\" srcset=\"https:\/\/www.infobae.com\/new-resizer\/FevOqTihWk9vbaCiiVVG3L66d6k=\/420x280\/filters:format(webp):quality(85)\/cloudfront-us-east-1.images.arcpublishing.com\/infobae\/SQ4L2V6FRNEUPDXI5R7HVXGOSA.jpg 420w,https:\/\/www.infobae.com\/new-resizer\/fu0A-cm3XPcl0Zp7bjHU-sJ49XU=\/768x512\/filters:format(webp):quality(85)\/cloudfront-us-east-1.images.arcpublishing.com\/infobae\/SQ4L2V6FRNEUPDXI5R7HVXGOSA.jpg 768w,https:\/\/www.infobae.com\/new-resizer\/FU-hSDJ-YYJoT95cGCwmanzYIZs=\/992x661\/filters:format(webp):quality(85)\/cloudfront-us-east-1.images.arcpublishing.com\/infobae\/SQ4L2V6FRNEUPDXI5R7HVXGOSA.jpg 992w,https:\/\/www.infobae.com\/new-resizer\/GQoRjKJ9HG1lKHWTzy2MIjaQ75o=\/1200x800\/filters:format(webp):quality(85)\/cloudfront-us-east-1.images.arcpublishing.com\/infobae\/SQ4L2V6FRNEUPDXI5R7HVXGOSA.jpg 1200w,https:\/\/www.infobae.com\/new-resizer\/cEFZ_AVjBbo8NLMzkCZtBigHt2Y=\/1440x960\/filters:format(webp):quality(85)\/cloudfront-us-east-1.images.arcpublishing.com\/infobae\/SQ4L2V6FRNEUPDXI5R7HVXGOSA.jpg 1440w\">De acuerdo con la Cofepris no se ha comprobado que los vapeadores o los cigarros electr\u00f3nicos sean una alternativa para dejar de fumar. (Foto: Gettyimages)<\/p>\n\n\n\n<p>Cabe se\u00f1alar que , la Comisi\u00f3n Federal para la Protecci\u00f3n contra Riesgos Sanitarios (<strong>Cofepris<\/strong>) emiti\u00f3&nbsp;<a href=\"https:\/\/www.infobae.com\/america\/mexico\/2022\/05\/19\/cofepris-emitio-alerta-sanitaria-maxima-para-vapeadores-y-cigarros-electronicos\/\"><strong>una alerta sanitaria m\u00e1xima<\/strong><\/a>&nbsp;y explic\u00f3 que no existe evidencia de que los vapeadores sean una alternativa menos da\u00f1ina:<\/p>\n\n\n\n<p>\u201cSus derivados de compuestos carcin\u00f3genos, sustancias t\u00f3xicas y emisiones en forma de aerosol representan un grave riesgo para quienes lo consumen\u201d, se\u00f1al\u00f3 en un comunicado.<\/p>\n\n\n\n<p>En el texto, Cofepris advirti\u00f3 como la inhalaci\u00f3n de un excipiente frecuentemente encontrado en los dispositivos de vapeo denominado&nbsp;<em><strong>acetato vitamina E<\/strong><\/em>&nbsp;constituye un riesgo alto para la salud, al tratarse de&nbsp;<strong>una sustancia t\u00f3xica que puede ocasionar enfermedades respiratorias agudas e incluso la muerte<\/strong>.<\/p>\n\n\n\n<p>\u201c<strong>Ning\u00fan vapeador o calentador de tabaco cuenta con autorizaci\u00f3n sanitaria, ni reconocimiento por parte de la Secretar\u00eda de Salud<\/strong>&nbsp;(SSa) como productos de riesgo reducido o alternativo\u201d, ataj\u00f3.<\/p>\n\n\n\n<p>Cabe se\u00f1alar que actualmente, cerca de 15 millones de personas en M\u00e9xico son fumadoras.<\/p>\n\n\n\n<p>Fuente: https:\/\/www.infobae.com\/america\/mexico\/2022\/05\/31\/gobierno-federal-va-contra-los-vapeadores-y-cigarros-electronicos-lopez-gatell-anuncia-que-su-venta-estara-prohibida\/<\/p>\n","protected":false},"excerpt":{"rendered":"<p>De acuerdo con el subsecretario de Salud, Hugo Lopez- Gatell, los vapeadores y cigarros electr\u00f3nicos son probablemente m\u00e1s da\u00f1inos que [&hellip;]<\/p>\n","protected":false},"author":1,"featured_media":28990,"comment_status":"open","ping_status":"open","sticky":false,"template":"","format":"standard","meta":{"site-sidebar-layout":"default","site-content-layout":"","ast-site-content-layout":"default","site-content-style":"default","site-sidebar-style":"default","ast-global-header-display":"","ast-banner-title-visibility":"","ast-main-header-display":"","ast-hfb-above-header-display":"","ast-hfb-below-header-display":"","ast-hfb-mobile-header-display":"","site-post-title":"","ast-breadcrumbs-content":"","ast-featured-img":"","footer-sml-layout":"","theme-transparent-header-meta":"","adv-header-id-meta":"","stick-header-meta":"","header-above-stick-meta":"","header-main-stick-meta":"","header-below-stick-meta":"","astra-migrate-meta-layouts":"default","ast-page-background-enabled":"default","ast-page-background-meta":{"desktop":{"background-color":"var(--ast-global-color-4)","background-image":"","background-repeat":"repeat","background-position":"center center","background-size":"auto","background-attachment":"scroll","background-type":"","background-media":"","overlay-type":"","overlay-color":"","overlay-opacity":"","overlay-gradient":""},"tablet":{"background-color":"","background-image":"","background-repeat":"repeat","background-position":"center center","background-size":"auto","background-attachment":"scroll","background-type":"","background-media":"","overlay-type":"","overlay-color":"","overlay-opacity":"","overlay-gradient":""},"mobile":{"background-color":"","background-image":"","background-repeat":"repeat","background-position":"center center","background-size":"auto","background-attachment":"scroll","background-type":"","background-media":"","overlay-type":"","overlay-color":"","overlay-opacity":"","overlay-gradient":""}},"ast-content-background-meta":{"desktop":{"background-color":"var(--ast-global-color-5)","background-image":"","background-repeat":"repeat","background-position":"center center","background-size":"auto","background-attachment":"scroll","background-type":"","background-media":"","overlay-type":"","overlay-color":"","overlay-opacity":"","overlay-gradient":""},"tablet":{"background-color":"var(--ast-global-color-5)","background-image":"","background-repeat":"repeat","background-position":"center center","background-size":"auto","background-attachment":"scroll","background-type":"","background-media":"","overlay-type":"","overlay-color":"","overlay-opacity":"","overlay-gradient":""},"mobile":{"background-color":"var(--ast-global-color-5)","background-image":"","background-repeat":"repeat","background-position":"center center","background-size":"auto","background-attachment":"scroll","background-type":"","background-media":"","overlay-type":"","overlay-color":"","overlay-opacity":"","overlay-gradient":""}},"footnotes":""},"categories":[8],"tags":[10521,10520],"class_list":["post-28989","post","type-post","status-publish","format-standard","has-post-thumbnail","hentry","category-noticias","tag-cigarros-electronicos","tag-mexico-vapeadores"],"_links":{"self":[{"href":"https:\/\/losperiodistas.com.mx\/portal\/wp-json\/wp\/v2\/posts\/28989","targetHints":{"allow":["GET"]}}],"collection":[{"href":"https:\/\/losperiodistas.com.mx\/portal\/wp-json\/wp\/v2\/posts"}],"about":[{"href":"https:\/\/losperiodistas.com.mx\/portal\/wp-json\/wp\/v2\/types\/post"}],"author":[{"embeddable":true,"href":"https:\/\/losperiodistas.com.mx\/portal\/wp-json\/wp\/v2\/users\/1"}],"replies":[{"embeddable":true,"href":"https:\/\/losperiodistas.com.mx\/portal\/wp-json\/wp\/v2\/comments?post=28989"}],"version-history":[{"count":1,"href":"https:\/\/losperiodistas.com.mx\/portal\/wp-json\/wp\/v2\/posts\/28989\/revisions"}],"predecessor-version":[{"id":28991,"href":"https:\/\/losperiodistas.com.mx\/portal\/wp-json\/wp\/v2\/posts\/28989\/revisions\/28991"}],"wp:featuredmedia":[{"embeddable":true,"href":"https:\/\/losperiodistas.com.mx\/portal\/wp-json\/wp\/v2\/media\/28990"}],"wp:attachment":[{"href":"https:\/\/losperiodistas.com.mx\/portal\/wp-json\/wp\/v2\/media?parent=28989"}],"wp:term":[{"taxonomy":"category","embeddable":true,"href":"https:\/\/losperiodistas.com.mx\/portal\/wp-json\/wp\/v2\/categories?post=28989"},{"taxonomy":"post_tag","embeddable":true,"href":"https:\/\/losperiodistas.com.mx\/portal\/wp-json\/wp\/v2\/tags?post=28989"}],"curies":[{"name":"wp","href":"https:\/\/api.w.org\/{rel}","templated":true}]}}