{"id":28982,"date":"2022-05-31T10:16:04","date_gmt":"2022-05-31T15:16:04","guid":{"rendered":"http:\/\/losperiodistas.com.mx\/portal\/?p=28982"},"modified":"2022-05-31T10:16:06","modified_gmt":"2022-05-31T15:16:06","slug":"el-culto-al-cuerpo-en-roma-que-creer-y-que-no-historia-y-vida","status":"publish","type":"post","link":"https:\/\/losperiodistas.com.mx\/portal\/el-culto-al-cuerpo-en-roma-que-creer-y-que-no-historia-y-vida\/","title":{"rendered":"El culto al cuerpo en Roma: qu\u00e9 creer y qu\u00e9 no\u00a0| Historia y Vida"},"content":{"rendered":"\n<p><em>Isabel Margarit y Ana Echeverr\u00eda revisan la amplia gama de recursos a disposici\u00f3n de los romanos cada vez que deseaban brillar en p\u00fablico con la mejor versi\u00f3n de su propia imagen<\/em><\/p>\n\n\n\n<p><\/p>\n\n\n\n<figure class=\"wp-block-image size-full\"><img fetchpriority=\"high\" decoding=\"async\" width=\"948\" height=\"465\" src=\"https:\/\/losperiodistas.com.mx\/portal\/wp-content\/uploads\/2022\/05\/628cf68be02aa.r_d.346-192.jpeg\" alt=\"\" class=\"wp-image-28987\" srcset=\"https:\/\/losperiodistas.com.mx\/portal\/wp-content\/uploads\/2022\/05\/628cf68be02aa.r_d.346-192.jpeg 948w, https:\/\/losperiodistas.com.mx\/portal\/wp-content\/uploads\/2022\/05\/628cf68be02aa.r_d.346-192-300x147.jpeg 300w, https:\/\/losperiodistas.com.mx\/portal\/wp-content\/uploads\/2022\/05\/628cf68be02aa.r_d.346-192-768x377.jpeg 768w\" sizes=\"(max-width: 948px) 100vw, 948px\" \/><figcaption>&#8216;Joven con t\u00fanica amarilla&#8217;, por sir Lawrence Alma-Tadema, 1901<br>\u00a0AGE Fotostock<\/figcaption><\/figure>\n\n\n\n<p class=\"has-vivid-cyan-blue-color has-text-color has-medium-font-size\">ISABEL MARGARIT \/ ANA ECHEVERR\u00cdA \/ PODCAST HISTORIA Y VIDA \/ LA VANGUARDIA<\/p>\n\n\n\n<p><\/p>\n\n\n\n<p>Listen to \u00abCulto al cuerpo a la romana \u2013 Episodio 20\u00bb by La Vanguardia via #spreaker <\/p>\n\n\n\n<p><a href=\"https:\/\/www.spreaker.com\/user\/lavanguardia\/hyv-romabelleza\">https:\/\/www.spreaker.com\/user\/lavanguardia\/hyv-romabelleza<\/a><\/p>\n\n\n\n<p>En la antigua Roma, el gusto por la moda, la belleza y el aseo personal se contaba entre las prioridades de los ciudadanos. De hecho, dej\u00f3 un rastro que puede seguirse muchos siglos m\u00e1s tarde. Como en el Renacimiento, cuando se reinventa el talle alto de las t\u00fanicas femeninas, o en la Gran Breta\u00f1a del siglo XIX, en que el estilo Regencia vuelve a evidenciar la influencia latina, tendencia que la serie&nbsp;<em><a href=\"https:\/\/www.lavanguardia.com\/series\/netflix\/20220405\/8178902\/los-bridgerton-temporada-3-benedict-luke-thompson-netflix.html\">Los Bridgerton<\/a><\/em>&nbsp;ha resucitado esta temporada. Roma, de un modo u otro, siempre vuelve.<\/p>\n\n\n\n<p>Tan importante era la ostentaci\u00f3n en la antigua rep\u00fablica del T\u00edber que las mujeres ricas se manifestaron para derogar la&nbsp;<em>Lex Oppia<\/em>, que limitaba su derecho a vestirse como quisieran o a desplazarse en carruajes. Las matronas lograron su objetivo: ejercer un control personal sobre sus propias joyas. \u00bfPura frivolidad? Seguramente no. Los objetos de valor constitu\u00edan un ornamento y, a la vez, un tipo de inversi\u00f3n. Su propiedad aportaba un seguro por si llegaban malos tiempos.<ins><\/ins>Escucha tambi\u00e9n<\/p>\n\n\n\n<ul class=\"wp-block-list\"><li>&nbsp;<a href=\"https:\/\/www.lavanguardia.com\/historiayvida\/20220210\/8042887\/podcast-historia-vida-episodio-15-emperador-romano-adriano-enemigos.html\">Adriano estuvo a punto de ser borrado de la historia<\/a><\/li><li>&nbsp;<a href=\"https:\/\/www.lavanguardia.com\/historiayvida\/20220224\/8074796\/podcast-historia-vida-episodio-16-mujeres-hitler-alemania-nazi.html\">Nazis con tacones: las mujeres que sustentaron el Tercer Reich<\/a><\/li><li>&nbsp;<a href=\"https:\/\/www.lavanguardia.com\/historiayvida\/edad-moderna\/20220317\/8125175\/podcast-historia-vida-episodio-17-catalina-rusia-zarina-putin.html\">Catalina de Rusia, la d\u00e9spota a la que Putin pretende emular<\/a><\/li><li>&nbsp;<a href=\"https:\/\/www.lavanguardia.com\/historiayvida\/historia-contemporanea\/20220407\/8179224\/episodio-18-podcast-lv-machu-picchu-peru.html\">Maravillas, errores y mentiras sobre Machu Picchu<\/a><\/li><li>&nbsp;<a href=\"https:\/\/www.lavanguardia.com\/historiayvida\/edad-media\/20220428\/8224102\/episodio-19-podcast-lv-mitos-templarios.html\">Ni org\u00edas, ni herej\u00edas ni idolatr\u00eda: los mitos m\u00e1s pesados sobre los templarios<\/a><\/li><\/ul>\n\n\n\n<p>Lee tambi\u00e9n<\/p>\n\n\n\n<h2 class=\"wp-block-heading\"><a href=\"https:\/\/www.lavanguardia.com\/historiayvida\/20220526\/8131304\/podcast-historia-vida-lado-mas-desconocido-controvertido-historia.html\">Podcast &#8216;Historia y Vida&#8217;, el lado m\u00e1s desconocido y controvertido de la historia<\/a><\/h2>\n\n\n\n<p>HISTORIA Y VIDA<\/p>\n\n\n\n<figure class=\"wp-block-image\"><img decoding=\"async\" src=\"https:\/\/www.lavanguardia.com\/files\/image_104_108\/files\/fp\/uploads\/2022\/03\/17\/62331138dd792.r_d.103-216.png\" alt=\"Podcast Historia y Vida\"\/><\/figure>\n\n\n\n<p>El impacto de la cultura posterior ha hecho que tengamos con frecuencia una imagen falseada de la moda de la \u00e9poca. En los p\u00e9plums, por ejemplo, las mujeres nobles aparecen con trasparencias en lugares p\u00fablicos (en pintura, ah\u00ed tenemos el ejemplo de Alma-Tadema encabezando este art\u00edculo). En realidad, la mujer romana, sobre todo si era respetable, deb\u00eda atenerse a los l\u00edmites del pudor como norma de etiqueta.<\/p>\n\n\n\n<p>Lee tambi\u00e9n<\/p>\n\n\n\n<h2 class=\"wp-block-heading\"><a href=\"https:\/\/www.lavanguardia.com\/historiayvida\/historia-antigua\/20220126\/8008943\/moda-roma-imperial-austeridad-exceso.html\">Ser &#8216;fashion victim&#8217; en la Roma imperial<\/a><\/h2>\n\n\n\n<p>ANA ECHEVERR\u00cdA AR\u00cdSTEGUI<\/p>\n\n\n\n<figure class=\"wp-block-image\"><img decoding=\"async\" src=\"https:\/\/www.lavanguardia.com\/files\/image_334_164\/uploads\/2022\/01\/25\/61f0344775178.jpeg\" alt=\"Damas romanas luciendo la tradicional 'stola' en el siglo I, seg\u00fan 'The History of Costume', de Braun &amp; Schneider\"\/><\/figure>\n\n\n\n<p>A los romanos les encantaba vestir con elegancia. Algunas prendas, las te\u00f1idas de p\u00farpura, otorgaban prestigio, pero ten\u00edan un precio prohibitivo. Los m\u00e1s adinerados pod\u00edan permitirse la extravagancia. Sin embargo, no todo eran ventajas: el tinte provocaba un&nbsp;<a href=\"https:\/\/www.lavanguardia.com\/historiayvida\/historia-antigua\/20201212\/6108687\/tiro-olor-purpura-libano-fenicios.html\">olor a marisco<\/a>&nbsp;que no desaparec\u00eda con facilidad.<\/p>\n\n\n\n<p>Suerte que exist\u00edan formas de combatir los aromas molestos, desodorantes con esencia de rosas, c\u00e1lamo o jengibre. Para un romano era fundamental oler bien, o al menos no oler mal. La higiene ten\u00eda una importancia b\u00e1sica. Por eso,&nbsp;<a href=\"https:\/\/www.lavanguardia.com\/historiayvida\/historia-antigua\/20191010\/47868312257\/termas-roma.html\">las termas<\/a>&nbsp;o ba\u00f1os p\u00fablicos adquirieron un desarrollo tan extraordinario.Lee tambi\u00e9n<\/p>\n\n\n\n<h2 class=\"wp-block-heading\"><a href=\"https:\/\/www.lavanguardia.com\/historiayvida\/historia-antigua\/20191010\/47868312257\/termas-roma.html\">Termas: la moda del \u201cspa\u201d en la antigua Roma<\/a><\/h2>\n\n\n\n<p>ANA ECHEVERR\u00cdA AR\u00cdSTEGUI<\/p>\n\n\n\n<figure class=\"wp-block-image\"><img decoding=\"async\" src=\"https:\/\/www.lavanguardia.com\/files\/image_104_108\/uploads\/2019\/10\/08\/5f15f2962e6a5.jpeg\" alt=\"Horizontal\"\/><\/figure>\n\n\n\n<p>La principal manzana de la discordia en las pol\u00e9micas sobre las termas fueron las mujeres. En un principio, las romanas disfrutaban de libre acceso y pod\u00edan mezclarse con los hombres. Pero al parecer esto daba pie a encuentros er\u00f3ticos, para esc\u00e1ndalo de algunos.<\/p>\n\n\n\n<p><a href=\"https:\/\/www.lavanguardia.com\/historiayvida\/historia-antigua\/20161214\/47309670900\/adriano-forjando-perfecto-heredero.html\">Adriano<\/a>&nbsp;intent\u00f3 instaurar horarios distintos para cada sexo. Otros emperadores tomaron medidas parecidas, aunque todas resultaron in\u00fatiles, hasta que un concilio prohibi\u00f3 tajantemente la entrada de mujeres a las termas.<\/p>\n\n\n\n<figure class=\"wp-block-image\"><img decoding=\"async\" src=\"https:\/\/www.lavanguardia.com\/files\/content_image_mobile_filter\/files\/fp\/uploads\/2021\/04\/21\/608027e10e0b0.r_d.899-584.jpeg\" alt=\"Termas romanas en Bath, Inglaterra\"\/><figcaption>Termas romanas en Bath, Inglaterra&nbsp;iStock<\/figcaption><\/figure>\n\n\n\n<p>Los romanos se depilaban, generalmente con pinzas, con piedra p\u00f3mez o con productos abrasivos a base de ars\u00e9nico. En esto se parec\u00edan a nuestra sociedad, y tambi\u00e9n en el ideal est\u00e9tico masculino. De un hombre se esperaba que fuera musculoso y luciera un saludable bronceado, que muchos acentuaban tomando el sol desnudos en los ba\u00f1os.<\/p>\n\n\n\n<p>Las mujeres, en cambio, deb\u00edan ser muy blancas. Se desconoce si se pintaban los labios, pero sabemos que se maquillaban otras partes del rostro. Para blanquear la piel recurr\u00edan a polvos de tiza o a peligrosas cremas con plomo, pese a que los m\u00e9dicos de la \u00e9poca ya sab\u00edan que esta sustancia era t\u00f3xica.&nbsp;<\/p>\n\n\n\n<h2 class=\"wp-block-heading\">Tratamientos \u2018antiaging\u2019<\/h2>\n\n\n\n<p>La edad tambi\u00e9n era un caballo de batalla para las romanas. Se cuidaban la piel con cremas exfoliantes, hidratantes y antiarrugas. Se elaboraban con miel, aceite de almendras, grasas animales (era muy apreciada la de cisne) y alg\u00fan ingrediente no tan apetecible, como excrementos de cocodrilo.https:\/\/lavanguardia-github.github.io\/hyv\/banner-hyv-tv-2b.html<\/p>\n\n\n\n<p>Y si las arrugas eran la pesadilla de las romanas, la maldici\u00f3n de los romanos era la calvicie. Se consideraba un signo de mala salud y debilidad, pero no estaba bien visto camuflarla con pelucas. Se dice que&nbsp;<a href=\"https:\/\/www.lavanguardia.com\/historiayvida\/historia-antigua\/20190601\/7850\/julio-cesar-lucha.html\">Julio C\u00e9sar<\/a>&nbsp;la disimulaba luciendo siempre que pod\u00eda la corona de laurel, a la que ten\u00eda derecho gracias a sus triunfos militares.<\/p>\n\n\n\n<p>Isabel Margarit, directora de\u00a0<em>Historia y Vida<\/em>, y la periodista Ana Echeverr\u00eda Ar\u00edstegui nos recomiendan para saber m\u00e1s el canal de Youtube de Janet Stephens, una peluquera especializada en recreaciones hist\u00f3ricas. Y, para leer, dos grandes obras tambi\u00e9n en ingl\u00e9s:\u00a0<em>Roman clothing and fashion<\/em>, de Alexandra Croom (Amberley, 2010) y\u00a0<em>Cosmetics and perfumes in the Roman world<\/em>, de Susan Stewart (Tempus, 2007).\u00a0<\/p>\n\n\n\n<p>Fuente: https:\/\/www.lavanguardia.com\/historiayvida\/historia-antigua\/20220526\/8290498\/episodio-20-podcast-lv-belleza-higiene-roma.html<\/p>\n","protected":false},"excerpt":{"rendered":"<p>Isabel Margarit y Ana Echeverr\u00eda revisan la amplia gama de recursos a disposici\u00f3n de los romanos cada vez que deseaban [&hellip;]<\/p>\n","protected":false},"author":1,"featured_media":28987,"comment_status":"open","ping_status":"open","sticky":false,"template":"","format":"standard","meta":{"site-sidebar-layout":"default","site-content-layout":"","ast-site-content-layout":"default","site-content-style":"default","site-sidebar-style":"default","ast-global-header-display":"","ast-banner-title-visibility":"","ast-main-header-display":"","ast-hfb-above-header-display":"","ast-hfb-below-header-display":"","ast-hfb-mobile-header-display":"","site-post-title":"","ast-breadcrumbs-content":"","ast-featured-img":"","footer-sml-layout":"","theme-transparent-header-meta":"","adv-header-id-meta":"","stick-header-meta":"","header-above-stick-meta":"","header-main-stick-meta":"","header-below-stick-meta":"","astra-migrate-meta-layouts":"default","ast-page-background-enabled":"default","ast-page-background-meta":{"desktop":{"background-color":"var(--ast-global-color-4)","background-image":"","background-repeat":"repeat","background-position":"center center","background-size":"auto","background-attachment":"scroll","background-type":"","background-media":"","overlay-type":"","overlay-color":"","overlay-opacity":"","overlay-gradient":""},"tablet":{"background-color":"","background-image":"","background-repeat":"repeat","background-position":"center center","background-size":"auto","background-attachment":"scroll","background-type":"","background-media":"","overlay-type":"","overlay-color":"","overlay-opacity":"","overlay-gradient":""},"mobile":{"background-color":"","background-image":"","background-repeat":"repeat","background-position":"center center","background-size":"auto","background-attachment":"scroll","background-type":"","background-media":"","overlay-type":"","overlay-color":"","overlay-opacity":"","overlay-gradient":""}},"ast-content-background-meta":{"desktop":{"background-color":"var(--ast-global-color-5)","background-image":"","background-repeat":"repeat","background-position":"center center","background-size":"auto","background-attachment":"scroll","background-type":"","background-media":"","overlay-type":"","overlay-color":"","overlay-opacity":"","overlay-gradient":""},"tablet":{"background-color":"var(--ast-global-color-5)","background-image":"","background-repeat":"repeat","background-position":"center center","background-size":"auto","background-attachment":"scroll","background-type":"","background-media":"","overlay-type":"","overlay-color":"","overlay-opacity":"","overlay-gradient":""},"mobile":{"background-color":"var(--ast-global-color-5)","background-image":"","background-repeat":"repeat","background-position":"center center","background-size":"auto","background-attachment":"scroll","background-type":"","background-media":"","overlay-type":"","overlay-color":"","overlay-opacity":"","overlay-gradient":""}},"footnotes":""},"categories":[8],"tags":[10518,10517,10519],"class_list":["post-28982","post","type-post","status-publish","format-standard","has-post-thumbnail","hentry","category-noticias","tag-culto-al-cuerpo","tag-historia-y-vida","tag-moda-roma"],"_links":{"self":[{"href":"https:\/\/losperiodistas.com.mx\/portal\/wp-json\/wp\/v2\/posts\/28982","targetHints":{"allow":["GET"]}}],"collection":[{"href":"https:\/\/losperiodistas.com.mx\/portal\/wp-json\/wp\/v2\/posts"}],"about":[{"href":"https:\/\/losperiodistas.com.mx\/portal\/wp-json\/wp\/v2\/types\/post"}],"author":[{"embeddable":true,"href":"https:\/\/losperiodistas.com.mx\/portal\/wp-json\/wp\/v2\/users\/1"}],"replies":[{"embeddable":true,"href":"https:\/\/losperiodistas.com.mx\/portal\/wp-json\/wp\/v2\/comments?post=28982"}],"version-history":[{"count":1,"href":"https:\/\/losperiodistas.com.mx\/portal\/wp-json\/wp\/v2\/posts\/28982\/revisions"}],"predecessor-version":[{"id":28988,"href":"https:\/\/losperiodistas.com.mx\/portal\/wp-json\/wp\/v2\/posts\/28982\/revisions\/28988"}],"wp:featuredmedia":[{"embeddable":true,"href":"https:\/\/losperiodistas.com.mx\/portal\/wp-json\/wp\/v2\/media\/28987"}],"wp:attachment":[{"href":"https:\/\/losperiodistas.com.mx\/portal\/wp-json\/wp\/v2\/media?parent=28982"}],"wp:term":[{"taxonomy":"category","embeddable":true,"href":"https:\/\/losperiodistas.com.mx\/portal\/wp-json\/wp\/v2\/categories?post=28982"},{"taxonomy":"post_tag","embeddable":true,"href":"https:\/\/losperiodistas.com.mx\/portal\/wp-json\/wp\/v2\/tags?post=28982"}],"curies":[{"name":"wp","href":"https:\/\/api.w.org\/{rel}","templated":true}]}}