{"id":28973,"date":"2022-05-31T07:50:17","date_gmt":"2022-05-31T12:50:17","guid":{"rendered":"http:\/\/losperiodistas.com.mx\/portal\/?p=28973"},"modified":"2022-05-31T07:50:21","modified_gmt":"2022-05-31T12:50:21","slug":"oficial-red-bull-renueva-a-sergio-perez-en-formula-1-motorsport","status":"publish","type":"post","link":"https:\/\/losperiodistas.com.mx\/portal\/oficial-red-bull-renueva-a-sergio-perez-en-formula-1-motorsport\/","title":{"rendered":"Oficial: Red Bull renueva a Sergio P\u00e9rez en F\u00f3rmula 1 | MotorSport"},"content":{"rendered":"\n<p><em>El equipo Red Bull anunci\u00f3 la renovaci\u00f3n de Sergio P\u00e9rez en F\u00f3rmula 1 despu\u00e9s de su victoria en el Gran Premio de M\u00f3naco hasta la temporada 2024.<\/em><\/p>\n\n\n\n<figure class=\"wp-block-image size-large\"><img fetchpriority=\"high\" decoding=\"async\" width=\"1024\" height=\"683\" src=\"https:\/\/losperiodistas.com.mx\/portal\/wp-content\/uploads\/2022\/05\/podium-sergio-perez-red-bull-r-1024x683.jpg\" alt=\"\" class=\"wp-image-28974\" srcset=\"https:\/\/losperiodistas.com.mx\/portal\/wp-content\/uploads\/2022\/05\/podium-sergio-perez-red-bull-r-1024x683.jpg 1024w, https:\/\/losperiodistas.com.mx\/portal\/wp-content\/uploads\/2022\/05\/podium-sergio-perez-red-bull-r-300x200.jpg 300w, https:\/\/losperiodistas.com.mx\/portal\/wp-content\/uploads\/2022\/05\/podium-sergio-perez-red-bull-r-768x512.jpg 768w, https:\/\/losperiodistas.com.mx\/portal\/wp-content\/uploads\/2022\/05\/podium-sergio-perez-red-bull-r.jpg 1200w\" sizes=\"(max-width: 1024px) 100vw, 1024px\" \/><\/figure>\n\n\n\n<p><\/p>\n\n\n\n<p class=\"has-vivid-cyan-blue-color has-text-color has-medium-font-size\">MARIO GAL\u00c1N \/ MOTORSPORT<\/p>\n\n\n\n<p>El piloto mexicano permanecer\u00e1 en el equipo Red Bull hasta la temporada 2024 despu\u00e9s de que confirmaran a trav\u00e9s de sus cuentas de redes sociales que hab\u00edan llegado a un acuerdo. De esta forma,\u00a0<a href=\"https:\/\/es.motorsport.com\/driver\/sergio-perez\/30553\/\" target=\"_blank\" rel=\"noreferrer noopener\">Sergio P\u00e9rez<\/a>\u00a0permanecer\u00e1 en la escuder\u00eda como compa\u00f1ero de\u00a0<a href=\"https:\/\/es.motorsport.com\/driver\/max-verstappen\/38692\/\" target=\"_blank\" rel=\"noreferrer noopener\">Max Verstappen<\/a>\u00a0durante dos a\u00f1os m\u00e1s.<\/p>\n\n\n\n<figure class=\"wp-block-embed is-type-rich is-provider-twitter wp-block-embed-twitter\"><div class=\"wp-block-embed__wrapper\">\n<blockquote class=\"twitter-tweet\" data-width=\"500\" data-dnt=\"true\"><p lang=\"en\" dir=\"ltr\">Never give up on your dreams \ud83d\ude4c  Vamos <a href=\"https:\/\/twitter.com\/SChecoPerez?ref_src=twsrc%5Etfw\">@SChecoPerez<\/a> \ud83d\udd25  <a href=\"https:\/\/twitter.com\/hashtag\/F1?src=hash&amp;ref_src=twsrc%5Etfw\">#F1<\/a> <a href=\"https:\/\/t.co\/4h1pA92d82\">pic.twitter.com\/4h1pA92d82<\/a><\/p>&mdash; Oracle Red Bull Racing (@redbullracing) <a href=\"https:\/\/twitter.com\/redbullracing\/status\/1531613714662707200?ref_src=twsrc%5Etfw\">May 31, 2022<\/a><\/blockquote><script async src=\"https:\/\/platform.twitter.com\/widgets.js\" charset=\"utf-8\"><\/script>\n<\/div><\/figure>\n\n\n\n<p>Despu\u00e9s de los rumores que surgieron sobre su posible renovaci\u00f3n con el equipo de Milton Keynes, este 31 de mayo de 2022 se confirm\u00f3 lo que parec\u00eda un secreto a voces. El desempe\u00f1o del piloto de Guadalajara durante el a\u00f1o en el que su compa\u00f1ero Max Verstappen luch\u00f3 por el t\u00edtulo mundial y su gran inicio de curso con la victoria en M\u00f3naco, la tercera de su trayectoria, hicieron que se ganara el nuevo acuerdo al que ha llegado hasta el final de 2024.<\/p>\n\n\n\n<p>\u00abPara m\u00ed ha sido una semana incre\u00edble, ganar el Gran Premio de M\u00f3naco es un sue\u00f1o para cualquier piloto y luego anunciar que seguir\u00e9 en el equipo hasta 2024 me hace muy feliz\u00bb, dijo P\u00e9rez en un comunicado publicado por Red Bull.<\/p>\n\n\n\n<p>\u00abEstoy muy orgulloso de ser miembro de este equipo y me siento completamente en casa\u00bb, continu\u00f3. \u00abEstamos trabajando muy bien juntos y mi relaci\u00f3n con Max [Verstappen], dentro y fuera de la pista, nos est\u00e1 ayudando a avanzar a\u00fan m\u00e1s\u00bb.<\/p>\n\n\n\n<p>\u00abHemos dado un tremendo impulso como conjunto, y esta temporada lo est\u00e1 demostrando, estoy emocionado por ver a d\u00f3nde nos puede llevar todo esto en el futuro\u00bb, asegur\u00f3 con una sonrisa el mexicano.<\/p>\n\n\n\n<p><em>En elaboraci\u00f3n&#8230;<\/em><\/p>\n\n\n\n<p>Fuente: https:\/\/es.motorsport.com\/f1\/news\/red-bull-renovacion-checo-perez-2024-formula1\/10314398\/<\/p>\n","protected":false},"excerpt":{"rendered":"<p>El equipo Red Bull anunci\u00f3 la renovaci\u00f3n de Sergio P\u00e9rez en F\u00f3rmula 1 despu\u00e9s de su victoria en el Gran [&hellip;]<\/p>\n","protected":false},"author":1,"featured_media":28974,"comment_status":"open","ping_status":"open","sticky":false,"template":"","format":"standard","meta":{"site-sidebar-layout":"default","site-content-layout":"","ast-site-content-layout":"default","site-content-style":"default","site-sidebar-style":"default","ast-global-header-display":"","ast-banner-title-visibility":"","ast-main-header-display":"","ast-hfb-above-header-display":"","ast-hfb-below-header-display":"","ast-hfb-mobile-header-display":"","site-post-title":"","ast-breadcrumbs-content":"","ast-featured-img":"","footer-sml-layout":"","theme-transparent-header-meta":"","adv-header-id-meta":"","stick-header-meta":"","header-above-stick-meta":"","header-main-stick-meta":"","header-below-stick-meta":"","astra-migrate-meta-layouts":"default","ast-page-background-enabled":"default","ast-page-background-meta":{"desktop":{"background-color":"var(--ast-global-color-4)","background-image":"","background-repeat":"repeat","background-position":"center center","background-size":"auto","background-attachment":"scroll","background-type":"","background-media":"","overlay-type":"","overlay-color":"","overlay-opacity":"","overlay-gradient":""},"tablet":{"background-color":"","background-image":"","background-repeat":"repeat","background-position":"center center","background-size":"auto","background-attachment":"scroll","background-type":"","background-media":"","overlay-type":"","overlay-color":"","overlay-opacity":"","overlay-gradient":""},"mobile":{"background-color":"","background-image":"","background-repeat":"repeat","background-position":"center center","background-size":"auto","background-attachment":"scroll","background-type":"","background-media":"","overlay-type":"","overlay-color":"","overlay-opacity":"","overlay-gradient":""}},"ast-content-background-meta":{"desktop":{"background-color":"var(--ast-global-color-5)","background-image":"","background-repeat":"repeat","background-position":"center center","background-size":"auto","background-attachment":"scroll","background-type":"","background-media":"","overlay-type":"","overlay-color":"","overlay-opacity":"","overlay-gradient":""},"tablet":{"background-color":"var(--ast-global-color-5)","background-image":"","background-repeat":"repeat","background-position":"center center","background-size":"auto","background-attachment":"scroll","background-type":"","background-media":"","overlay-type":"","overlay-color":"","overlay-opacity":"","overlay-gradient":""},"mobile":{"background-color":"var(--ast-global-color-5)","background-image":"","background-repeat":"repeat","background-position":"center center","background-size":"auto","background-attachment":"scroll","background-type":"","background-media":"","overlay-type":"","overlay-color":"","overlay-opacity":"","overlay-gradient":""}},"footnotes":""},"categories":[8],"tags":[276,466],"class_list":["post-28973","post","type-post","status-publish","format-standard","has-post-thumbnail","hentry","category-noticias","tag-checo-perez","tag-red-bull"],"_links":{"self":[{"href":"https:\/\/losperiodistas.com.mx\/portal\/wp-json\/wp\/v2\/posts\/28973","targetHints":{"allow":["GET"]}}],"collection":[{"href":"https:\/\/losperiodistas.com.mx\/portal\/wp-json\/wp\/v2\/posts"}],"about":[{"href":"https:\/\/losperiodistas.com.mx\/portal\/wp-json\/wp\/v2\/types\/post"}],"author":[{"embeddable":true,"href":"https:\/\/losperiodistas.com.mx\/portal\/wp-json\/wp\/v2\/users\/1"}],"replies":[{"embeddable":true,"href":"https:\/\/losperiodistas.com.mx\/portal\/wp-json\/wp\/v2\/comments?post=28973"}],"version-history":[{"count":1,"href":"https:\/\/losperiodistas.com.mx\/portal\/wp-json\/wp\/v2\/posts\/28973\/revisions"}],"predecessor-version":[{"id":28975,"href":"https:\/\/losperiodistas.com.mx\/portal\/wp-json\/wp\/v2\/posts\/28973\/revisions\/28975"}],"wp:featuredmedia":[{"embeddable":true,"href":"https:\/\/losperiodistas.com.mx\/portal\/wp-json\/wp\/v2\/media\/28974"}],"wp:attachment":[{"href":"https:\/\/losperiodistas.com.mx\/portal\/wp-json\/wp\/v2\/media?parent=28973"}],"wp:term":[{"taxonomy":"category","embeddable":true,"href":"https:\/\/losperiodistas.com.mx\/portal\/wp-json\/wp\/v2\/categories?post=28973"},{"taxonomy":"post_tag","embeddable":true,"href":"https:\/\/losperiodistas.com.mx\/portal\/wp-json\/wp\/v2\/tags?post=28973"}],"curies":[{"name":"wp","href":"https:\/\/api.w.org\/{rel}","templated":true}]}}