{"id":28970,"date":"2022-05-31T07:45:39","date_gmt":"2022-05-31T12:45:39","guid":{"rendered":"http:\/\/losperiodistas.com.mx\/portal\/?p=28970"},"modified":"2022-05-31T07:45:41","modified_gmt":"2022-05-31T12:45:41","slug":"efemerides-31-de-mayo-que-paso-en-mexico-y-el-mundo-adn-40","status":"publish","type":"post","link":"https:\/\/losperiodistas.com.mx\/portal\/efemerides-31-de-mayo-que-paso-en-mexico-y-el-mundo-adn-40\/","title":{"rendered":"Efem\u00e9rides 31 de mayo: Qu\u00e9 pas\u00f3 en M\u00e9xico y el mundo | ADN 40"},"content":{"rendered":"\n<p><em>Una de las efem\u00e9rides m\u00e1s importantes de este 31 de mayo, es el D\u00eda Mundial sin Tabaco; te contamos que m\u00e1s se conmemora este d\u00eda.<\/em><\/p>\n\n\n\n<p><\/p>\n\n\n\n<figure class=\"wp-block-image size-full\"><img fetchpriority=\"high\" decoding=\"async\" width=\"968\" height=\"646\" src=\"https:\/\/losperiodistas.com.mx\/portal\/wp-content\/uploads\/2022\/05\/efem-mayo-31.jpeg\" alt=\"\" class=\"wp-image-28971\" srcset=\"https:\/\/losperiodistas.com.mx\/portal\/wp-content\/uploads\/2022\/05\/efem-mayo-31.jpeg 968w, https:\/\/losperiodistas.com.mx\/portal\/wp-content\/uploads\/2022\/05\/efem-mayo-31-300x200.jpeg 300w, https:\/\/losperiodistas.com.mx\/portal\/wp-content\/uploads\/2022\/05\/efem-mayo-31-768x513.jpeg 768w\" sizes=\"(max-width: 968px) 100vw, 968px\" \/><figcaption>Twitter<\/figcaption><\/figure>\n\n\n\n<p class=\"has-vivid-cyan-blue-color has-text-color has-medium-font-size\">ADN 40<\/p>\n\n\n\n<p>El 31 de mayo est\u00e1 marcado en las efem\u00e9rides del mundo y de M\u00e9xico por los hechos que se celebran, uno de ellos es el D\u00eda Mundial sin Tabaco, el cual tiene como fin concientizar a la poblaci\u00f3n de los da\u00f1os que causa fumar, ya que esta considerado entre las principales causas de muerte en el mundo.<\/p>\n\n\n\n<h2 class=\"wp-block-heading\">\u00bfQu\u00e9 se celebra el 31 de mayo?<\/h2>\n\n\n\n<p>-D\u00eda Mundial sin Tabaco<\/p>\n\n\n\n<figure class=\"wp-block-embed is-type-rich is-provider-twitter wp-block-embed-twitter\"><div class=\"wp-block-embed__wrapper\">\n<blockquote class=\"twitter-tweet\" data-width=\"500\" data-dnt=\"true\"><p lang=\"es\" dir=\"ltr\">El D\u00eda Mundial sin Tabaco\u00a0fue instituido por la\u00a0Asamblea Mundial de la Salud, en 1987 y desde entonces cada 31 de mayo se lanza esta campa\u00f1a con la finalidad de concientizar sobre las\u00a0consecuencias negativas sobre el consumo de tabaco y de la exposici\u00f3n al humo del tabaco. <a href=\"https:\/\/t.co\/b7CQFuWHqB\">pic.twitter.com\/b7CQFuWHqB<\/a><\/p>&mdash; Fomento a la Salud (@tetesun_) <a href=\"https:\/\/twitter.com\/tetesun_\/status\/1529106288659075073?ref_src=twsrc%5Etfw\">May 24, 2022<\/a><\/blockquote><script async src=\"https:\/\/platform.twitter.com\/widgets.js\" charset=\"utf-8\"><\/script>\n<\/div><\/figure>\n\n\n\n<p>-D\u00eda Internacional del Tripulante de Cabina<br>-D\u00eda Mundial contra el C\u00e1ncer de Col\u00f3n<\/p>\n\n\n\n<p>Efem\u00e9rides del 31 de mayo<\/p>\n\n\n\n<p>1809.- Muere el compositor austriaco Franz Joseph Haydn, quien establece las leyes de la sinfon\u00eda cl\u00e1sica. Entre sus obras destacan \u201cSorpresa\u201d, \u201cEl reloj\u201d y \u201cEl himno del emperador\u201d. Nace el 31 de marzo de 1732.<br>1819.- Nace el poeta estadunidense Walt Whitman.<\/p>\n\n\n\n<figure class=\"wp-block-embed is-type-rich is-provider-twitter wp-block-embed-twitter\"><div class=\"wp-block-embed__wrapper\">\n<blockquote class=\"twitter-tweet\" data-width=\"500\" data-dnt=\"true\"><p lang=\"es\" dir=\"ltr\">31 de mayo de 1819. Nace Walt Whitman. <br><br>&quot;Aprender\u00e1s a escuchar en todas direcciones<br>y dejar\u00e1s que la esencia del universo se filtre por tu ser.<br>Y nunca habr\u00e1 m\u00e1s perfecci\u00f3n que la que tenemos,<br>ni m\u00e1s cielo<br>ni m\u00e1s infierno que este de ahora.&quot; <a href=\"https:\/\/t.co\/As3cqPd17S\">pic.twitter.com\/As3cqPd17S<\/a><\/p>&mdash; Carlos Javier Gonz\u00e1lez Serrano (@Aspirar_al_uno) <a href=\"https:\/\/twitter.com\/Aspirar_al_uno\/status\/1267016299995115520?ref_src=twsrc%5Etfw\">May 31, 2020<\/a><\/blockquote><script async src=\"https:\/\/platform.twitter.com\/widgets.js\" charset=\"utf-8\"><\/script>\n<\/div><\/figure>\n\n\n\n<p>1850. Muere Mariano Otero, pol\u00edtico y escritor de ideas liberales, promotor del juicio de amparo.<br>1906.- Mineros de la Villa de Cananea inician una huelga.<\/p>\n\n\n\n<p>1911.- El expresidente Por\u00adfirio D\u00edaz parte de Veracruz hacia Francia.<br>1930.- Nace el actor y director de cine Clint Eastwood, quien particip\u00f3 en m\u00e1s de 75 pel\u00edculas, ganador de cinco Premios \u00d3scar. Actu\u00f3 en varias series de televisi\u00f3n, la m\u00e1s famosa de las cuales fue Rawhide.<\/p>\n\n\n\n<figure class=\"wp-block-embed is-type-rich is-provider-twitter wp-block-embed-twitter\"><div class=\"wp-block-embed__wrapper\">\n<blockquote class=\"twitter-tweet\" data-width=\"500\" data-dnt=\"true\"><p lang=\"es\" dir=\"ltr\">El 31 de mayo de 1930 nace Clint Eastwood. <a href=\"https:\/\/t.co\/nIhKix2NVj\">pic.twitter.com\/nIhKix2NVj<\/a><\/p>&mdash; Francisco J. Olea (@oleismos) <a href=\"https:\/\/twitter.com\/oleismos\/status\/1399361361340153859?ref_src=twsrc%5Etfw\">May 31, 2021<\/a><\/blockquote><script async src=\"https:\/\/platform.twitter.com\/widgets.js\" charset=\"utf-8\"><\/script>\n<\/div><\/figure>\n\n\n\n<p>1914.- Se disputa el primer partido de f\u00fatbol femenino en suelo espa\u00f1ol, entre los equipos Giralda y Montserrat<br>1997.- Muere el fil\u00f3sofo mexicano Fernando Salmer\u00f3n, miembro de El Colegio Nacional y director de la Facultad de Filosof\u00eda de la UNAM.<br>2001.- Fallece el compositor, guitarrista y trovador mexicano Pastor Cervera Rosado, autor de innumerables boleros y bambucos.<br>2006.- Muere el escultor espa\u00f1ol Miguel Ortiz Berrocal, autor del busto de \u201cGoya\u201d, que sirve de trofeo en los Premios que llevan ese nombre de la Academia Espa\u00f1ola de Cine<br>2010.- Muere el cantautor y bandoneonista argentino Rub\u00e9n Ju\u00e1rez, poseedor de una voz, fuerte y clara que le dio fama internacional.<br>2011 En Espa\u00f1a, el futbolista rosarino Lionel Messi gana por tercer a\u00f1o consecutivo el trofeo Di St\u00e9fano al mejor jugador de la Liga espa\u00f1ola.<\/p>\n\n\n\n<p>Fuente: https:\/\/www.adn40.mx\/mexico\/efemerides-31-de-mayo-2022-mexico-mundo-lmo<\/p>\n","protected":false},"excerpt":{"rendered":"<p>Una de las efem\u00e9rides m\u00e1s importantes de este 31 de mayo, es el D\u00eda Mundial sin Tabaco; te contamos que [&hellip;]<\/p>\n","protected":false},"author":1,"featured_media":28971,"comment_status":"open","ping_status":"open","sticky":false,"template":"","format":"standard","meta":{"site-sidebar-layout":"default","site-content-layout":"","ast-site-content-layout":"default","site-content-style":"default","site-sidebar-style":"default","ast-global-header-display":"","ast-banner-title-visibility":"","ast-main-header-display":"","ast-hfb-above-header-display":"","ast-hfb-below-header-display":"","ast-hfb-mobile-header-display":"","site-post-title":"","ast-breadcrumbs-content":"","ast-featured-img":"","footer-sml-layout":"","theme-transparent-header-meta":"","adv-header-id-meta":"","stick-header-meta":"","header-above-stick-meta":"","header-main-stick-meta":"","header-below-stick-meta":"","astra-migrate-meta-layouts":"default","ast-page-background-enabled":"default","ast-page-background-meta":{"desktop":{"background-color":"var(--ast-global-color-4)","background-image":"","background-repeat":"repeat","background-position":"center center","background-size":"auto","background-attachment":"scroll","background-type":"","background-media":"","overlay-type":"","overlay-color":"","overlay-opacity":"","overlay-gradient":""},"tablet":{"background-color":"","background-image":"","background-repeat":"repeat","background-position":"center center","background-size":"auto","background-attachment":"scroll","background-type":"","background-media":"","overlay-type":"","overlay-color":"","overlay-opacity":"","overlay-gradient":""},"mobile":{"background-color":"","background-image":"","background-repeat":"repeat","background-position":"center center","background-size":"auto","background-attachment":"scroll","background-type":"","background-media":"","overlay-type":"","overlay-color":"","overlay-opacity":"","overlay-gradient":""}},"ast-content-background-meta":{"desktop":{"background-color":"var(--ast-global-color-5)","background-image":"","background-repeat":"repeat","background-position":"center center","background-size":"auto","background-attachment":"scroll","background-type":"","background-media":"","overlay-type":"","overlay-color":"","overlay-opacity":"","overlay-gradient":""},"tablet":{"background-color":"var(--ast-global-color-5)","background-image":"","background-repeat":"repeat","background-position":"center center","background-size":"auto","background-attachment":"scroll","background-type":"","background-media":"","overlay-type":"","overlay-color":"","overlay-opacity":"","overlay-gradient":""},"mobile":{"background-color":"var(--ast-global-color-5)","background-image":"","background-repeat":"repeat","background-position":"center center","background-size":"auto","background-attachment":"scroll","background-type":"","background-media":"","overlay-type":"","overlay-color":"","overlay-opacity":"","overlay-gradient":""}},"footnotes":""},"categories":[8],"tags":[10510,10512,10511,10509,6312],"class_list":["post-28970","post","type-post","status-publish","format-standard","has-post-thumbnail","hentry","category-noticias","tag-clint-eastwood","tag-dia-mundial-sin-tabaco","tag-franz-joseph-haydn","tag-pastor-cervera-rosado","tag-porfirio-diaz"],"_links":{"self":[{"href":"https:\/\/losperiodistas.com.mx\/portal\/wp-json\/wp\/v2\/posts\/28970","targetHints":{"allow":["GET"]}}],"collection":[{"href":"https:\/\/losperiodistas.com.mx\/portal\/wp-json\/wp\/v2\/posts"}],"about":[{"href":"https:\/\/losperiodistas.com.mx\/portal\/wp-json\/wp\/v2\/types\/post"}],"author":[{"embeddable":true,"href":"https:\/\/losperiodistas.com.mx\/portal\/wp-json\/wp\/v2\/users\/1"}],"replies":[{"embeddable":true,"href":"https:\/\/losperiodistas.com.mx\/portal\/wp-json\/wp\/v2\/comments?post=28970"}],"version-history":[{"count":1,"href":"https:\/\/losperiodistas.com.mx\/portal\/wp-json\/wp\/v2\/posts\/28970\/revisions"}],"predecessor-version":[{"id":28972,"href":"https:\/\/losperiodistas.com.mx\/portal\/wp-json\/wp\/v2\/posts\/28970\/revisions\/28972"}],"wp:featuredmedia":[{"embeddable":true,"href":"https:\/\/losperiodistas.com.mx\/portal\/wp-json\/wp\/v2\/media\/28971"}],"wp:attachment":[{"href":"https:\/\/losperiodistas.com.mx\/portal\/wp-json\/wp\/v2\/media?parent=28970"}],"wp:term":[{"taxonomy":"category","embeddable":true,"href":"https:\/\/losperiodistas.com.mx\/portal\/wp-json\/wp\/v2\/categories?post=28970"},{"taxonomy":"post_tag","embeddable":true,"href":"https:\/\/losperiodistas.com.mx\/portal\/wp-json\/wp\/v2\/tags?post=28970"}],"curies":[{"name":"wp","href":"https:\/\/api.w.org\/{rel}","templated":true}]}}