{"id":28963,"date":"2022-05-31T07:25:15","date_gmt":"2022-05-31T12:25:15","guid":{"rendered":"http:\/\/losperiodistas.com.mx\/portal\/?p=28963"},"modified":"2022-05-31T07:25:16","modified_gmt":"2022-05-31T12:25:16","slug":"el-plan-de-gobierno-de-monreal","status":"publish","type":"post","link":"https:\/\/losperiodistas.com.mx\/portal\/el-plan-de-gobierno-de-monreal\/","title":{"rendered":"El Plan de Gobierno de Monreal"},"content":{"rendered":"\n<p class=\"has-medium-font-size\">*Quiero convertir a M\u00e9xico en el Pa\u00eds de la Reconciliaci\u00f3n, dijo en Puebla<\/p>\n\n\n\n<p><\/p>\n\n\n\n<figure class=\"wp-block-image size-large\"><img fetchpriority=\"high\" decoding=\"async\" width=\"1024\" height=\"688\" src=\"https:\/\/losperiodistas.com.mx\/portal\/wp-content\/uploads\/2022\/05\/ALEJANDRO-ARMENTA-Y-RICARDO-MONREAL-1024x688.jpeg\" alt=\"\" class=\"wp-image-28968\" srcset=\"https:\/\/losperiodistas.com.mx\/portal\/wp-content\/uploads\/2022\/05\/ALEJANDRO-ARMENTA-Y-RICARDO-MONREAL-1024x688.jpeg 1024w, https:\/\/losperiodistas.com.mx\/portal\/wp-content\/uploads\/2022\/05\/ALEJANDRO-ARMENTA-Y-RICARDO-MONREAL-300x202.jpeg 300w, https:\/\/losperiodistas.com.mx\/portal\/wp-content\/uploads\/2022\/05\/ALEJANDRO-ARMENTA-Y-RICARDO-MONREAL-768x516.jpeg 768w, https:\/\/losperiodistas.com.mx\/portal\/wp-content\/uploads\/2022\/05\/ALEJANDRO-ARMENTA-Y-RICARDO-MONREAL.jpeg 1310w\" sizes=\"(max-width: 1024px) 100vw, 1024px\" \/><\/figure>\n\n\n\n<p class=\"has-vivid-cyan-blue-color has-text-color\" style=\"font-size:26px\"><strong><em>Por Ra\u00fal Torres Salmer\u00f3n<\/em><\/strong><\/p>\n\n\n\n<p>En un desayuno con directores y columnistas de medios poblanos, el Senador de la Rep\u00fablica Ricardo Monreal \u00c1vila, quien pretende la candidatura de MORENA a la Presidencia de la Rep\u00fablica, habl\u00f3 de sus aspiraciones pol\u00edticas, de las intrigas palaciegas que lo distanciaron con el Presidente, de su Plan de Gobierno, de su partido y de la oposici\u00f3n, entre otros muchos temas.<\/p>\n\n\n\n<p>En el hotel Quinta Real de la 7 Poniente en el Centro Hist\u00f3rico, el convivio fue el s\u00e1bado pasado, sin rechazar preguntas y en abierta y franca pl\u00e1tica. Le acompa\u00f1aron el Senador de la Rep\u00fablica poblano Alejandro Armenta Mier y el Diputado Federal Raymundo Atanacio Luna. Las siguientes son algunas de sus afirmaciones:<\/p>\n\n\n\n<p>-Tengo un Plan de Gobierno, estoy concluyendo el plan de acci\u00f3n, es una plataforma pol\u00edtica, un proyecto de naci\u00f3n, donde quiero llevar a M\u00e9xico a convertirse en el pa\u00eds de la reconciliaci\u00f3n<\/p>\n\n\n\n<p>-Los ejes centrales son salud, bienestar, empleo, seguridad. Sobre todo, recuperar la tranquilidad y paz social de la sociedad, profundizar el proceso de transformaci\u00f3n de las instituciones y consolidar el cambio de r\u00e9gimen, pero con un llamado a la unidad y a la reconciliaci\u00f3n.<\/p>\n\n\n\n<p>-Incluye tambi\u00e9n los nuevos desaf\u00edos como medio ambiente, innovaci\u00f3n tecnol\u00f3gica, cambio clim\u00e1tico, inteligencia artificial, rob\u00f3tica, geopol\u00edtica, tecnolog\u00eda de la informaci\u00f3n, bioseguridad y ataques cibern\u00e9ticos.<\/p>\n\n\n\n<p>-Creo que M\u00e9xico en el tema de inseguridad est\u00e1 ya en situaci\u00f3n peligrosa. Hace 10 a\u00f1os escrib\u00ed el libro Escuadrones de la Muerte y advert\u00eda lo que pasaba. Territorios completos est\u00e1n bajo el control del crimen organizado y se ha acentuado. Una de las asignaturas pendientes que no hemos cumplido como gobierno es la seguridad.<\/p>\n\n\n\n<p>-En cuanto a medios de comunicaci\u00f3n, no buscar\u00eda confrontarme, escuchar\u00eda a todos y corregir\u00eda errores. Recuerdo un pasaje de Don Quijote, donde le responde a Sancho Panza sobre lo que iban a hacer y le dijo: Vamos a desfacer agravios y a enderezar entuertos.<\/p>\n\n\n\n<p>-Morena es un movimiento amplio, hay gente que ha llegado de todos los partidos y grupos sociales, hay personalidades de todo tipo. Quiero ser el Presidente de la Reconciliaci\u00f3n Nacional. No coincido con la crispaci\u00f3n, ni con la confrontaci\u00f3n que se ha desatado en el Pa\u00eds. Creo que hemos llegado al mismo destino y objetivo, con una divisi\u00f3n profunda en la sociedad.<\/p>\n\n\n\n<p>-No creo en la confrontaci\u00f3n ni en la polarizaci\u00f3n, creo en la reconciliaci\u00f3n. Lo puedo lograr. Tengo capacidad para hablar con todos los partidos. Tengo una relaci\u00f3n de respeto y escucha. Podemos llegar a acuerdos y propuestas.<\/p>\n\n\n\n<p>-Morena est\u00e1 en un proceso complicado. Es un error adelantar la sucesi\u00f3n. Debilita al Presidente y a las instituciones. Cada d\u00eda se genera tensi\u00f3n al interior del Pa\u00eds y cada equipo de aspirantes se va a distanciar, el de Ebrard, de Sheinbaum, de Ad\u00e1n Augusto y otros. Lo que le pas\u00f3 a Marcelo, cuando le gritaron traidor en la calle, se puede presentar muy r\u00e1pido al interior de MORENA.<\/p>\n\n\n\n<p>-Hay quien apuesta a esa estrategia y dentro del partido sucede. Se genera tensi\u00f3n. Adentro se descalifica al adversario y no se dan cuenta pues ya no se reconcilian. Se podr\u00e1n reconciliar los de arriba, pero no los de abajo. Es una decisi\u00f3n desafortunada.<\/p>\n\n\n\n<p>-No estoy buscando un puesto de consolaci\u00f3n. No soy del Club de los Elegidos, pero no me siento mal por eso. Toda mi vida p\u00fablica ha sido caminar contracorriente, desde que quise ser regidor de ml pueblo el cacique estaba en contra, pero fui regidor. Cuando fui Diputado Federal y Senador de la Rep\u00fablica, varias veces, los gobernadores no me quer\u00edan.<\/p>\n\n\n\n<p>-Igual pas\u00f3 cuando el Presidente Zedillo no quer\u00eda que fuera candidato al Gobierno y fui Gobernador. Igual sucedi\u00f3 cuando estuve en una Alcald\u00eda de la Ciudad de M\u00e9xico.<\/p>\n\n\n\n<p>-Me distanci\u00e9 con el Presidente porque hubo intrigas palaciegas. Como dice Maquiavelo, hay que tener cuidado siempre, son las que m\u00e1s destruyen y son las m\u00e1s eficaces. Esas voces que todo el d\u00eda lo expresan a presidentes, primeros ministros, le dec\u00edan que yo era el responsable de la derrota de 9 alcald\u00edas en la CDMX.<\/p>\n\n\n\n<p>-Esa es la raz\u00f3n concreta. No hay otra. En el Congreso hemos logrado sacar toda la agenda legislativa que el Presidente plante\u00f3 como candidato presidencial. Faltan tres que no estaban en la agenda original, la el\u00e9ctrica, la Guardia Nacional y la reforma electoral. La el\u00e9ctrica ya no se puede volver a presentar, hasta pasado un periodo.<\/p>\n\n\n\n<p>-MORENA ha tenido grandes logros en 7 a\u00f1os. Es un fuerte y poderoso. No es un partido. No se han renovado desde 2014 las dirigencias estatales. No hay unidad, ni organizaci\u00f3n, ni disciplina que es indispensable para partidos pol\u00edticos. No hay deliberaci\u00f3n interna, vida org\u00e1nica.<\/p>\n\n\n\n<p>-En el caso de lavado de dinero y otros delitos federales en una investigaci\u00f3n de la Unidad de Inteligencia Financiera (UIF) que involucra a Ignacio Mier Velazco deber\u00e1 ser dirimido por la justicia y la ley.<\/p>\n\n\n\n<p>-En lo pol\u00edtico, en este asunto es conveniente una tregua, entre los actores. Es un llamado respetuoso. No me ubico del lado de uno, ni confronto al otro, hago un llamado a que pueda haber un proceso de conciliaci\u00f3n, una tregua.<\/p>\n\n\n\n<p>En fin, como escribi\u00f3 Antonio Machado (Espa\u00f1a, 1875-1939), en su poema Tres Cantares a Unamuno:<\/p>\n\n\n\n<p>Se\u00f1or, me cansa la vida,<\/p>\n\n\n\n<p>tengo la garganta ronca<\/p>\n\n\n\n<p>de gritar sobre los mares,<\/p>\n\n\n\n<p>la voz de la mar me asorda.<\/p>\n\n\n\n<p>Se\u00f1or, me cansa la vida<\/p>\n\n\n\n<p>y el universo me ahoga.<\/p>\n\n\n\n<p>Se\u00f1or, me dejaste solo,<\/p>\n\n\n\n<p>solo, con el mar a solas.<\/p>\n\n\n\n<p>raultorress@hotmail.com<\/p>\n","protected":false},"excerpt":{"rendered":"<p>*Quiero convertir a M\u00e9xico en el Pa\u00eds de la Reconciliaci\u00f3n, dijo en Puebla Por Ra\u00fal Torres Salmer\u00f3n En un desayuno [&hellip;]<\/p>\n","protected":false},"author":1,"featured_media":28968,"comment_status":"open","ping_status":"open","sticky":false,"template":"","format":"standard","meta":{"site-sidebar-layout":"default","site-content-layout":"","ast-site-content-layout":"default","site-content-style":"default","site-sidebar-style":"default","ast-global-header-display":"","ast-banner-title-visibility":"","ast-main-header-display":"","ast-hfb-above-header-display":"","ast-hfb-below-header-display":"","ast-hfb-mobile-header-display":"","site-post-title":"","ast-breadcrumbs-content":"","ast-featured-img":"","footer-sml-layout":"","theme-transparent-header-meta":"","adv-header-id-meta":"","stick-header-meta":"","header-above-stick-meta":"","header-main-stick-meta":"","header-below-stick-meta":"","astra-migrate-meta-layouts":"default","ast-page-background-enabled":"default","ast-page-background-meta":{"desktop":{"background-color":"var(--ast-global-color-4)","background-image":"","background-repeat":"repeat","background-position":"center center","background-size":"auto","background-attachment":"scroll","background-type":"","background-media":"","overlay-type":"","overlay-color":"","overlay-opacity":"","overlay-gradient":""},"tablet":{"background-color":"","background-image":"","background-repeat":"repeat","background-position":"center center","background-size":"auto","background-attachment":"scroll","background-type":"","background-media":"","overlay-type":"","overlay-color":"","overlay-opacity":"","overlay-gradient":""},"mobile":{"background-color":"","background-image":"","background-repeat":"repeat","background-position":"center center","background-size":"auto","background-attachment":"scroll","background-type":"","background-media":"","overlay-type":"","overlay-color":"","overlay-opacity":"","overlay-gradient":""}},"ast-content-background-meta":{"desktop":{"background-color":"var(--ast-global-color-5)","background-image":"","background-repeat":"repeat","background-position":"center center","background-size":"auto","background-attachment":"scroll","background-type":"","background-media":"","overlay-type":"","overlay-color":"","overlay-opacity":"","overlay-gradient":""},"tablet":{"background-color":"var(--ast-global-color-5)","background-image":"","background-repeat":"repeat","background-position":"center center","background-size":"auto","background-attachment":"scroll","background-type":"","background-media":"","overlay-type":"","overlay-color":"","overlay-opacity":"","overlay-gradient":""},"mobile":{"background-color":"var(--ast-global-color-5)","background-image":"","background-repeat":"repeat","background-position":"center center","background-size":"auto","background-attachment":"scroll","background-type":"","background-media":"","overlay-type":"","overlay-color":"","overlay-opacity":"","overlay-gradient":""}},"footnotes":""},"categories":[8,19],"tags":[2098],"class_list":["post-28963","post","type-post","status-publish","format-standard","has-post-thumbnail","hentry","category-noticias","category-sin-limites-2","tag-ricardo-monreal"],"_links":{"self":[{"href":"https:\/\/losperiodistas.com.mx\/portal\/wp-json\/wp\/v2\/posts\/28963","targetHints":{"allow":["GET"]}}],"collection":[{"href":"https:\/\/losperiodistas.com.mx\/portal\/wp-json\/wp\/v2\/posts"}],"about":[{"href":"https:\/\/losperiodistas.com.mx\/portal\/wp-json\/wp\/v2\/types\/post"}],"author":[{"embeddable":true,"href":"https:\/\/losperiodistas.com.mx\/portal\/wp-json\/wp\/v2\/users\/1"}],"replies":[{"embeddable":true,"href":"https:\/\/losperiodistas.com.mx\/portal\/wp-json\/wp\/v2\/comments?post=28963"}],"version-history":[{"count":1,"href":"https:\/\/losperiodistas.com.mx\/portal\/wp-json\/wp\/v2\/posts\/28963\/revisions"}],"predecessor-version":[{"id":28969,"href":"https:\/\/losperiodistas.com.mx\/portal\/wp-json\/wp\/v2\/posts\/28963\/revisions\/28969"}],"wp:featuredmedia":[{"embeddable":true,"href":"https:\/\/losperiodistas.com.mx\/portal\/wp-json\/wp\/v2\/media\/28968"}],"wp:attachment":[{"href":"https:\/\/losperiodistas.com.mx\/portal\/wp-json\/wp\/v2\/media?parent=28963"}],"wp:term":[{"taxonomy":"category","embeddable":true,"href":"https:\/\/losperiodistas.com.mx\/portal\/wp-json\/wp\/v2\/categories?post=28963"},{"taxonomy":"post_tag","embeddable":true,"href":"https:\/\/losperiodistas.com.mx\/portal\/wp-json\/wp\/v2\/tags?post=28963"}],"curies":[{"name":"wp","href":"https:\/\/api.w.org\/{rel}","templated":true}]}}