{"id":28953,"date":"2022-05-31T06:32:58","date_gmt":"2022-05-31T11:32:58","guid":{"rendered":"http:\/\/losperiodistas.com.mx\/portal\/?p=28953"},"modified":"2022-05-31T06:33:00","modified_gmt":"2022-05-31T11:33:00","slug":"fumar-afecta-a-tu-columna-vertebral-mas-de-lo-que-imaginas-el-confidencial","status":"publish","type":"post","link":"https:\/\/losperiodistas.com.mx\/portal\/fumar-afecta-a-tu-columna-vertebral-mas-de-lo-que-imaginas-el-confidencial\/","title":{"rendered":"Fumar afecta a tu columna vertebral m\u00e1s de lo que imaginas | El Confidencial"},"content":{"rendered":"\n<p><em>Hoy se celebra el D\u00eda Mundial sin Tabaco para concienciar del gran impacto que su consumo tiene en la salud. La espalda no es inmune a su efecto. Al contrario, el riesgo de sufrir una patolog\u00eda degenerativa se multiplica por seis en los fumadores<\/em><\/p>\n\n\n\n<p><\/p>\n\n\n\n<figure class=\"wp-block-image size-large\"><img fetchpriority=\"high\" decoding=\"async\" width=\"1024\" height=\"768\" src=\"https:\/\/losperiodistas.com.mx\/portal\/wp-content\/uploads\/2022\/05\/f.elconfidencial.com_original_333_6ff_173_3336ff173f1c394c59ad174a0f672601-1024x768.jpg\" alt=\"\" class=\"wp-image-28954\" srcset=\"https:\/\/losperiodistas.com.mx\/portal\/wp-content\/uploads\/2022\/05\/f.elconfidencial.com_original_333_6ff_173_3336ff173f1c394c59ad174a0f672601-1024x768.jpg 1024w, https:\/\/losperiodistas.com.mx\/portal\/wp-content\/uploads\/2022\/05\/f.elconfidencial.com_original_333_6ff_173_3336ff173f1c394c59ad174a0f672601-300x225.jpg 300w, https:\/\/losperiodistas.com.mx\/portal\/wp-content\/uploads\/2022\/05\/f.elconfidencial.com_original_333_6ff_173_3336ff173f1c394c59ad174a0f672601-768x576.jpg 768w, https:\/\/losperiodistas.com.mx\/portal\/wp-content\/uploads\/2022\/05\/f.elconfidencial.com_original_333_6ff_173_3336ff173f1c394c59ad174a0f672601.jpg 1200w\" sizes=\"(max-width: 1024px) 100vw, 1024px\" \/><figcaption>Fuente: iStock<\/figcaption><\/figure>\n\n\n\n<p class=\"has-vivid-cyan-blue-color has-text-color has-medium-font-size\">DR. PABLO CLAVEL LARIA \/ EL CONFIDENCIAL<\/p>\n\n\n\n<p>El tabaco es uno de los principales problemas de salud p\u00fablica en todo el mundo y encabeza el de muertes evitables. Las consecuencias de este mal h\u00e1bito son numerosas y evidentes en periodos de tiempo muy cortos.<\/p>\n\n\n\n<p>Si nos centramos en los efectos negativos que produce el tabaco en la columna vertebral, diferentes estudios cient\u00edficos afirman que los fumadores son m\u00e1s propensos a sufrir&nbsp;<strong>dolor de espalda cr\u00f3nico, especialmente lumbar<\/strong>. Esto se debe a que el tabaco provoca mayor sensibilidad a los dolores musculares y reduce la capacidad de resistencia a esta dolencia. En esos estudios se analiz\u00f3 el estilo de vida de voluntarios fumadores y no fumadores con dolor de espalda constante y revelaron que cuando los fumadores&nbsp;<strong>dejaron el h\u00e1bito, el dolor se redujo<\/strong>.<\/p>\n\n\n\n<p>Hay una importante relaci\u00f3n entre el tabaco y el desarrollo de artropat\u00eda facetaria lumbar y el empeoramiento de la calidad \u00f3sea vertebral<\/p>\n\n\n\n<p>Se ha demostrado, adem\u00e1s, una importante relaci\u00f3n entre el tabaco y el desarrollo de&nbsp;<strong>artropat\u00eda facetaria lumbar<\/strong>&nbsp;y el empeoramiento de la calidad \u00f3sea vertebral con las consecuentes fracturas, as\u00ed como la&nbsp;<strong>degeneraci\u00f3n del disco<\/strong>&nbsp;y las complicaciones que de ello se derivan. Adem\u00e1s, el tabaquismo favorece la&nbsp;<strong>mala cicatrizaci\u00f3n de heridas<\/strong>&nbsp;en caso de que la cirug\u00eda sea necesaria.<\/p>\n\n\n\n<h2 class=\"wp-block-heading\">Da\u00f1a los discos, deshidrata la columna y aumenta la osteoporosis<\/h2>\n\n\n\n<p>Otra grave consecuencia para la columna es que los qu\u00edmicos del tabaco da\u00f1an los discos vertebrales, afectan la&nbsp;<strong>circulaci\u00f3n sangu\u00ednea<\/strong>&nbsp;de la columna vertebral y aumentan el riesgo de sufrir&nbsp;<a href=\"https:\/\/blogs.alimente.elconfidencial.com\/mas-anos-mas-vida\/2019-11-28\/ejercicio-osteoporosis-precencion-densidad-osea_2355108\/\">osteoporosis&nbsp;<\/a>y fracturas vertebrales.<\/p>\n\n\n\n<p>El tabaco causa malnutrici\u00f3n de los discos por la<strong>&nbsp;anoxia inducida&nbsp;<\/strong>y la enfermedad vascular que se deriva de su consumo. Existen estudios en animales que han demostrado una reducci\u00f3n importante del flujo sangu\u00edneo vertebral tras la administraci\u00f3n de nicotina. Por otro lado, la&nbsp;<strong>concentraci\u00f3n m\u00e1s alta de mon\u00f3xido<\/strong>&nbsp;de carbono en fumadores<strong>&nbsp;disminuye la capacidad de transportar ox\u00edgeno por parte de la hemoglobina<\/strong>, contribuyendo as\u00ed a un mal riego vascular del disco.<\/p>\n\n\n\n<p>Los qu\u00edmicos del tabaco, adem\u00e1s, afectan directamente la viabilidad celular del disco intervertebral y existen estudios que demuestran estos<strong>\u00a0cambios morfol\u00f3gicos<\/strong>\u00a0a nivel microsc\u00f3pico que, al parecer, estar\u00edan en relaci\u00f3n con la dosis de tabaco.<\/p>\n\n\n\n<figure class=\"wp-block-image size-large\"><img decoding=\"async\" width=\"1024\" height=\"632\" src=\"https:\/\/losperiodistas.com.mx\/portal\/wp-content\/uploads\/2022\/05\/Captura-de-Pantalla-2022-05-31-a-las-6.31.20-1024x632.jpg\" alt=\"\" class=\"wp-image-28955\" srcset=\"https:\/\/losperiodistas.com.mx\/portal\/wp-content\/uploads\/2022\/05\/Captura-de-Pantalla-2022-05-31-a-las-6.31.20-1024x632.jpg 1024w, https:\/\/losperiodistas.com.mx\/portal\/wp-content\/uploads\/2022\/05\/Captura-de-Pantalla-2022-05-31-a-las-6.31.20-300x185.jpg 300w, https:\/\/losperiodistas.com.mx\/portal\/wp-content\/uploads\/2022\/05\/Captura-de-Pantalla-2022-05-31-a-las-6.31.20-768x474.jpg 768w, https:\/\/losperiodistas.com.mx\/portal\/wp-content\/uploads\/2022\/05\/Captura-de-Pantalla-2022-05-31-a-las-6.31.20.jpg 1280w\" sizes=\"(max-width: 1024px) 100vw, 1024px\" \/><\/figure>\n\n\n\n<p>As\u00ed mismo, la exposici\u00f3n al tabaco estimula la producci\u00f3n de&nbsp;<strong>marcadores inflamatorios que degradan el disco y su matriz<\/strong>. Esto conlleva una p\u00e9rdida de altura del disco que suele ser casi un 20 por ciento mayor en fumadores que en no fumadores. M\u00e1s a\u00fan, si analizamos el disco vertebral de una persona fumadora, nos encontraremos con necrosis y fibrosis del n\u00facleo pulposo y el anillo fibroso.<\/p>\n\n\n\n<h2 class=\"wp-block-heading\">Tabaco y dolor de espalda en grandes fumadores<\/h2>\n\n\n\n<p>Dado que el tabaco no es el \u00fanico factor de riesgo para sufrir una enfermedad degenerativa del disco,&nbsp;<strong>es dif\u00edcil culparlo del 100% de nuestros dolores de espalda<\/strong>. Hay un grupo de pacientes que sufrir\u00e1n de patolog\u00eda degenerativa muy importante sin necesidad de ser fumadores. Lo que est\u00e1 claro es que, seg\u00fan la mayor\u00eda de series,<strong>&nbsp;el riesgo de sufrir enfermedad degenerativa de columna se multiplica por seis en pacientes que fuman<\/strong>, comparados con los que no fuman.<\/p>\n\n\n\n<p>En resumen, el tabaquismo incrementa el riesgo de degeneraci\u00f3n y en consecuencia las probabilidades de requerir intervenci\u00f3n tanto a nivel cervical como lumbar.<\/p>\n\n\n\n<h2 class=\"wp-block-heading\">C\u00f3mo prevenir y aliviar el dolor de espalda<\/h2>\n\n\n\n<p>Lo primero: dejando de fumar. Aunque como es muy dif\u00edcil hacerlo repentinamente, se puede ir disminuyendo progresivamente, ya que se conoce que existe una<strong>\u00a0relaci\u00f3n directa entre la cantidad de tabaco y los efectos delet\u00e9reos sobre la columna<\/strong>. Adem\u00e1s de tener una alimentaci\u00f3n equilibrada, hacer ejercicio aer\u00f3bico y mantener una buena<a href=\"https:\/\/www.alimente.elconfidencial.com\/bienestar\/2022-05-13\/el-teletrabajo-llego-para-quedarse-evitar-lesiones_3423426\/\">\u00a0higiene postural<\/a>\u00a0de columna. Esto evitar\u00e1 la aparici\u00f3n de problemas derivados de la degeneraci\u00f3n natural de la columna.<\/p>\n\n\n\n<p>Fuente: https:\/\/www.alimente.elconfidencial.com\/bienestar\/2022-05-31\/fumar-afecta-columna-vertebral_3433201\/<\/p>\n","protected":false},"excerpt":{"rendered":"<p>Hoy se celebra el D\u00eda Mundial sin Tabaco para concienciar del gran impacto que su consumo tiene en la salud. [&hellip;]<\/p>\n","protected":false},"author":1,"featured_media":28954,"comment_status":"open","ping_status":"open","sticky":false,"template":"","format":"standard","meta":{"site-sidebar-layout":"default","site-content-layout":"","ast-site-content-layout":"default","site-content-style":"default","site-sidebar-style":"default","ast-global-header-display":"","ast-banner-title-visibility":"","ast-main-header-display":"","ast-hfb-above-header-display":"","ast-hfb-below-header-display":"","ast-hfb-mobile-header-display":"","site-post-title":"","ast-breadcrumbs-content":"","ast-featured-img":"","footer-sml-layout":"","theme-transparent-header-meta":"","adv-header-id-meta":"","stick-header-meta":"","header-above-stick-meta":"","header-main-stick-meta":"","header-below-stick-meta":"","astra-migrate-meta-layouts":"default","ast-page-background-enabled":"default","ast-page-background-meta":{"desktop":{"background-color":"var(--ast-global-color-4)","background-image":"","background-repeat":"repeat","background-position":"center center","background-size":"auto","background-attachment":"scroll","background-type":"","background-media":"","overlay-type":"","overlay-color":"","overlay-opacity":"","overlay-gradient":""},"tablet":{"background-color":"","background-image":"","background-repeat":"repeat","background-position":"center center","background-size":"auto","background-attachment":"scroll","background-type":"","background-media":"","overlay-type":"","overlay-color":"","overlay-opacity":"","overlay-gradient":""},"mobile":{"background-color":"","background-image":"","background-repeat":"repeat","background-position":"center center","background-size":"auto","background-attachment":"scroll","background-type":"","background-media":"","overlay-type":"","overlay-color":"","overlay-opacity":"","overlay-gradient":""}},"ast-content-background-meta":{"desktop":{"background-color":"var(--ast-global-color-5)","background-image":"","background-repeat":"repeat","background-position":"center center","background-size":"auto","background-attachment":"scroll","background-type":"","background-media":"","overlay-type":"","overlay-color":"","overlay-opacity":"","overlay-gradient":""},"tablet":{"background-color":"var(--ast-global-color-5)","background-image":"","background-repeat":"repeat","background-position":"center center","background-size":"auto","background-attachment":"scroll","background-type":"","background-media":"","overlay-type":"","overlay-color":"","overlay-opacity":"","overlay-gradient":""},"mobile":{"background-color":"var(--ast-global-color-5)","background-image":"","background-repeat":"repeat","background-position":"center center","background-size":"auto","background-attachment":"scroll","background-type":"","background-media":"","overlay-type":"","overlay-color":"","overlay-opacity":"","overlay-gradient":""}},"footnotes":""},"categories":[8],"tags":[10508,8750,10507],"class_list":["post-28953","post","type-post","status-publish","format-standard","has-post-thumbnail","hentry","category-noticias","tag-cigarrillo","tag-dolor-lumbar","tag-fumar"],"_links":{"self":[{"href":"https:\/\/losperiodistas.com.mx\/portal\/wp-json\/wp\/v2\/posts\/28953","targetHints":{"allow":["GET"]}}],"collection":[{"href":"https:\/\/losperiodistas.com.mx\/portal\/wp-json\/wp\/v2\/posts"}],"about":[{"href":"https:\/\/losperiodistas.com.mx\/portal\/wp-json\/wp\/v2\/types\/post"}],"author":[{"embeddable":true,"href":"https:\/\/losperiodistas.com.mx\/portal\/wp-json\/wp\/v2\/users\/1"}],"replies":[{"embeddable":true,"href":"https:\/\/losperiodistas.com.mx\/portal\/wp-json\/wp\/v2\/comments?post=28953"}],"version-history":[{"count":1,"href":"https:\/\/losperiodistas.com.mx\/portal\/wp-json\/wp\/v2\/posts\/28953\/revisions"}],"predecessor-version":[{"id":28956,"href":"https:\/\/losperiodistas.com.mx\/portal\/wp-json\/wp\/v2\/posts\/28953\/revisions\/28956"}],"wp:featuredmedia":[{"embeddable":true,"href":"https:\/\/losperiodistas.com.mx\/portal\/wp-json\/wp\/v2\/media\/28954"}],"wp:attachment":[{"href":"https:\/\/losperiodistas.com.mx\/portal\/wp-json\/wp\/v2\/media?parent=28953"}],"wp:term":[{"taxonomy":"category","embeddable":true,"href":"https:\/\/losperiodistas.com.mx\/portal\/wp-json\/wp\/v2\/categories?post=28953"},{"taxonomy":"post_tag","embeddable":true,"href":"https:\/\/losperiodistas.com.mx\/portal\/wp-json\/wp\/v2\/tags?post=28953"}],"curies":[{"name":"wp","href":"https:\/\/api.w.org\/{rel}","templated":true}]}}