{"id":28576,"date":"2022-05-26T12:18:16","date_gmt":"2022-05-26T17:18:16","guid":{"rendered":"http:\/\/losperiodistas.com.mx\/portal\/?p=28576"},"modified":"2022-05-26T12:18:19","modified_gmt":"2022-05-26T17:18:19","slug":"periodismo-utilitario-periodismo-desechable","status":"publish","type":"post","link":"https:\/\/losperiodistas.com.mx\/portal\/periodismo-utilitario-periodismo-desechable\/","title":{"rendered":"Periodismo utilitario, periodismo desechable"},"content":{"rendered":"\n<p><\/p>\n\n\n\n<p class=\"has-vivid-cyan-blue-color has-text-color\" style=\"font-size:26px\"><strong><em>Por Luis Mart\u00ednez<\/em><\/strong><\/p>\n\n\n\n<p>En&nbsp;<strong>Puebla<\/strong>, de&nbsp;<strong>96 medios<\/strong>&nbsp;registrados por el&nbsp;<strong>Observatorio Mexicano de Medios<\/strong>, 91 operan mayoritariamente con&nbsp;<strong>dinero p\u00fablico<\/strong>. Unos con millonarios contratos y otros -la mayor\u00eda- con peque\u00f1os contratos que aseguran la subsistencia personal de quien los dirige y con algo de suerte, la modesta n\u00f3mina de quienes les asisten.<\/p>\n\n\n\n<p><strong>Recibir dinero p\u00fablico<\/strong>&nbsp;del gobierno estatal, gobiernos municipales, la BUAP, partidos pol\u00edticos y\/o instituciones p\u00fablicas tampoco tiene que verse como un&nbsp;<strong>estigma<\/strong>&nbsp;que demerita el trabajo y esfuerzo de decenas de reportaras, reporteros, personal de edici\u00f3n, fotograf\u00eda, t\u00e9cnico y dem\u00e1s, ni mucho menos de quienes se aventuran a emprender una empresa de medios, la&nbsp;<strong>diferencia&nbsp;<\/strong>la da la&nbsp;<strong>dignidad<\/strong>&nbsp;y el&nbsp;<strong>compromiso<\/strong>&nbsp;con el que se desempe\u00f1an.<\/p>\n\n\n\n<p>Sin embargo, la dignidad y el compromiso pueden&nbsp;<strong>estar a la venta<\/strong>, porque siempre hay alguien dispuesto a<strong>&nbsp;comprarlas<\/strong>. Dicen por ah\u00ed que todos&nbsp;<strong>tenemos un precio<\/strong>, pero no todos estamos&nbsp;<strong>a la venta<\/strong>.<\/p>\n\n\n\n<p>En el\u00a0<strong>mercado mexicano de medios<\/strong>\u00a0idealmente se asume que el producto es la\u00a0<strong>noticia<\/strong>, el contenido, la audiencia, el an\u00e1lisis, la investigaci\u00f3n; pero en la realidad construida en la\u00a0<strong>relaci\u00f3n prensa-poder<\/strong>, estos son s\u00f3lo accesorios.<\/p>\n\n\n\n<p>Una&nbsp;<strong>columna de an\u00e1lisis<\/strong>&nbsp;es un producto, s\u00f3lo si es \u00fatil para el poder, una&nbsp;<strong>noticia es un producto<\/strong>, s\u00f3lo si incluye lo que interesa a quien la contrata, el&nbsp;<strong>bolet\u00edn<\/strong>&nbsp;es s\u00f3lo un tr\u00e1mite y el&nbsp;<strong>anuncio publicitario<\/strong>, un pretexto.<\/p>\n\n\n\n<p>El verdadero producto, el que vale los cientos de miles o los millones es subjetivo pero determinante: el producto es la&nbsp;<strong>complicidad<\/strong>, la&nbsp;<strong>entrega<\/strong>, la<strong>&nbsp;abyecci\u00f3n<\/strong>, la&nbsp;<strong>obediencia<\/strong>.<\/p>\n\n\n\n<p>La obediencia y la complicidad son tambi\u00e9n un&nbsp;<strong>buen producto<\/strong>&nbsp;cuando no se tiene otras opciones. En su dependencia al dinero p\u00fablico,&nbsp;<strong>decenas de comunicadores<\/strong>&nbsp;han dejado de estudiar, de formarse continuamente, de explorar nuevos canales, narrativas y modelos de negocio, se han estancado en la&nbsp;<strong>complacencia al poder<\/strong>, mudan de formato para decir lo mismo, pasaron del papel al Facebook para aplaudir a los mismos.<\/p>\n\n\n\n<p><strong>Vivir del poder<\/strong>\u00a0siempre tiene un riesgo, y es que el\u00a0<strong>poder<\/strong>\u00a0siempre va a querer un\u00a0<strong>trato especial<\/strong>, porque tiene el dinero, las instituciones y los mecanismos. El\u00a0<strong>poder en turno<\/strong>\u00a0impulsa medios, funda medios, rescata medios, pero tambi\u00e9n anula medios, desaparece medios, enjuicia medios.<\/p>\n\n\n\n<p>El ciclo de vida de la mayor\u00eda de medios, con sus respectivos due\u00f1os es trienal, es sexenal. Porque al&nbsp;<strong>ser utilitarios son desechables<\/strong>. \u00bfRecuerda los medios de Rafael Moreno Valle? \u00bfDe Mario Mar\u00edn? \u00bfAdivina los de Miguel Barbosa?<\/p>\n\n\n\n<p><strong>Arturo Rueda<\/strong>&nbsp;y&nbsp;<strong>Cambio<\/strong>, ilustran el m\u00e1s exitoso ejemplo del producto que&nbsp;<strong>compra el poder<\/strong>&nbsp;en&nbsp;<strong>Puebla<\/strong>; se entrega al poder, fue su&nbsp;<strong>c\u00f3mplice<\/strong>, -algunos se\u00f1alan que hasta asesor- fue abyecto e implacable contra los enemigos del poder, fue obediente al poder, y cuando ya no fue necesario, fue desechable para el poder. Hoy hasta el&nbsp;<strong>encarcelamiento de Rueda<\/strong>&nbsp;sigue siendo&nbsp;<strong>\u00fatil para el poder<\/strong>.<\/p>\n\n\n\n<p>La&nbsp;<strong>sociedad civil<\/strong>&nbsp;ha entendido que todo esto es el periodismo. A estas y estos comunicadores les entiende como periodistas y que las&nbsp;<strong>transacciones<\/strong>&nbsp;y acuerdos entre el&nbsp;<strong>poder y los medios<\/strong>&nbsp;es tambi\u00e9n periodismo, y por eso nadie se inmuta ante las y los periodistas asesinados. La&nbsp;<strong>muerte<\/strong>&nbsp;de un o una&nbsp;<strong>periodista s\u00f3lo indigna al gremio<\/strong>, y se convierte en bot\u00edn de&nbsp;<strong>grupos pol\u00edticos<\/strong>.<\/p>\n\n\n\n<p>Recientemente\u00a0<strong>Alejandro Moreno<\/strong>, dirigente del PRI, dijo:\u00a0<em>\u00abNo mates a los periodistas con balazos, m\u00e1talos de hambre.\u00bb<\/em><br>\u00bfUsted periodista, de qu\u00e9 vive si no es del dinero p\u00fablico?<br>\u00bfUsted periodista, est\u00e1 preparado para ser\u00a0<strong>desechable<\/strong>?<\/p>\n\n\n\n<p>@LuisMartiMX<\/p>\n","protected":false},"excerpt":{"rendered":"<p>Por Luis Mart\u00ednez En&nbsp;Puebla, de&nbsp;96 medios&nbsp;registrados por el&nbsp;Observatorio Mexicano de Medios, 91 operan mayoritariamente con&nbsp;dinero p\u00fablico. Unos con millonarios contratos [&hellip;]<\/p>\n","protected":false},"author":1,"featured_media":28577,"comment_status":"open","ping_status":"open","sticky":false,"template":"","format":"standard","meta":{"site-sidebar-layout":"default","site-content-layout":"","ast-site-content-layout":"default","site-content-style":"default","site-sidebar-style":"default","ast-global-header-display":"","ast-banner-title-visibility":"","ast-main-header-display":"","ast-hfb-above-header-display":"","ast-hfb-below-header-display":"","ast-hfb-mobile-header-display":"","site-post-title":"","ast-breadcrumbs-content":"","ast-featured-img":"","footer-sml-layout":"","theme-transparent-header-meta":"","adv-header-id-meta":"","stick-header-meta":"","header-above-stick-meta":"","header-main-stick-meta":"","header-below-stick-meta":"","astra-migrate-meta-layouts":"default","ast-page-background-enabled":"default","ast-page-background-meta":{"desktop":{"background-color":"var(--ast-global-color-4)","background-image":"","background-repeat":"repeat","background-position":"center center","background-size":"auto","background-attachment":"scroll","background-type":"","background-media":"","overlay-type":"","overlay-color":"","overlay-opacity":"","overlay-gradient":""},"tablet":{"background-color":"","background-image":"","background-repeat":"repeat","background-position":"center center","background-size":"auto","background-attachment":"scroll","background-type":"","background-media":"","overlay-type":"","overlay-color":"","overlay-opacity":"","overlay-gradient":""},"mobile":{"background-color":"","background-image":"","background-repeat":"repeat","background-position":"center center","background-size":"auto","background-attachment":"scroll","background-type":"","background-media":"","overlay-type":"","overlay-color":"","overlay-opacity":"","overlay-gradient":""}},"ast-content-background-meta":{"desktop":{"background-color":"var(--ast-global-color-5)","background-image":"","background-repeat":"repeat","background-position":"center center","background-size":"auto","background-attachment":"scroll","background-type":"","background-media":"","overlay-type":"","overlay-color":"","overlay-opacity":"","overlay-gradient":""},"tablet":{"background-color":"var(--ast-global-color-5)","background-image":"","background-repeat":"repeat","background-position":"center center","background-size":"auto","background-attachment":"scroll","background-type":"","background-media":"","overlay-type":"","overlay-color":"","overlay-opacity":"","overlay-gradient":""},"mobile":{"background-color":"var(--ast-global-color-5)","background-image":"","background-repeat":"repeat","background-position":"center center","background-size":"auto","background-attachment":"scroll","background-type":"","background-media":"","overlay-type":"","overlay-color":"","overlay-opacity":"","overlay-gradient":""}},"footnotes":""},"categories":[8,22],"tags":[7820,10401],"class_list":["post-28576","post","type-post","status-publish","format-standard","has-post-thumbnail","hentry","category-noticias","category-opinion-invitada","tag-observatorio-mexicano-de-medios","tag-periodismo-desechable"],"_links":{"self":[{"href":"https:\/\/losperiodistas.com.mx\/portal\/wp-json\/wp\/v2\/posts\/28576","targetHints":{"allow":["GET"]}}],"collection":[{"href":"https:\/\/losperiodistas.com.mx\/portal\/wp-json\/wp\/v2\/posts"}],"about":[{"href":"https:\/\/losperiodistas.com.mx\/portal\/wp-json\/wp\/v2\/types\/post"}],"author":[{"embeddable":true,"href":"https:\/\/losperiodistas.com.mx\/portal\/wp-json\/wp\/v2\/users\/1"}],"replies":[{"embeddable":true,"href":"https:\/\/losperiodistas.com.mx\/portal\/wp-json\/wp\/v2\/comments?post=28576"}],"version-history":[{"count":1,"href":"https:\/\/losperiodistas.com.mx\/portal\/wp-json\/wp\/v2\/posts\/28576\/revisions"}],"predecessor-version":[{"id":28578,"href":"https:\/\/losperiodistas.com.mx\/portal\/wp-json\/wp\/v2\/posts\/28576\/revisions\/28578"}],"wp:featuredmedia":[{"embeddable":true,"href":"https:\/\/losperiodistas.com.mx\/portal\/wp-json\/wp\/v2\/media\/28577"}],"wp:attachment":[{"href":"https:\/\/losperiodistas.com.mx\/portal\/wp-json\/wp\/v2\/media?parent=28576"}],"wp:term":[{"taxonomy":"category","embeddable":true,"href":"https:\/\/losperiodistas.com.mx\/portal\/wp-json\/wp\/v2\/categories?post=28576"},{"taxonomy":"post_tag","embeddable":true,"href":"https:\/\/losperiodistas.com.mx\/portal\/wp-json\/wp\/v2\/tags?post=28576"}],"curies":[{"name":"wp","href":"https:\/\/api.w.org\/{rel}","templated":true}]}}