{"id":28568,"date":"2022-05-26T10:25:49","date_gmt":"2022-05-26T15:25:49","guid":{"rendered":"http:\/\/losperiodistas.com.mx\/portal\/?p=28568"},"modified":"2022-05-26T11:58:36","modified_gmt":"2022-05-26T16:58:36","slug":"avanza-iniciativa-para-ordenar-e-cableado-aereo-en-el-centro-historico","status":"publish","type":"post","link":"https:\/\/losperiodistas.com.mx\/portal\/avanza-iniciativa-para-ordenar-e-cableado-aereo-en-el-centro-historico\/","title":{"rendered":"Avanza iniciativa para ordenar e cableado a\u00e9reo en el Centro Hist\u00f3rico"},"content":{"rendered":"\n<ul class=\"wp-block-list\"><li><em>En una primera etapa, se atender\u00e1 esta problem\u00e1tica en Reforma, 16 de Septiembre, 3 Sur, 13 y 15 Poniente.<\/em><\/li><\/ul>\n\n\n\n<figure class=\"wp-block-image size-large\"><img fetchpriority=\"high\" decoding=\"async\" width=\"1024\" height=\"682\" src=\"https:\/\/losperiodistas.com.mx\/portal\/wp-content\/uploads\/2022\/05\/WhatsApp-Image-2022-05-26-at-10.33.27-AM-1-1024x682.jpeg\" alt=\"\" class=\"wp-image-28569\" srcset=\"https:\/\/losperiodistas.com.mx\/portal\/wp-content\/uploads\/2022\/05\/WhatsApp-Image-2022-05-26-at-10.33.27-AM-1-1024x682.jpeg 1024w, https:\/\/losperiodistas.com.mx\/portal\/wp-content\/uploads\/2022\/05\/WhatsApp-Image-2022-05-26-at-10.33.27-AM-1-300x200.jpeg 300w, https:\/\/losperiodistas.com.mx\/portal\/wp-content\/uploads\/2022\/05\/WhatsApp-Image-2022-05-26-at-10.33.27-AM-1-768x512.jpeg 768w, https:\/\/losperiodistas.com.mx\/portal\/wp-content\/uploads\/2022\/05\/WhatsApp-Image-2022-05-26-at-10.33.27-AM-1.jpeg 1280w\" sizes=\"(max-width: 1024px) 100vw, 1024px\" \/><figcaption>Ayuntamiento Puebla<\/figcaption><\/figure>\n\n\n\n<p><\/p>\n\n\n\n<p class=\"has-vivid-cyan-blue-color has-text-color has-medium-font-size\">REDACCI\u00d3N<\/p>\n\n\n\n<p>En el Centro Hist\u00f3rico de la capital poblana el Ayuntamiento est\u00e1 acabando con las \u201ctelas de ara\u00f1a\u00bb que se formaron por a\u00f1os tras la saturaci\u00f3n de cableado a\u00e9reo, pues en tan s\u00f3lo dos d\u00edas de trabajo ya se han reordenado 20 mil metros de l\u00edneas telef\u00f3nicas, de televisi\u00f3n e internet.<\/p>\n\n\n\n<p>\u00abSi queremos un mejor rumbo como ciudad, tiene que haber orden\u00bb asever\u00f3 Eduardo Rivera P\u00e9rez, Presidente Municipal, y es que para acabar con la contaminaci\u00f3n visual que afecta al coraz\u00f3n de la ciudad, era necesario atender la regulaci\u00f3n de la infraestructura en telecomunicaciones de la mano de las empresas que brindan estos servicios, como Telmex, Megacable, Total Play y Axtel, se\u00f1al\u00f3.<\/p>\n\n\n\n<p>Desde la 15 Poniente, uno de los puntos de intervenci\u00f3n que contempla esta primera etapa de ordenamiento, se supervis\u00f3 el avance de esta estrategia, pues de forma inicial ya se atiende a la par la avenida Reforma, 16 de Septiembre, 3 Sur y 13 Poniente, y con ello se traza \u00abun mapa de ruta y un cronograma de c\u00f3mo se va a atender el resto de la Zona de Monumentos\u00bb, explic\u00f3 Berenice Vidal Castel\u00e1n, Gerente del Centro Hist\u00f3rico y Patrimonio Cultural.<\/p>\n\n\n\n<p>As\u00ed, el lunes 23 de mayo comenz\u00f3 el retiro de \u00abmara\u00f1as\u00bb y fibra muerta, as\u00ed como el encinchado de las l\u00edneas funcionales y el reacomodo del cableado sobre los postes de servicio. Todas estas acciones se seguir\u00e1n desempe\u00f1ando sin obstruir las vialidades hasta el s\u00e1bado 28 de mayo.<\/p>\n\n\n\n<figure class=\"wp-block-image size-large\"><img decoding=\"async\" width=\"1024\" height=\"682\" src=\"https:\/\/losperiodistas.com.mx\/portal\/wp-content\/uploads\/2022\/05\/WhatsApp-Image-2022-05-26-at-10.33.27-AM-1024x682.jpeg\" alt=\"\" class=\"wp-image-28570\" srcset=\"https:\/\/losperiodistas.com.mx\/portal\/wp-content\/uploads\/2022\/05\/WhatsApp-Image-2022-05-26-at-10.33.27-AM-1024x682.jpeg 1024w, https:\/\/losperiodistas.com.mx\/portal\/wp-content\/uploads\/2022\/05\/WhatsApp-Image-2022-05-26-at-10.33.27-AM-300x200.jpeg 300w, https:\/\/losperiodistas.com.mx\/portal\/wp-content\/uploads\/2022\/05\/WhatsApp-Image-2022-05-26-at-10.33.27-AM-768x512.jpeg 768w, https:\/\/losperiodistas.com.mx\/portal\/wp-content\/uploads\/2022\/05\/WhatsApp-Image-2022-05-26-at-10.33.27-AM.jpeg 1280w\" sizes=\"(max-width: 1024px) 100vw, 1024px\" \/><\/figure>\n\n\n\n<p>Este plan es una iniciativa que busca abonar a las acciones de reordenamiento del Centro Hist\u00f3rico&nbsp;\u2014&nbsp;adicional a la regulaci\u00f3n del ambulantaje, rescate de parques y rescate del corredor 5 de Mayo\u2014,&nbsp;por lo que para Mar\u00eda Dolores Cervantes Moctezuma, Regidora Presidenta de la Comisi\u00f3n de Regulaci\u00f3n de Tenencia de la Tierra; y Blanca Alcal\u00e1 Ru\u00edz, Diputada Federal por la LXV Legislatura del Congreso de la Uni\u00f3n, coincidieron en el valor de este proyecto por dar garant\u00edas sobre la protecci\u00f3n del patrimonio de la capital.<\/p>\n\n\n\n<p>Acompa\u00f1aron en este evento Michel Cha\u00edn Carrillo, Secretario de Gesti\u00f3n y Desarrollo Urbano; \u00c9dgar V\u00e9lez Tirado, titular de la Secretar\u00eda de Movilidad e Infraestructura; as\u00ed como Carlos Iv\u00e1n Olvera Vargas, Gerente de Operaciones en Puebla de Total Play.<\/p>\n","protected":false},"excerpt":{"rendered":"<p>En una primera etapa, se atender\u00e1 esta problem\u00e1tica en Reforma, 16 de Septiembre, 3 Sur, 13 y 15 Poniente. REDACCI\u00d3N [&hellip;]<\/p>\n","protected":false},"author":1,"featured_media":28569,"comment_status":"open","ping_status":"open","sticky":false,"template":"","format":"standard","meta":{"site-sidebar-layout":"default","site-content-layout":"","ast-site-content-layout":"default","site-content-style":"default","site-sidebar-style":"default","ast-global-header-display":"","ast-banner-title-visibility":"","ast-main-header-display":"","ast-hfb-above-header-display":"","ast-hfb-below-header-display":"","ast-hfb-mobile-header-display":"","site-post-title":"","ast-breadcrumbs-content":"","ast-featured-img":"","footer-sml-layout":"","theme-transparent-header-meta":"","adv-header-id-meta":"","stick-header-meta":"","header-above-stick-meta":"","header-main-stick-meta":"","header-below-stick-meta":"","astra-migrate-meta-layouts":"default","ast-page-background-enabled":"default","ast-page-background-meta":{"desktop":{"background-color":"var(--ast-global-color-4)","background-image":"","background-repeat":"repeat","background-position":"center center","background-size":"auto","background-attachment":"scroll","background-type":"","background-media":"","overlay-type":"","overlay-color":"","overlay-opacity":"","overlay-gradient":""},"tablet":{"background-color":"","background-image":"","background-repeat":"repeat","background-position":"center center","background-size":"auto","background-attachment":"scroll","background-type":"","background-media":"","overlay-type":"","overlay-color":"","overlay-opacity":"","overlay-gradient":""},"mobile":{"background-color":"","background-image":"","background-repeat":"repeat","background-position":"center center","background-size":"auto","background-attachment":"scroll","background-type":"","background-media":"","overlay-type":"","overlay-color":"","overlay-opacity":"","overlay-gradient":""}},"ast-content-background-meta":{"desktop":{"background-color":"var(--ast-global-color-5)","background-image":"","background-repeat":"repeat","background-position":"center center","background-size":"auto","background-attachment":"scroll","background-type":"","background-media":"","overlay-type":"","overlay-color":"","overlay-opacity":"","overlay-gradient":""},"tablet":{"background-color":"var(--ast-global-color-5)","background-image":"","background-repeat":"repeat","background-position":"center center","background-size":"auto","background-attachment":"scroll","background-type":"","background-media":"","overlay-type":"","overlay-color":"","overlay-opacity":"","overlay-gradient":""},"mobile":{"background-color":"var(--ast-global-color-5)","background-image":"","background-repeat":"repeat","background-position":"center center","background-size":"auto","background-attachment":"scroll","background-type":"","background-media":"","overlay-type":"","overlay-color":"","overlay-opacity":"","overlay-gradient":""}},"footnotes":""},"categories":[8],"tags":[7279,1981,6801,10400],"class_list":["post-28568","post","type-post","status-publish","format-standard","has-post-thumbnail","hentry","category-noticias","tag-contigoyconrumbo","tag-centro-historico-puebla","tag-imagen-urbana","tag-mobiliario-urbano"],"_links":{"self":[{"href":"https:\/\/losperiodistas.com.mx\/portal\/wp-json\/wp\/v2\/posts\/28568","targetHints":{"allow":["GET"]}}],"collection":[{"href":"https:\/\/losperiodistas.com.mx\/portal\/wp-json\/wp\/v2\/posts"}],"about":[{"href":"https:\/\/losperiodistas.com.mx\/portal\/wp-json\/wp\/v2\/types\/post"}],"author":[{"embeddable":true,"href":"https:\/\/losperiodistas.com.mx\/portal\/wp-json\/wp\/v2\/users\/1"}],"replies":[{"embeddable":true,"href":"https:\/\/losperiodistas.com.mx\/portal\/wp-json\/wp\/v2\/comments?post=28568"}],"version-history":[{"count":1,"href":"https:\/\/losperiodistas.com.mx\/portal\/wp-json\/wp\/v2\/posts\/28568\/revisions"}],"predecessor-version":[{"id":28571,"href":"https:\/\/losperiodistas.com.mx\/portal\/wp-json\/wp\/v2\/posts\/28568\/revisions\/28571"}],"wp:featuredmedia":[{"embeddable":true,"href":"https:\/\/losperiodistas.com.mx\/portal\/wp-json\/wp\/v2\/media\/28569"}],"wp:attachment":[{"href":"https:\/\/losperiodistas.com.mx\/portal\/wp-json\/wp\/v2\/media?parent=28568"}],"wp:term":[{"taxonomy":"category","embeddable":true,"href":"https:\/\/losperiodistas.com.mx\/portal\/wp-json\/wp\/v2\/categories?post=28568"},{"taxonomy":"post_tag","embeddable":true,"href":"https:\/\/losperiodistas.com.mx\/portal\/wp-json\/wp\/v2\/tags?post=28568"}],"curies":[{"name":"wp","href":"https:\/\/api.w.org\/{rel}","templated":true}]}}