{"id":28558,"date":"2022-05-26T08:06:16","date_gmt":"2022-05-26T13:06:16","guid":{"rendered":"http:\/\/losperiodistas.com.mx\/portal\/?p=28558"},"modified":"2022-05-26T08:06:17","modified_gmt":"2022-05-26T13:06:17","slug":"charlene-de-monaco-por-fin-rompe-su-silencio-y-habla-asi-del-principe-alberto-egos","status":"publish","type":"post","link":"https:\/\/losperiodistas.com.mx\/portal\/charlene-de-monaco-por-fin-rompe-su-silencio-y-habla-asi-del-principe-alberto-egos\/","title":{"rendered":"Charl\u00e8ne de M\u00f3naco por fin rompe su silencio y habla as\u00ed del pr\u00edncipe Alberto | EGOS"},"content":{"rendered":"\n<p><em>La consorte se ha pronunciado sobre el hipot\u00e9tico divorcio y sus recientes problemas de salud<\/em><\/p>\n\n\n\n<p><\/p>\n\n\n\n<figure class=\"wp-block-image size-full\"><img fetchpriority=\"high\" decoding=\"async\" width=\"600\" height=\"400\" src=\"https:\/\/losperiodistas.com.mx\/portal\/wp-content\/uploads\/2022\/05\/KLWXNE4PINAQDEG4NVFZJLZNVE.jpg\" alt=\"\" class=\"wp-image-28559\" srcset=\"https:\/\/losperiodistas.com.mx\/portal\/wp-content\/uploads\/2022\/05\/KLWXNE4PINAQDEG4NVFZJLZNVE.jpg 600w, https:\/\/losperiodistas.com.mx\/portal\/wp-content\/uploads\/2022\/05\/KLWXNE4PINAQDEG4NVFZJLZNVE-300x200.jpg 300w\" sizes=\"(max-width: 600px) 100vw, 600px\" \/><figcaption><strong>Charl\u00e8ne y Alberto de M\u00f3naco en una imagen de 2020<\/strong>\u00a0FOTO:\u00a0ERIC GAILLARD \/ POOL\u00a0EFE<\/figcaption><\/figure>\n\n\n\n<p class=\"has-vivid-cyan-blue-color has-text-color has-medium-font-size\">FRAN G\u00d3MEZ \/ EGOS \/ LA RAZ\u00d3N<\/p>\n\n\n\n<p>Han sido meses duros para Charl\u00e8ne de M\u00f3naco. M\u00e1s all\u00e1 de sus problemas de salud, la princesa ha tenido que hacer frente a todo tipo de habladur\u00edas sobre su vida y&nbsp;<a href=\"https:\/\/www.larazon.es\/gente\/20210630\/um2vqjmnnbcp7nzjrk2xktpomm.html\"><strong>su relaci\u00f3n con el pr\u00edncipe Alberto<\/strong><\/a>. Manteniendo el hermetismo imperante en las casas reales europeas, el regio matrimonio apenas se ha pronunciado sobre este asunto por m\u00e1s fuerte que sonaran los rumores acerca de&nbsp;<a href=\"https:\/\/www.larazon.es\/gente\/casa-real\/20220511\/k6b4hkrb6zavjo77ucdgq7enru.html\"><strong>su posible separaci\u00f3n<\/strong><\/a>, pero ahora&nbsp;<strong>la exnadadora ha roto su silencio y ha sido m\u00e1s clara que nunca al referirse a su todav\u00eda esposo<\/strong>.<\/p>\n\n\n\n<h3 class=\"wp-block-heading\">Noticias relacionadas<\/h3>\n\n\n\n<ul class=\"wp-block-list\"><li><a href=\"https:\/\/www.larazon.es\/gente\/casa-real\/20220525\/tbu3vnz2m5hpdaq4jwwmwy53k4.html\">Derroche de glamur.&nbsp;Charl\u00e8ne de M\u00f3naco reaparece junto a su hija Gabriella, en la Semana de la Moda de Montecarlo<\/a><\/li><li><a href=\"https:\/\/www.larazon.es\/gente\/casa-real\/20220519\/4jf6dptmrnacrelmsaqihdfvam.html\">Sud\u00e1frica.&nbsp;Charl\u00e8ne de M\u00f3naco, v\u00edctima de un ataque epil\u00e9ptico<\/a><\/li><\/ul>\n\n\n\n<p>La princesa ha concedido una entrevista al medio franc\u00e9s \u2018Monaco-Matin\u2019 y se ha sincerado sobre las&nbsp;<a href=\"https:\/\/www.larazon.es\/gente\/20210121\/lohubb6xi5a27lj4rm64bbaxzq.html\"><strong>habladur\u00edas que han salpicado a su matrimonio con el pr\u00edncipe Alberto<\/strong><\/a>. De sus palabras se entiende que tiene un enfado may\u00fasculo. \u201cUsted quiere hablar de los rumores de divorcio o de mi nueva residencia en Suiza.&nbsp;<strong>Me parece lamentable que algunos medios de comunicaci\u00f3n difundan tales rumores acerca de mi vida o de mi relaci\u00f3n<\/strong>\u201d, comienza se\u00f1alando la consorte ante las preguntas del periodista.<\/p>\n\n\n\n<p>Adem\u00e1s, la princesa Charl\u00e8ne de M\u00f3naco dedica muy buenas palabras a su marido y padre de sus mellizos. \u201cAlberto ha sido un enorme apoyo.&nbsp;Juntos hemos hablado sobre&nbsp;<a href=\"https:\/\/www.larazon.es\/gente\/casa-real\/20210722\/qaqdymhr25haxlqfbs43bxye7y.html\"><strong>estos rumores<\/strong><\/a>&nbsp;y&nbsp;<strong>\u00e9l ha hecho todo lo posible por protegernos a nuestros hijos y a m\u00ed<\/strong>\u201d, sentencia a lo largo de su entrevista.<\/p>\n\n\n\n<figure class=\"wp-block-image\"><img decoding=\"async\" src=\"https:\/\/www.larazon.es\/resizer\/JQokgubTBsZABI_OebVtS1c6hhY=\/600x0\/smart\/filters:format(jpg)\/cloudfront-eu-central-1.images.arcpublishing.com\/larazon\/T52U6IEIGBG5RBR7VYLKUTXICA.JPG\" alt=\"La princesa Charl\u00e8ne de M\u00f3naco \"\/><figcaption>La princesa Charl\u00e8ne de M\u00f3naco&nbsp;FOTO:&nbsp;CARLO ALLEGRI&nbsp;REUTERS<\/figcaption><\/figure>\n\n\n\n<p>Por otra parte, la consorte tambi\u00e9n se refiri\u00f3 a&nbsp;<a href=\"https:\/\/www.larazon.es\/gente\/casa-real\/20220219\/kzp26dfm6ndetdwatel656xnoi.html\"><strong>los problemas de salud<\/strong><\/a>&nbsp;que sufri\u00f3 hace meses y que la mantuvieron alejada de la vida p\u00fablica. Por lo visto, todav\u00eda no se ha recuperado del todo: \u201c<strong>Mi salud sigue siendo fr\u00e1gil y no quiero ir demasiado r\u00e1pido<\/strong>. El camino ha sido largo, dif\u00edcil y doloroso. Hoy me siento m\u00e1s tranquila\u201d.<\/p>\n\n\n\n<p>Ya son varias las ocasiones en las que tanto Alberto como Charl\u00e8ne de M\u00f3naco se han pronunciado para&nbsp;<a href=\"https:\/\/www.larazon.es\/gente\/casa-real\/20210825\/rci7h5g2z5d6xpo54y46z3fni4.html\"><strong>intentar zanjar los rumores acerca de un hipot\u00e9tico divorcio<\/strong><\/a>, pero los \u00faltimos acontecimientos apuntan a una direcci\u00f3n completamente contraria.&nbsp;<strong>La separaci\u00f3n entre ellos ya es un hecho, al menos en el plano f\u00edsico<\/strong>, puesto que la sudafricana ha dejado el peque\u00f1o estado para mudarse a Suiza, tal y como numerosos medios galos y monegascos han publicado recientemente.<\/p>\n\n\n\n<p>Al parecer, los pr\u00edncipes habr\u00edan llegado a\u00a0<strong>un acuerdo millonario<\/strong>\u00a0que permitir\u00eda a Charl\u00e8ne de M\u00f3naco hacer una vida \u201cindependiente\u201d y alejada del pa\u00eds, salvo en las ocasiones en las que la Corona la requiera para\u00a0<a href=\"https:\/\/www.larazon.es\/gente\/casa-real\/20220313\/yu5ozemfu5cqjoaksrcpgf3sme.html\"><strong>cumplir con sus obligaciones como consorte<\/strong><\/a>.<\/p>\n\n\n\n<p>Fuente: https:\/\/www.larazon.es\/gente\/casa-real\/20220526\/6bqi42clundhnc6lyjcydw6uy4.html<\/p>\n","protected":false},"excerpt":{"rendered":"<p>La consorte se ha pronunciado sobre el hipot\u00e9tico divorcio y sus recientes problemas de salud FRAN G\u00d3MEZ \/ EGOS \/ [&hellip;]<\/p>\n","protected":false},"author":1,"featured_media":28559,"comment_status":"open","ping_status":"open","sticky":false,"template":"","format":"standard","meta":{"site-sidebar-layout":"default","site-content-layout":"","ast-site-content-layout":"default","site-content-style":"default","site-sidebar-style":"default","ast-global-header-display":"","ast-banner-title-visibility":"","ast-main-header-display":"","ast-hfb-above-header-display":"","ast-hfb-below-header-display":"","ast-hfb-mobile-header-display":"","site-post-title":"","ast-breadcrumbs-content":"","ast-featured-img":"","footer-sml-layout":"","theme-transparent-header-meta":"","adv-header-id-meta":"","stick-header-meta":"","header-above-stick-meta":"","header-main-stick-meta":"","header-below-stick-meta":"","astra-migrate-meta-layouts":"default","ast-page-background-enabled":"default","ast-page-background-meta":{"desktop":{"background-color":"var(--ast-global-color-4)","background-image":"","background-repeat":"repeat","background-position":"center center","background-size":"auto","background-attachment":"scroll","background-type":"","background-media":"","overlay-type":"","overlay-color":"","overlay-opacity":"","overlay-gradient":""},"tablet":{"background-color":"","background-image":"","background-repeat":"repeat","background-position":"center center","background-size":"auto","background-attachment":"scroll","background-type":"","background-media":"","overlay-type":"","overlay-color":"","overlay-opacity":"","overlay-gradient":""},"mobile":{"background-color":"","background-image":"","background-repeat":"repeat","background-position":"center center","background-size":"auto","background-attachment":"scroll","background-type":"","background-media":"","overlay-type":"","overlay-color":"","overlay-opacity":"","overlay-gradient":""}},"ast-content-background-meta":{"desktop":{"background-color":"var(--ast-global-color-5)","background-image":"","background-repeat":"repeat","background-position":"center center","background-size":"auto","background-attachment":"scroll","background-type":"","background-media":"","overlay-type":"","overlay-color":"","overlay-opacity":"","overlay-gradient":""},"tablet":{"background-color":"var(--ast-global-color-5)","background-image":"","background-repeat":"repeat","background-position":"center center","background-size":"auto","background-attachment":"scroll","background-type":"","background-media":"","overlay-type":"","overlay-color":"","overlay-opacity":"","overlay-gradient":""},"mobile":{"background-color":"var(--ast-global-color-5)","background-image":"","background-repeat":"repeat","background-position":"center center","background-size":"auto","background-attachment":"scroll","background-type":"","background-media":"","overlay-type":"","overlay-color":"","overlay-opacity":"","overlay-gradient":""}},"footnotes":""},"categories":[8],"tags":[10399,3297],"class_list":["post-28558","post","type-post","status-publish","format-standard","has-post-thumbnail","hentry","category-noticias","tag-casa-real-monaco","tag-charlene-de-monaco"],"_links":{"self":[{"href":"https:\/\/losperiodistas.com.mx\/portal\/wp-json\/wp\/v2\/posts\/28558","targetHints":{"allow":["GET"]}}],"collection":[{"href":"https:\/\/losperiodistas.com.mx\/portal\/wp-json\/wp\/v2\/posts"}],"about":[{"href":"https:\/\/losperiodistas.com.mx\/portal\/wp-json\/wp\/v2\/types\/post"}],"author":[{"embeddable":true,"href":"https:\/\/losperiodistas.com.mx\/portal\/wp-json\/wp\/v2\/users\/1"}],"replies":[{"embeddable":true,"href":"https:\/\/losperiodistas.com.mx\/portal\/wp-json\/wp\/v2\/comments?post=28558"}],"version-history":[{"count":1,"href":"https:\/\/losperiodistas.com.mx\/portal\/wp-json\/wp\/v2\/posts\/28558\/revisions"}],"predecessor-version":[{"id":28560,"href":"https:\/\/losperiodistas.com.mx\/portal\/wp-json\/wp\/v2\/posts\/28558\/revisions\/28560"}],"wp:featuredmedia":[{"embeddable":true,"href":"https:\/\/losperiodistas.com.mx\/portal\/wp-json\/wp\/v2\/media\/28559"}],"wp:attachment":[{"href":"https:\/\/losperiodistas.com.mx\/portal\/wp-json\/wp\/v2\/media?parent=28558"}],"wp:term":[{"taxonomy":"category","embeddable":true,"href":"https:\/\/losperiodistas.com.mx\/portal\/wp-json\/wp\/v2\/categories?post=28558"},{"taxonomy":"post_tag","embeddable":true,"href":"https:\/\/losperiodistas.com.mx\/portal\/wp-json\/wp\/v2\/tags?post=28558"}],"curies":[{"name":"wp","href":"https:\/\/api.w.org\/{rel}","templated":true}]}}