{"id":28551,"date":"2022-05-26T07:56:12","date_gmt":"2022-05-26T12:56:12","guid":{"rendered":"http:\/\/losperiodistas.com.mx\/portal\/?p=28551"},"modified":"2022-05-26T07:56:14","modified_gmt":"2022-05-26T12:56:14","slug":"el-arbol-mas-antiguo-del-mundo-podria-haber-sido-encontrado-en-chile-tener-mas-de-5-000-anos-y-estar-muriendo-dw","status":"publish","type":"post","link":"https:\/\/losperiodistas.com.mx\/portal\/el-arbol-mas-antiguo-del-mundo-podria-haber-sido-encontrado-en-chile-tener-mas-de-5-000-anos-y-estar-muriendo-dw\/","title":{"rendered":"El \u00e1rbol m\u00e1s antiguo del mundo podr\u00eda haber sido encontrado en Chile, tener m\u00e1s de 5.000 a\u00f1os y estar muriendo | DW"},"content":{"rendered":"\n<p><em>En un barranco de la Patagonia, en la costa chilena, hay un \u00e1rbol muy especial: el \u00abAlerce milenario\u00bb o \u00abGran abuelo\u00bb, un gigante que podr\u00eda tener m\u00e1s de 5.000 a\u00f1os de antig\u00fcedad.<\/em><\/p>\n\n\n\n<p><\/p>\n\n\n\n<figure class=\"wp-block-image size-full\"><img fetchpriority=\"high\" decoding=\"async\" width=\"700\" height=\"394\" src=\"https:\/\/losperiodistas.com.mx\/portal\/wp-content\/uploads\/2022\/05\/61935555_303.jpeg\" alt=\"\" class=\"wp-image-28552\" srcset=\"https:\/\/losperiodistas.com.mx\/portal\/wp-content\/uploads\/2022\/05\/61935555_303.jpeg 700w, https:\/\/losperiodistas.com.mx\/portal\/wp-content\/uploads\/2022\/05\/61935555_303-300x169.jpeg 300w\" sizes=\"(max-width: 700px) 100vw, 700px\" \/><figcaption>Uno de los \u00e1rboles m\u00e1s antiguos del mundo: el \u00abAlerce abuelo\u00bb, en el Parque Nacional Los Alerces, en la regi\u00f3n patag\u00f3nica de Argentina. Similiar al \u00abAlarce milenario\u00bb de Chile.<\/figcaption><\/figure>\n\n\n\n<p class=\"has-vivid-cyan-blue-color has-text-color has-medium-font-size\">DW<\/p>\n\n\n\n<p>El joven cient\u00edfico medioambiental chileno Jonathan Barichivich ha desarrollado un nuevo m\u00e9todo para estimar la edad de los \u00e1rboles. Ahora,&nbsp;<a href=\"https:\/\/www.science.org\/content\/article\/world-s-oldest-tree-growing-ravine-chile\" target=\"_blank\" rel=\"noreferrer noopener\">como publica&nbsp;<em>Science<\/em><\/a>, Barichivich ha presentado un \u00e1rbol que podr\u00eda ser el ser vivo m\u00e1s antiguo de la tierra: el \u00abAlerce milenario\u00bb o \u00abGran abuelo\u00bb, un gigante canoso de m\u00e1s de 4 metros de di\u00e1metro que podr\u00eda tener una sorprendente edad de al menos 5.000 a\u00f1os, m\u00e1s o menos cuando el ser humano inventaba la escritura.<\/p>\n\n\n\n<p>De confirmarse, el alerce (<em>Fitzroya cupressoides<\/em>), ubicado en el sur de Chile, en el Parque Alerce Costero, le ganar\u00eda por mucho al poseedor actual del r\u00e9cord, el \u00abMatusal\u00e9n\u00bb, un pino de bristlecone del este de California que se cree que tiene 4.853 a\u00f1os.<\/p>\n\n\n\n<p>Para llegar a sus conclusiones, Barichivich, que trabaja en el Laboratorio de Ciencias del Clima y del Medio Ambiente de Par\u00eds, utiliz\u00f3 una combinaci\u00f3n de modelos inform\u00e1ticos y m\u00e9todos tradicionales para calcular la edad de los \u00e1rboles, adem\u00e1s de la del \u00abAlerce milenario\u00bb, que arroj\u00f3 la edad estimada de 5.484 a\u00f1os.<\/p>\n\n\n\n<figure class=\"wp-block-embed is-type-rich is-provider-twitter wp-block-embed-twitter\"><div class=\"wp-block-embed__wrapper\">\n<blockquote class=\"twitter-tweet\" data-width=\"500\" data-dnt=\"true\"><p lang=\"en\" dir=\"ltr\">ALERCE MILENARIO: Is the world\u2019s oldest tree growing in a ravine in <a href=\"https:\/\/twitter.com\/hashtag\/Chile?src=hash&amp;ref_src=twsrc%5Etfw\">#Chile<\/a>? <a href=\"https:\/\/t.co\/hFZMHWNWmF\">https:\/\/t.co\/hFZMHWNWmF<\/a> via <a href=\"https:\/\/twitter.com\/ScienceMagazine?ref_src=twsrc%5Etfw\">@ScienceMagazine<\/a> <a href=\"https:\/\/twitter.com\/hashtag\/science?src=hash&amp;ref_src=twsrc%5Etfw\">#science<\/a> <a href=\"https:\/\/twitter.com\/hashtag\/PlantScience?src=hash&amp;ref_src=twsrc%5Etfw\">#PlantScience<\/a> <a href=\"https:\/\/t.co\/ugd6Tme4a6\">pic.twitter.com\/ugd6Tme4a6<\/a><\/p>&mdash; Cabells (@CabellsPublish) <a href=\"https:\/\/twitter.com\/CabellsPublish\/status\/1528377149958373378?ref_src=twsrc%5Etfw\">May 22, 2022<\/a><\/blockquote><script async src=\"https:\/\/platform.twitter.com\/widgets.js\" charset=\"utf-8\"><\/script>\n<\/div><\/figure>\n\n\n\n<p>Seg\u00fan afirm\u00f3 Barichivich a&nbsp;<em>Newsweek<\/em>, el \u00e1rbol, que se ha convertido en una atracci\u00f3n tur\u00edstica para el parque \u2013y donde la gente suele inadvertidamente pasar por encima de sus ra\u00edces\u2013, es muy vulnerable; solo el 28 % del \u00e1rbol est\u00e1 realmente vivo.<\/p>\n\n\n\n<p>As\u00ed, el flujo de turistas que caminan por el suelo cercano, a pesar de una inversi\u00f3n en infraestructura vial en 2012 que mejor\u00f3 la accesibilidad, est\u00e1 da\u00f1ando activamente las \u00faltimas partes vivas del \u00e1rbol. \u00abPara m\u00ed, este \u00e1rbol es como un miembro de la familia. Verlo as\u00ed me rompe el coraz\u00f3n, es como ver a un le\u00f3n en una jaula en un zool\u00f3gico\u00bb, dijo Barichivich a&nbsp;<em>Newsweek<\/em>.&nbsp;<a href=\"https:\/\/www.dw.com\/es\/el-%C3%A1rbol-m%C3%A1s-antiguo-del-mundo-podr%C3%ADa-haber-sido-encontrado-en-chile-tener-m%C3%A1s-de-5000-a%C3%B1os-y-estar-muriendo\/a-61936114#\"><\/a><\/p>\n\n\n\n<p>El pino bristlecone (foto) del este de California tendr\u00eda 4853 a\u00f1os de anillos de crecimiento anual bajo su nudosa corteza.<\/p>\n\n\n\n<h2 class=\"wp-block-heading\"><strong>La medici\u00f3n<\/strong><\/h2>\n\n\n\n<p>Para calcular la edad del \u00abAlerce milenario\u00bb, el experto en \u00e1rboles perfor\u00f3 con mucho cuidado el tronco de cuatro metros de grosor con un taladro especial; un procedimiento especialmente suave, del cual el \u00e1rbol se recupera r\u00e1pidamente.<\/p>\n\n\n\n<p>Sin embargo, el inconveniente&nbsp;es que no es posible perforar hasta el centro del tronco. Por tanto, la muestra que extrajo Barichivich solo representa una parte de los anillos t\u00edpicos de los \u00e1rboles. Por ello, el cient\u00edfico utiliz\u00f3 un modelo estad\u00edstico para \u00abcontar\u00bb los anillos de los \u00e1rboles que faltaban.<\/p>\n\n\n\n<p>Un ordenador calcul\u00f3 entonces la edad: 5486 anillos, por lo que el \u00abGran abuelo\u00bb deber\u00eda tener 5486 a\u00f1os.<\/p>\n\n\n\n<h2 class=\"wp-block-heading\"><strong>Disputa cient\u00edfica sobre las conclusiones de Barichivich<\/strong><\/h2>\n\n\n\n<p>Otros dendrocron\u00f3logos son esc\u00e9pticos de los hallazgos a\u00fan no publicados de Barichivich. No obstante, algunos expertos est\u00e1n abiertos a la posibilidad. \u00abConf\u00edo plenamente en el an\u00e1lisis que ha hecho Jonathan\u00bb, dijo a&nbsp;<em>Science&nbsp;<\/em>Harald Bugmann, dendrocron\u00f3logo de la ETH Z\u00fcrich. \u00abParece un enfoque muy inteligente\u00bb, agreg\u00f3.<br><a href=\"https:\/\/www.dw.com\/es\/el-%C3%A1rbol-m%C3%A1s-antiguo-del-mundo-podr%C3%ADa-haber-sido-encontrado-en-chile-tener-m%C3%A1s-de-5000-a%C3%B1os-y-estar-muriendo\/a-61936114#\"><\/a><\/p>\n\n\n\n<p>Troncos de \u00e1rboles de Alerce, en el bosque tropical h\u00famedo Pumal\u00edn, Chile.<\/p>\n\n\n\n<h2 class=\"wp-block-heading\"><strong>Proteger el \u00abAlerce milenario\u00bb<\/strong><\/h2>\n\n\n\n<p>Sea cual sea el resultado, Barichivich espera que sus m\u00e9todos sirvan para que en el futuro la investigaci\u00f3n sobre los \u00e1rboles no perjudique a un \u00e1rbol vulnerable como el \u00abAlerce milenario\u00bb. Adem\u00e1s, espera que la posibilidad de que \u00e1rbol pueda ser el poseedor del r\u00e9cord impulse al Gobierno de Chile a protegerlo mejor.<\/p>\n\n\n\n<p>\u00abEl objetivo es proteger el \u00e1rbol, no hacer titulares ni batir r\u00e9cords\u00bb, dijo Barichivich a&nbsp;<em>Newsweek<\/em>. \u00abNo se trata de hacer un gran agujero en el \u00e1rbol solo para saber que es el m\u00e1s antiguo. El reto cient\u00edfico es estimar la edad sin ser demasiado invasivo para el \u00e1rbol\u00bb. a\u00f1adi\u00f3.<\/p>\n\n\n\n<p>En lo que s\u00ed coinciden los cient\u00edficos es que, al parecer, algunas especies de \u00e1rboles han desarrollado adaptaciones que les hacen vivir mucho m\u00e1s tiempo que otras especies, por razones que a\u00fan no comprenden del todo. \u00abAlgunas especies hacen cosas que creemos que deber\u00edan ser imposibles\u00bb, afirm\u00f3&nbsp;Bugmann. \u00abTodav\u00eda hay misterios en el bosque\u00bb, concluy\u00f3.<\/p>\n\n\n\n<p><em>Editado por Felipe Espinosa Wang.<\/em><\/p>\n\n\n\n<p>Fuente: https:\/\/www.dw.com\/es\/el-%C3%A1rbol-m%C3%A1s-antiguo-del-mundo-podr%C3%ADa-haber-sido-encontrado-en-chile-tener-m%C3%A1s-de-5000-a%C3%B1os-y-estar-muriendo\/a-61936114<\/p>\n","protected":false},"excerpt":{"rendered":"<p>En un barranco de la Patagonia, en la costa chilena, hay un \u00e1rbol muy especial: el \u00abAlerce milenario\u00bb o \u00abGran [&hellip;]<\/p>\n","protected":false},"author":1,"featured_media":28552,"comment_status":"open","ping_status":"open","sticky":false,"template":"","format":"standard","meta":{"site-sidebar-layout":"default","site-content-layout":"","ast-site-content-layout":"default","site-content-style":"default","site-sidebar-style":"default","ast-global-header-display":"","ast-banner-title-visibility":"","ast-main-header-display":"","ast-hfb-above-header-display":"","ast-hfb-below-header-display":"","ast-hfb-mobile-header-display":"","site-post-title":"","ast-breadcrumbs-content":"","ast-featured-img":"","footer-sml-layout":"","theme-transparent-header-meta":"","adv-header-id-meta":"","stick-header-meta":"","header-above-stick-meta":"","header-main-stick-meta":"","header-below-stick-meta":"","astra-migrate-meta-layouts":"default","ast-page-background-enabled":"default","ast-page-background-meta":{"desktop":{"background-color":"var(--ast-global-color-4)","background-image":"","background-repeat":"repeat","background-position":"center center","background-size":"auto","background-attachment":"scroll","background-type":"","background-media":"","overlay-type":"","overlay-color":"","overlay-opacity":"","overlay-gradient":""},"tablet":{"background-color":"","background-image":"","background-repeat":"repeat","background-position":"center center","background-size":"auto","background-attachment":"scroll","background-type":"","background-media":"","overlay-type":"","overlay-color":"","overlay-opacity":"","overlay-gradient":""},"mobile":{"background-color":"","background-image":"","background-repeat":"repeat","background-position":"center center","background-size":"auto","background-attachment":"scroll","background-type":"","background-media":"","overlay-type":"","overlay-color":"","overlay-opacity":"","overlay-gradient":""}},"ast-content-background-meta":{"desktop":{"background-color":"var(--ast-global-color-5)","background-image":"","background-repeat":"repeat","background-position":"center center","background-size":"auto","background-attachment":"scroll","background-type":"","background-media":"","overlay-type":"","overlay-color":"","overlay-opacity":"","overlay-gradient":""},"tablet":{"background-color":"var(--ast-global-color-5)","background-image":"","background-repeat":"repeat","background-position":"center center","background-size":"auto","background-attachment":"scroll","background-type":"","background-media":"","overlay-type":"","overlay-color":"","overlay-opacity":"","overlay-gradient":""},"mobile":{"background-color":"var(--ast-global-color-5)","background-image":"","background-repeat":"repeat","background-position":"center center","background-size":"auto","background-attachment":"scroll","background-type":"","background-media":"","overlay-type":"","overlay-color":"","overlay-opacity":"","overlay-gradient":""}},"footnotes":""},"categories":[8],"tags":[10396,10398,10397],"class_list":["post-28551","post","type-post","status-publish","format-standard","has-post-thumbnail","hentry","category-noticias","tag-alerce-milenario","tag-patagonia","tag-vegetacion-chile"],"_links":{"self":[{"href":"https:\/\/losperiodistas.com.mx\/portal\/wp-json\/wp\/v2\/posts\/28551","targetHints":{"allow":["GET"]}}],"collection":[{"href":"https:\/\/losperiodistas.com.mx\/portal\/wp-json\/wp\/v2\/posts"}],"about":[{"href":"https:\/\/losperiodistas.com.mx\/portal\/wp-json\/wp\/v2\/types\/post"}],"author":[{"embeddable":true,"href":"https:\/\/losperiodistas.com.mx\/portal\/wp-json\/wp\/v2\/users\/1"}],"replies":[{"embeddable":true,"href":"https:\/\/losperiodistas.com.mx\/portal\/wp-json\/wp\/v2\/comments?post=28551"}],"version-history":[{"count":1,"href":"https:\/\/losperiodistas.com.mx\/portal\/wp-json\/wp\/v2\/posts\/28551\/revisions"}],"predecessor-version":[{"id":28553,"href":"https:\/\/losperiodistas.com.mx\/portal\/wp-json\/wp\/v2\/posts\/28551\/revisions\/28553"}],"wp:featuredmedia":[{"embeddable":true,"href":"https:\/\/losperiodistas.com.mx\/portal\/wp-json\/wp\/v2\/media\/28552"}],"wp:attachment":[{"href":"https:\/\/losperiodistas.com.mx\/portal\/wp-json\/wp\/v2\/media?parent=28551"}],"wp:term":[{"taxonomy":"category","embeddable":true,"href":"https:\/\/losperiodistas.com.mx\/portal\/wp-json\/wp\/v2\/categories?post=28551"},{"taxonomy":"post_tag","embeddable":true,"href":"https:\/\/losperiodistas.com.mx\/portal\/wp-json\/wp\/v2\/tags?post=28551"}],"curies":[{"name":"wp","href":"https:\/\/api.w.org\/{rel}","templated":true}]}}