{"id":28542,"date":"2022-05-26T07:23:26","date_gmt":"2022-05-26T12:23:26","guid":{"rendered":"http:\/\/losperiodistas.com.mx\/portal\/?p=28542"},"modified":"2022-05-26T07:23:28","modified_gmt":"2022-05-26T12:23:28","slug":"pensandolo-bien-marcelo-ebrard-y-la-presidencia-tan-cerca-y-tan-lejos-el-pais","status":"publish","type":"post","link":"https:\/\/losperiodistas.com.mx\/portal\/pensandolo-bien-marcelo-ebrard-y-la-presidencia-tan-cerca-y-tan-lejos-el-pais\/","title":{"rendered":"Pens\u00e1ndolo bien | Marcelo Ebrard y la presidencia, tan cerca y tan lejos | El Pa\u00eds"},"content":{"rendered":"\n<p><em>La larga trayectoria y la estatura pol\u00edtica de la que goza por derecho propio, que podr\u00edan ser virtudes en otras circunstancias, se convierten en un lastre para efectos de ser considerado el delf\u00edn del l\u00edder del movimiento<\/em><\/p>\n\n\n\n<figure class=\"wp-block-image size-large\"><img fetchpriority=\"high\" decoding=\"async\" width=\"1024\" height=\"683\" src=\"https:\/\/losperiodistas.com.mx\/portal\/wp-content\/uploads\/2022\/05\/SGJMVUAUWNFWJE6WLJWOFOZP4E-1024x683.jpeg\" alt=\"\" class=\"wp-image-28543\" srcset=\"https:\/\/losperiodistas.com.mx\/portal\/wp-content\/uploads\/2022\/05\/SGJMVUAUWNFWJE6WLJWOFOZP4E-1024x683.jpeg 1024w, https:\/\/losperiodistas.com.mx\/portal\/wp-content\/uploads\/2022\/05\/SGJMVUAUWNFWJE6WLJWOFOZP4E-300x200.jpeg 300w, https:\/\/losperiodistas.com.mx\/portal\/wp-content\/uploads\/2022\/05\/SGJMVUAUWNFWJE6WLJWOFOZP4E-768x512.jpeg 768w, https:\/\/losperiodistas.com.mx\/portal\/wp-content\/uploads\/2022\/05\/SGJMVUAUWNFWJE6WLJWOFOZP4E-1536x1024.jpeg 1536w, https:\/\/losperiodistas.com.mx\/portal\/wp-content\/uploads\/2022\/05\/SGJMVUAUWNFWJE6WLJWOFOZP4E.jpeg 1960w\" sizes=\"(max-width: 1024px) 100vw, 1024px\" \/><figcaption>El Canciller Marcelo Ebrard y el presidente Andr\u00e9s Manuel L\u00f3pez Obrad, en el aeropuerto militar de Tapachula. PRESIDENCIA (CUARTOSCURO)<\/figcaption><\/figure>\n\n\n\n<p><\/p>\n\n\n\n<p class=\"has-vivid-cyan-blue-color has-text-color has-medium-font-size\">JORGE ZEPEDA PATTERSON \/ Opini\u00f3n \/ Pens\u00e1ndolo bien \/ EL PA\u00cdS<\/p>\n\n\n\n<p>Que el canciller Marcelo Ebrard no es el favorito de Andr\u00e9s Manuel L\u00f3pez Obrador&nbsp;<a href=\"https:\/\/elpais.com\/mexico\/2022-01-16\/ajedrez-y-lealtad-la-sucesion-de-lopez-obrador-define-el-rumbo-de-la-politica-mexicana.html\">para convertirse en su sucesor<\/a>, es evidente. Las razones por las cuales la jefa de Gobierno de la Ciudad de M\u00e9xico, Claudia Sheinbaum, estar\u00eda m\u00e1s cerca del \u00e1nimo del mandatario han sido abordadas en muchos espacios de an\u00e1lisis, incluyendo este. La principal, sin duda, es el hecho de que se trata de una figura formada en las filas del obradorismo y es percibida por propios y extra\u00f1os como alguien con mayores posibilidades de garantizar la continuidad del proyecto social y pol\u00edtico arrancado en este sexenio. Y sobra decir que, a medida que se acerca el fin de su ciclo, para L\u00f3pez Obrador la consolidaci\u00f3n de las muchas cosas que quedar\u00e1n inconclusas habr\u00e1 de convertirse en una obsesi\u00f3n. Lo podemos ver en las cada vez m\u00e1s frecuentes menciones al respecto.<\/p>\n\n\n\n<p>En ese sentido, el contraste de Sheinbaum con Ebrard es obvio; la larga y variada trayectoria de este \u00faltimo y la estatura pol\u00edtica de la que goza por derecho propio,&nbsp;<a href=\"https:\/\/elpais.com\/mexico\/2022-03-19\/marcelo-ebrard-encabeza-la-carrera-de-los-posibles-candidatos-presidenciales-en-2024.html\">que podr\u00edan ser virtudes en otras circunstancias<\/a>, se convierten en un lastre para efectos de ser considerado el delf\u00edn del l\u00edder del movimiento. Y las probabilidades de Ebrard a\u00fan ser\u00edan menores si, como dice el presidente, el tema de la sucesi\u00f3n fuese definido en una encuesta entre seguidores de Morena (m\u00e1s all\u00e1 de que por lo general suelen coincidir con las preferencias del presidente). A poblaci\u00f3n abierta los dos precandidatos estar\u00edan en un empate t\u00e9cnico seg\u00fan distintos sondeos, pero entre los militantes de ese partido la ventaja de Sheinbaum es amplia. Y esto dif\u00edcilmente habr\u00e1 de cambiar, a menos que el presidente quiera que cambie.<\/p>\n\n\n\n<p>Desde ese \u00e1ngulo, las perspectivas del canciller son exiguas, al grado de que algunos analistas se preguntan si no le ser\u00eda m\u00e1s conveniente comenzar a buscar apoyos en otras fuerzas pol\u00edticas. Pero desde otro \u00e1ngulo eso no es tan obvio. Despu\u00e9s de todo, por ahora solo hay dos precandidatos viables, con much\u00edsima distancia sobre un tercero.<a href=\"https:\/\/elpais.com\/mexico\/2022-05-18\/monreal-llama-a-cuidar-el-proceso-de-sucesion-en-morena-sueno-con-que-sea-democratico-aunque-no-lo-este-siendo.html\">&nbsp;La carrera presidencial<\/a>&nbsp;es m\u00e1s parecida a un marat\u00f3n de supervivencia, y el hecho de que dos corredores se hayan desprendido de tal manera del resto del pelot\u00f3n no es poca cosa. La diferencia, por supuesto, es que en el marat\u00f3n el segundo lugar consigue medalla de plata, en esta carrera, en cambio, no se lleva nada salvo la probable animadversi\u00f3n del pr\u00f3ximo presidente. Quiz\u00e1 los 18 meses que restan antes de que Morena deba tomar una decisi\u00f3n sea un per\u00edodo insuficiente para disminuir su desventaja en Palacio Nacional pero, por otro lado, cualquier imponderable pol\u00edtico o un desliz imperdonable de su rival, lo dejar\u00edan como puntero de manera autom\u00e1tica. En tales condiciones, renunciar a esta carrera para inscribirse en otra es suicida.<\/p>\n\n\n\n<p>En suma, tan lejos y tan cerca. \u00bfCu\u00e1les son los tiempos y escenarios de Marcelo Ebrard?<\/p>\n\n\n\n<p><strong>1.- Con Obrador hasta el final<\/strong>. En abono a esta opci\u00f3n, el Canciller podr\u00eda encomendarse a dos factores. A) Que la competencia contra los otros partidos resulte mucho m\u00e1s cerrada de lo que ahora se vislumbra, sea porque la oposici\u00f3n logra una candidatura unificada y relativamente viable o porque el desgaste del Gobierno deja a Morena con menos intenci\u00f3n de voto, al grado de que el presidente se ve obligado a inclinarse no necesariamente por su favorito sino por aqu\u00e9l que asegure el triunfo, bajo el supuesto de que Ebrard sea ese \u201calguien\u201d. B) Apostar hasta el \u00faltimo momento por el surgimiento del citado imponderable que de alguna manera haga inviable la candidatura de la actual puntera al acercarse la recta final. Aparentemente los dos factores escapar\u00edan al control de Ebrard. Pero solo de manera aparente, porque esta estrategia puede operarse en dos intensidades. Activa, tratando de incidir en este escenario, lo cual romper\u00eda lanzas con el equipo de Sheinbaum y a la postre con el obradorismo si esta gana. Y pasiva, conservando la posibilidad de que, si los factores no se presentan, al final negociar con la designada, hacerse \u00fatil y apostar por una siguiente oportunidad.<\/p>\n\n\n\n<p><strong>2.- Ruptura con el obradorismo.<\/strong>&nbsp;Habr\u00eda que preguntarse si una ruptura abierta es realmente un escenario viable o una especulaci\u00f3n de caf\u00e9 pol\u00edtico. Si Ebrard lo desea puede ser el candidato de alg\u00fan partido, sin duda, la pregunta es si eso le permitir\u00eda aspirar a un triunfo. El tema de fondo es el PAN. Asumiendo, sin conceder, que lograse la representaci\u00f3n del PRI, del PVEM y de Movimiento Ciudadano francamente se ve dif\u00edcil que el blanquiazul se sume a la causa de un protagonista pol\u00edtico que siempre ha estado en la acera de enfrente. Y sin el PAN no le alcanzar\u00eda contra el candidato oficial. Podr\u00eda argumentarse que, dada la escasa posibilidad que tendr\u00eda el PAN para competir solo, en un argumento in extremis podr\u00eda ceder en aras de sacar al obradorismo de Palacio. No es imposible, pero s\u00ed poco probable.<\/p>\n\n\n\n<p><strong>3.- Amago de Ruptura o soluci\u00f3n Eruviel<\/strong>. Al dejar la gubernatura del Estado de M\u00e9xico, para buscar la presidencia del pa\u00eds, Enrique Pe\u00f1a Nieto intent\u00f3 imponer como candidato del PRI a Alfredo del Mazo, actual gobernador. Eruviel \u00c1vila, el entonces carism\u00e1tico alcalde de Ecatepec del mismo partido, amenaz\u00f3 con encabezar una alianza de la oposici\u00f3n y competir con el pupilo de Pe\u00f1a Nieto. Este \u00faltimo, que no se pod\u00eda permitir una derrota local y emprender el camino a Los Pinos quedando expuestas sus espaldas, opt\u00f3 por entregar a Eruviel la candidatura. No es un escenario probable para Ebrard porque L\u00f3pez Obrador no es alguien que suela ceder ante una presi\u00f3n pol\u00edtica. Pero tambi\u00e9n es cierto que el canciller no tiene que explicitar este escenario si es que flota en el ambiente.<\/p>\n\n\n\n<p>Caben opciones intermedias entre estos tres escenarios. Por ejemplo, mantenerse en el primero hasta el \u00faltimo tramo y si las condiciones no le favorecen explorar las otras dos opciones. Sin embargo, en lo personal creo que la mejor alternativa del canciller sigue siendo apostar por lo que representa su aporte al movimiento obradorista y hacerlo valer. No est\u00e1 claro que el conjunto del electorado opte por una versi\u00f3n que, por razones reales o aparentes, es percibida como radical. Tampoco es descartable<a href=\"https:\/\/elpais.com\/mexico\/opinion\/2022-04-20\/la-derrota-en-el-congreso-y-la-sucesion-presidencial.html\">&nbsp;que el propio L\u00f3pez Obrador<\/a>&nbsp;termine por inclinarse por una opci\u00f3n m\u00e1s conciliadora o moderada para consolidar sus reformas. Habr\u00eda que insistir en que m\u00e1s all\u00e1 de su discurso polarizante, las pol\u00edticas p\u00fablicas de AMLO buscan introducir el cambio dentro de un proceso estable y responsable. Ebrard bien podr\u00eda sostener que el verdadero continuismo no es aquel que repite la f\u00f3rmula sino el que la adapta a las necesidades y la hace posible. El equipo del canciller tendr\u00eda que estar trabajando en planteamientos y soluciones pol\u00edticas, financieras y log\u00edsticas viables para aterrizar lo que quedar\u00e1 inconcluso: salud universal, desarrollo del sureste, injusticia social, pobreza, inseguridad, entre otros. Ese ser\u00eda el mejor argumento frente a L\u00f3pez Obrador.<\/p>\n\n\n\n<p>En lo personal creo que, aunque con matices sustanciales, Claudia Sheinbaum y Marcelo Ebrard son los dos perfiles con mayor capacidad y profesionalismo para conducir los destinos del pa\u00eds, con mucha distancia del resto de los precandidatos, dentro o fuera de Morena. Ser\u00e1 un debate interesante.<\/p>\n\n\n\n<p><a href=\"https:\/\/plus.elpais.com\/newsletters\/lnp\/1\/348\"><strong>Suscr\u00edbase aqu\u00ed<\/strong><\/a>a la\u00a0<em>newsletter<\/em>\u00a0de EL PA\u00cdS M\u00e9xico y reciba todas las claves informativas de la actualidad de este pa\u00eds<\/p>\n\n\n\n<p>Fuente: https:\/\/losperiodistas.com.mx\/portal\/wp-admin\/post.php?post=28542&amp;action=edit<\/p>\n","protected":false},"excerpt":{"rendered":"<p>La larga trayectoria y la estatura pol\u00edtica de la que goza por derecho propio, que podr\u00edan ser virtudes en otras [&hellip;]<\/p>\n","protected":false},"author":1,"featured_media":28543,"comment_status":"open","ping_status":"open","sticky":false,"template":"","format":"standard","meta":{"site-sidebar-layout":"default","site-content-layout":"","ast-site-content-layout":"default","site-content-style":"default","site-sidebar-style":"default","ast-global-header-display":"","ast-banner-title-visibility":"","ast-main-header-display":"","ast-hfb-above-header-display":"","ast-hfb-below-header-display":"","ast-hfb-mobile-header-display":"","site-post-title":"","ast-breadcrumbs-content":"","ast-featured-img":"","footer-sml-layout":"","theme-transparent-header-meta":"","adv-header-id-meta":"","stick-header-meta":"","header-above-stick-meta":"","header-main-stick-meta":"","header-below-stick-meta":"","astra-migrate-meta-layouts":"default","ast-page-background-enabled":"default","ast-page-background-meta":{"desktop":{"background-color":"var(--ast-global-color-4)","background-image":"","background-repeat":"repeat","background-position":"center center","background-size":"auto","background-attachment":"scroll","background-type":"","background-media":"","overlay-type":"","overlay-color":"","overlay-opacity":"","overlay-gradient":""},"tablet":{"background-color":"","background-image":"","background-repeat":"repeat","background-position":"center center","background-size":"auto","background-attachment":"scroll","background-type":"","background-media":"","overlay-type":"","overlay-color":"","overlay-opacity":"","overlay-gradient":""},"mobile":{"background-color":"","background-image":"","background-repeat":"repeat","background-position":"center center","background-size":"auto","background-attachment":"scroll","background-type":"","background-media":"","overlay-type":"","overlay-color":"","overlay-opacity":"","overlay-gradient":""}},"ast-content-background-meta":{"desktop":{"background-color":"var(--ast-global-color-5)","background-image":"","background-repeat":"repeat","background-position":"center center","background-size":"auto","background-attachment":"scroll","background-type":"","background-media":"","overlay-type":"","overlay-color":"","overlay-opacity":"","overlay-gradient":""},"tablet":{"background-color":"var(--ast-global-color-5)","background-image":"","background-repeat":"repeat","background-position":"center center","background-size":"auto","background-attachment":"scroll","background-type":"","background-media":"","overlay-type":"","overlay-color":"","overlay-opacity":"","overlay-gradient":""},"mobile":{"background-color":"var(--ast-global-color-5)","background-image":"","background-repeat":"repeat","background-position":"center center","background-size":"auto","background-attachment":"scroll","background-type":"","background-media":"","overlay-type":"","overlay-color":"","overlay-opacity":"","overlay-gradient":""}},"footnotes":""},"categories":[8],"tags":[5486,645,6666],"class_list":["post-28542","post","type-post","status-publish","format-standard","has-post-thumbnail","hentry","category-noticias","tag-elecciones-2024","tag-marcelo-ebrard","tag-politica-mexico"],"_links":{"self":[{"href":"https:\/\/losperiodistas.com.mx\/portal\/wp-json\/wp\/v2\/posts\/28542","targetHints":{"allow":["GET"]}}],"collection":[{"href":"https:\/\/losperiodistas.com.mx\/portal\/wp-json\/wp\/v2\/posts"}],"about":[{"href":"https:\/\/losperiodistas.com.mx\/portal\/wp-json\/wp\/v2\/types\/post"}],"author":[{"embeddable":true,"href":"https:\/\/losperiodistas.com.mx\/portal\/wp-json\/wp\/v2\/users\/1"}],"replies":[{"embeddable":true,"href":"https:\/\/losperiodistas.com.mx\/portal\/wp-json\/wp\/v2\/comments?post=28542"}],"version-history":[{"count":1,"href":"https:\/\/losperiodistas.com.mx\/portal\/wp-json\/wp\/v2\/posts\/28542\/revisions"}],"predecessor-version":[{"id":28544,"href":"https:\/\/losperiodistas.com.mx\/portal\/wp-json\/wp\/v2\/posts\/28542\/revisions\/28544"}],"wp:featuredmedia":[{"embeddable":true,"href":"https:\/\/losperiodistas.com.mx\/portal\/wp-json\/wp\/v2\/media\/28543"}],"wp:attachment":[{"href":"https:\/\/losperiodistas.com.mx\/portal\/wp-json\/wp\/v2\/media?parent=28542"}],"wp:term":[{"taxonomy":"category","embeddable":true,"href":"https:\/\/losperiodistas.com.mx\/portal\/wp-json\/wp\/v2\/categories?post=28542"},{"taxonomy":"post_tag","embeddable":true,"href":"https:\/\/losperiodistas.com.mx\/portal\/wp-json\/wp\/v2\/tags?post=28542"}],"curies":[{"name":"wp","href":"https:\/\/api.w.org\/{rel}","templated":true}]}}