{"id":28535,"date":"2022-05-26T06:54:17","date_gmt":"2022-05-26T11:54:17","guid":{"rendered":"http:\/\/losperiodistas.com.mx\/portal\/?p=28535"},"modified":"2022-05-26T06:54:19","modified_gmt":"2022-05-26T11:54:19","slug":"cedillo-reinaugura-edificio-de-san-jeronimo-de-buap-sera-para-posgrados-angulo-7","status":"publish","type":"post","link":"https:\/\/losperiodistas.com.mx\/portal\/cedillo-reinaugura-edificio-de-san-jeronimo-de-buap-sera-para-posgrados-angulo-7\/","title":{"rendered":"Cedillo reinaugura edificio de San Jer\u00f3nimo de BUAP; ser\u00e1 para posgrados\u00a0| \u00c1ngulo 7"},"content":{"rendered":"\n<figure class=\"wp-block-image size-full\"><img fetchpriority=\"high\" decoding=\"async\" width=\"620\" height=\"330\" src=\"https:\/\/losperiodistas.com.mx\/portal\/wp-content\/uploads\/2022\/05\/Cedillo-reinaugura-edificio-de-San-Jeronimo-de-BUAP-sera-para-posgrados.jpeg\" alt=\"\" class=\"wp-image-28536\" srcset=\"https:\/\/losperiodistas.com.mx\/portal\/wp-content\/uploads\/2022\/05\/Cedillo-reinaugura-edificio-de-San-Jeronimo-de-BUAP-sera-para-posgrados.jpeg 620w, https:\/\/losperiodistas.com.mx\/portal\/wp-content\/uploads\/2022\/05\/Cedillo-reinaugura-edificio-de-San-Jeronimo-de-BUAP-sera-para-posgrados-300x160.jpeg 300w\" sizes=\"(max-width: 620px) 100vw, 620px\" \/><figcaption><em>Foto: Alicia Jimenez\/EsImagen<\/em><\/figcaption><\/figure>\n\n\n\n<p><\/p>\n\n\n\n<p class=\"has-vivid-cyan-blue-color has-text-color has-medium-font-size\">GUADALUPE DE LA ROSA PRIEGO \/ \u00c1NGULO 7<\/p>\n\n\n\n<p>La&nbsp;<strong>rectora de la BUAP, Lilia Cedillo Ram\u00edrez<\/strong>, reinaugur\u00f3 el edificio de&nbsp;<strong>San Jer\u00f3nimo<\/strong>, que cerr\u00f3 tras el sismo del 19 de septiembre de 2017 luego de sufrir serias afectaciones; ser\u00e1 ocupado para estudios de posgrado y&nbsp;<strong>apoyo psicol\u00f3gico por la pandemia del Covid-19.<\/strong><\/p>\n\n\n\n<p>Fue este mi\u00e9rcoles cuando la rectora de la&nbsp;<strong>m\u00e1xima<\/strong>&nbsp;<strong>casa de estudios poblana y personal acad\u00e9mico y administrativo reinaugur\u00f3 San Jer\u00f3nimo<\/strong>, donde se\u00f1al\u00f3 que \u00e9ste ser\u00e1 un edificio anexo a la&nbsp;<strong>Facultad de Psicolog\u00eda,<\/strong>&nbsp;donde se seguir\u00e1n realizando actividades acad\u00e9micas, as\u00ed como \u201c<strong>trabajando en aras<\/strong>\u201d de dicha unidad.<\/p>\n\n\n\n<p>Asimismo, explic\u00f3 que en este inmueble se brindar\u00e1 apoyo psicol\u00f3gico en&nbsp;<strong>favor de la salud emocional de las personas tras la contingencia por el Covid-19<\/strong>, lo cual se sumar\u00e1 al trabajo realizado en el pr\u00f3ximo&nbsp;<a href=\"https:\/\/www.angulo7.com.mx\/2022\/05\/24\/cedillo-coloca-primera-piedra-del-centro-de-apoyo-emocional\/\" target=\"_blank\" rel=\"noreferrer noopener\">Centro de Apoyo Emocional y Terapia Ocupacional<\/a>, que se&nbsp;<strong>construir\u00e1 en Ciudad Universitaria<\/strong>, espacio que contar\u00e1 con terapia asistida con animales.<\/p>\n\n\n\n<p>Cabe mencionar que, tras el\u00a0<strong>sismo de 7.1 grados el pasado 19 de septiembre de 2017<\/strong>, San Jer\u00f3nimo cerr\u00f3 sus puertas debido a fuertes afectaciones, por lo que estudiantes que en ese entonces cursaban la licenciatura\u00a0<strong>fueron reubicados temporalmente en los edificios multiaulas de Ciudad Universitaria.<\/strong><\/p>\n\n\n\n<p>Finalmente, en agosto de 2018, la&nbsp;<a href=\"https:\/\/www.angulo7.com.mx\/2018\/08\/20\/inauguran-nueva-sede-de-facultad-de-psicologia-de-la-buap-en-ch\/\" target=\"_blank\" rel=\"noreferrer noopener\">facultad fue reubicada de manera permanente en el edificio Silos<\/a><strong>, en la avenida 3 Oriente, n\u00famero 1413 en Puebla capital<\/strong>, el cual cuenta con cuatro niveles, terraza, 25 aulas, sala de c\u00f3mputo, biblioteca, cafeter\u00eda, enfermer\u00eda, \u00e1reas administrativas y de servicios, as\u00ed como un&nbsp;<strong>elevador panor\u00e1mico.<\/strong><\/p>\n\n\n\n<p><strong>Editado por: GDLRP<\/strong><\/p>\n\n\n\n<p><strong>R: DJ<\/strong><\/p>\n\n\n\n<p>Fuente: https:\/\/www.angulo7.com.mx\/2022\/05\/25\/reabre-edificio-de-san-jeronimo-de-buap-sera-para-posgrados\/<\/p>\n","protected":false},"excerpt":{"rendered":"<p>GUADALUPE DE LA ROSA PRIEGO \/ \u00c1NGULO 7 La&nbsp;rectora de la BUAP, Lilia Cedillo Ram\u00edrez, reinaugur\u00f3 el edificio de&nbsp;San Jer\u00f3nimo, [&hellip;]<\/p>\n","protected":false},"author":1,"featured_media":28536,"comment_status":"open","ping_status":"open","sticky":false,"template":"","format":"standard","meta":{"site-sidebar-layout":"default","site-content-layout":"","ast-site-content-layout":"default","site-content-style":"default","site-sidebar-style":"default","ast-global-header-display":"","ast-banner-title-visibility":"","ast-main-header-display":"","ast-hfb-above-header-display":"","ast-hfb-below-header-display":"","ast-hfb-mobile-header-display":"","site-post-title":"","ast-breadcrumbs-content":"","ast-featured-img":"","footer-sml-layout":"","theme-transparent-header-meta":"","adv-header-id-meta":"","stick-header-meta":"","header-above-stick-meta":"","header-main-stick-meta":"","header-below-stick-meta":"","astra-migrate-meta-layouts":"default","ast-page-background-enabled":"default","ast-page-background-meta":{"desktop":{"background-color":"var(--ast-global-color-4)","background-image":"","background-repeat":"repeat","background-position":"center center","background-size":"auto","background-attachment":"scroll","background-type":"","background-media":"","overlay-type":"","overlay-color":"","overlay-opacity":"","overlay-gradient":""},"tablet":{"background-color":"","background-image":"","background-repeat":"repeat","background-position":"center center","background-size":"auto","background-attachment":"scroll","background-type":"","background-media":"","overlay-type":"","overlay-color":"","overlay-opacity":"","overlay-gradient":""},"mobile":{"background-color":"","background-image":"","background-repeat":"repeat","background-position":"center center","background-size":"auto","background-attachment":"scroll","background-type":"","background-media":"","overlay-type":"","overlay-color":"","overlay-opacity":"","overlay-gradient":""}},"ast-content-background-meta":{"desktop":{"background-color":"var(--ast-global-color-5)","background-image":"","background-repeat":"repeat","background-position":"center center","background-size":"auto","background-attachment":"scroll","background-type":"","background-media":"","overlay-type":"","overlay-color":"","overlay-opacity":"","overlay-gradient":""},"tablet":{"background-color":"var(--ast-global-color-5)","background-image":"","background-repeat":"repeat","background-position":"center center","background-size":"auto","background-attachment":"scroll","background-type":"","background-media":"","overlay-type":"","overlay-color":"","overlay-opacity":"","overlay-gradient":""},"mobile":{"background-color":"var(--ast-global-color-5)","background-image":"","background-repeat":"repeat","background-position":"center center","background-size":"auto","background-attachment":"scroll","background-type":"","background-media":"","overlay-type":"","overlay-color":"","overlay-opacity":"","overlay-gradient":""}},"footnotes":""},"categories":[8],"tags":[2376,3660,10390],"class_list":["post-28535","post","type-post","status-publish","format-standard","has-post-thumbnail","hentry","category-noticias","tag-buap","tag-lilia-cedillo","tag-san-jeronimo"],"_links":{"self":[{"href":"https:\/\/losperiodistas.com.mx\/portal\/wp-json\/wp\/v2\/posts\/28535","targetHints":{"allow":["GET"]}}],"collection":[{"href":"https:\/\/losperiodistas.com.mx\/portal\/wp-json\/wp\/v2\/posts"}],"about":[{"href":"https:\/\/losperiodistas.com.mx\/portal\/wp-json\/wp\/v2\/types\/post"}],"author":[{"embeddable":true,"href":"https:\/\/losperiodistas.com.mx\/portal\/wp-json\/wp\/v2\/users\/1"}],"replies":[{"embeddable":true,"href":"https:\/\/losperiodistas.com.mx\/portal\/wp-json\/wp\/v2\/comments?post=28535"}],"version-history":[{"count":1,"href":"https:\/\/losperiodistas.com.mx\/portal\/wp-json\/wp\/v2\/posts\/28535\/revisions"}],"predecessor-version":[{"id":28537,"href":"https:\/\/losperiodistas.com.mx\/portal\/wp-json\/wp\/v2\/posts\/28535\/revisions\/28537"}],"wp:featuredmedia":[{"embeddable":true,"href":"https:\/\/losperiodistas.com.mx\/portal\/wp-json\/wp\/v2\/media\/28536"}],"wp:attachment":[{"href":"https:\/\/losperiodistas.com.mx\/portal\/wp-json\/wp\/v2\/media?parent=28535"}],"wp:term":[{"taxonomy":"category","embeddable":true,"href":"https:\/\/losperiodistas.com.mx\/portal\/wp-json\/wp\/v2\/categories?post=28535"},{"taxonomy":"post_tag","embeddable":true,"href":"https:\/\/losperiodistas.com.mx\/portal\/wp-json\/wp\/v2\/tags?post=28535"}],"curies":[{"name":"wp","href":"https:\/\/api.w.org\/{rel}","templated":true}]}}